{"id":9955,"date":"2024-09-20T01:22:45","date_gmt":"2024-09-20T04:22:45","guid":{"rendered":"https:\/\/horapicodigital.com.ar\/?p=9955"},"modified":"2024-09-20T01:22:51","modified_gmt":"2024-09-20T04:22:51","slug":"el-lunes-inicia-la-vacunacion-contra-el-dengue-en-jujuy","status":"publish","type":"post","link":"https:\/\/horapicodigital.com.ar\/index.php\/2024\/09\/20\/el-lunes-inicia-la-vacunacion-contra-el-dengue-en-jujuy\/","title":{"rendered":"El lunes inicia la vacunaci\u00f3n contra el dengue en Jujuy"},"content":{"rendered":"\n<p class=\"wp-block-paragraph\">Una de las preocupaciones que existe en\u00a0Argentina\u00a0es la\u00a0propagaci\u00f3n de la infecci\u00f3n viral del dengue\u00a0a trav\u00e9s del mosquito hembra infectado por\u00a0Aedes Aegypti.\u00a0Desde Naci\u00f3n presentaron el\u00a0Plan Estrat\u00e9gico para la prevenci\u00f3n del dengue, donde distribuir\u00e1n vacunas a provincias, entre ellas Jujuy.<\/p>\n\n\n\n<p class=\"wp-block-paragraph\">En ese marco, el Ministerio de Salud inform\u00f3 que el pr\u00f3ximo lunes 23 de septiembre iniciar\u00e1 la vacunaci\u00f3n en Jujuy.\u00a0La primera etapa de la campa\u00f1a est\u00e1 destinada a adolescentes de 15 a 19 a\u00f1os que residan en los departamentos Santa B\u00e1rbara, Ledesma, San Pedro y El Carmen.<\/p>\n\n\n\n<p class=\"wp-block-paragraph\">D\u00f3nde vacunar\u00e1n<\/p>\n\n\n\n<p class=\"wp-block-paragraph\">-Puestos m\u00f3viles de vacunaci\u00f3n: eventos masivos y cl\u00ednicas juveniles.<\/p>\n\n\n\n<p class=\"wp-block-paragraph\">-Vacunaci\u00f3n domiciliaria casa por casa.<\/p>\n\n\n\n<p class=\"wp-block-paragraph\">-Centros de salud y hospitales.<\/p>\n\n\n\n<p class=\"wp-block-paragraph\">-Entidades deportivas, culturales y establecimientos de nivel medio.<\/p>\n\n\n\n<figure class=\"wp-block-image\"><img decoding=\"async\" src=\"https:\/\/media.todojujuy.com\/p\/9dbbd0945734ab9e8aac04cadb436766\/adjuntos\/227\/imagenes\/003\/367\/0003367858\/770x0\/smart\/460624966_856765966557943_8387584260168213963_njpg.jpg\" alt=\"\" title=\"\"\/><\/figure>\n\n\n\n<h2 class=\"wp-block-heading\">20.000 dosis contra el dengue en Jujuy<\/h2>\n\n\n\n<p class=\"wp-block-paragraph\">En di\u00e1logo con el\u00a0ministro de Salud de la provincia, Gustavo Bohuid,\u00a0confirm\u00f3 que\u00a0llegar\u00e1n 20.000 dosis de vacunas\u00a0contra el Aedes Aegypti que ser\u00e1n distribuidas a puntos espec\u00edficos de la provincia, para personas que tengan\u00a0entre 15 y 19 a\u00f1os de edad.\u00a0Las zonas de Jujuy en recibir las dosis ser\u00e1n las que tuvieron mayor cantidad de casos en el \u00faltimo tiempo.<\/p>\n\n\n\n<p class=\"wp-block-paragraph\">A nivel nacional, a partir de este mi\u00e9rcoles comenzar\u00e1 la\u00a0distribuci\u00f3n en las distintas jurisdicciones de las 160.000 dosis de la vacuna contra el dengue, que fueron adquiridas por Naci\u00f3n, y que\u00a0llegar\u00e1n entre el 18 y el 20 de septiembre a 48 departamentos de 11 provincias.<\/p>\n\n\n\n<h2 class=\"wp-block-heading\"><strong>Estrategia de vacunaci\u00f3n focalizada desde Naci\u00f3n<\/strong><\/h2>\n\n\n\n<p class=\"wp-block-paragraph\">Luego de contar con evidencia cient\u00edfica y atendiendo a las recomendaciones de la\u00a0Comisi\u00f3n Nacional de Inmunizaciones (CoNaIn),\u00a0se defini\u00f3 de forma conjunta con las jurisdicciones, una estrategia de vacunaci\u00f3n focalizada en zonas con mayor incidencia de casos en base a criterios de riesgo: epidemiol\u00f3gicos, geogr\u00e1ficos, socioecon\u00f3micos y de acceso efectivo a servicios de salud.<\/p>\n\n\n\n<p class=\"wp-block-paragraph\">La poblaci\u00f3n objetivo es el\u00a0grupo de personas de entre 15 a 39 a\u00f1os; iniciando en una primera etapa de vacunaci\u00f3n con la aplicaci\u00f3n en grupos de entre 15 a 19 a\u00f1os. De acuerdo con los criterios de priorizaci\u00f3n mencionados, y teniendo en cuenta las estrategias que definieron las jurisdicciones, el Gobierno nacional proveer\u00e1 vacunas a las provincias de\u00a0Catamarca, Chaco, C\u00f3rdoba, Entre R\u00edos, Formosa, Jujuy, La Rioja, Misiones, Salta, Santa Fe, y Santiago del Estero.<\/p>\n\n\n\n<h2 class=\"wp-block-heading\">\u00bfC\u00f3mo prevengo el dengue?<\/h2>\n\n\n\n<ul class=\"wp-block-list\">\n<li>\u2022 Elimin\u00e1 todos los criaderos del mosquito Aedes Aegypti que habita y se reproduce en el \u00e1mbito hogare\u00f1o<\/li>\n\n\n\n<li>\u2022 Realiz\u00e1 descacharrado todos los d\u00edas para descartar recipientes en desuso que puedan acumular agua donde el mosquito puede poner sus huevos: latas, botellas, neum\u00e1ticos, juguetes, chapas, piletines, tanques<\/li>\n\n\n\n<li>\u2022 Gir\u00e1 los objetos que se encuentran a la intemperie y que puedan acumular agua cuando llueve como baldes, palanganas, tambores, botellas<\/li>\n\n\n\n<li>\u2022 Cambi\u00e1 todos los d\u00edas el agua de bebederos de animales y reemplaz\u00e1 el agua de floreros por arena h\u00fameda<\/li>\n\n\n\n<li>\u2022 Limpi\u00e1 colectores de desag\u00fces de aire acondicionado y canaletas y tap\u00e1 los tanques y recipientes que se usan para recolectar agua<\/li>\n\n\n\n<li>\u2022 Desmalez\u00e1 terrenos, jardines y patios<\/li>\n<\/ul>\n","protected":false},"excerpt":{"rendered":"<p>Una de las preocupaciones que existe en\u00a0Argentina\u00a0es la\u00a0propagaci\u00f3n de la infecci\u00f3n viral del dengue\u00a0a trav\u00e9s del mosquito hembra infectado por\u00a0Aedes Aegypti.\u00a0Desde Naci\u00f3n presentaron el\u00a0Plan Estrat\u00e9gico para la prevenci\u00f3n del dengue, donde distribuir\u00e1n vacunas a provincias, entre ellas Jujuy. En ese marco, el Ministerio de Salud inform\u00f3 que el pr\u00f3ximo lunes 23 de septiembre iniciar\u00e1 la [&hellip;]<\/p>\n","protected":false},"author":6,"featured_media":1804,"comment_status":"open","ping_status":"open","sticky":false,"template":"","format":"standard","meta":{"_themeisle_gutenberg_block_has_review":false,"footnotes":""},"categories":[32,11],"tags":[102,58,14,1231],"class_list":["post-9955","post","type-post","status-publish","format-standard","has-post-thumbnail","hentry","category-locales","category-salud","tag-dengue","tag-jujuy","tag-salud","tag-vacuna"],"_links":{"self":[{"href":"https:\/\/horapicodigital.com.ar\/index.php\/wp-json\/wp\/v2\/posts\/9955","targetHints":{"allow":["GET"]}}],"collection":[{"href":"https:\/\/horapicodigital.com.ar\/index.php\/wp-json\/wp\/v2\/posts"}],"about":[{"href":"https:\/\/horapicodigital.com.ar\/index.php\/wp-json\/wp\/v2\/types\/post"}],"author":[{"embeddable":true,"href":"https:\/\/horapicodigital.com.ar\/index.php\/wp-json\/wp\/v2\/users\/6"}],"replies":[{"embeddable":true,"href":"https:\/\/horapicodigital.com.ar\/index.php\/wp-json\/wp\/v2\/comments?post=9955"}],"version-history":[{"count":1,"href":"https:\/\/horapicodigital.com.ar\/index.php\/wp-json\/wp\/v2\/posts\/9955\/revisions"}],"predecessor-version":[{"id":9956,"href":"https:\/\/horapicodigital.com.ar\/index.php\/wp-json\/wp\/v2\/posts\/9955\/revisions\/9956"}],"wp:featuredmedia":[{"embeddable":true,"href":"https:\/\/horapicodigital.com.ar\/index.php\/wp-json\/wp\/v2\/media\/1804"}],"wp:attachment":[{"href":"https:\/\/horapicodigital.com.ar\/index.php\/wp-json\/wp\/v2\/media?parent=9955"}],"wp:term":[{"taxonomy":"category","embeddable":true,"href":"https:\/\/horapicodigital.com.ar\/index.php\/wp-json\/wp\/v2\/categories?post=9955"},{"taxonomy":"post_tag","embeddable":true,"href":"https:\/\/horapicodigital.com.ar\/index.php\/wp-json\/wp\/v2\/tags?post=9955"}],"curies":[{"name":"wp","href":"https:\/\/api.w.org\/{rel}","templated":true}]}}