{"id":9909,"date":"2024-09-18T02:47:22","date_gmt":"2024-09-18T05:47:22","guid":{"rendered":"https:\/\/horapicodigital.com.ar\/?p=9909"},"modified":"2024-09-18T02:47:29","modified_gmt":"2024-09-18T05:47:29","slug":"ate-anuncio-un-paro-de-controladores-aereos-para-este-jueves-27-aeropuertos-afectados","status":"publish","type":"post","link":"https:\/\/horapicodigital.com.ar\/index.php\/2024\/09\/18\/ate-anuncio-un-paro-de-controladores-aereos-para-este-jueves-27-aeropuertos-afectados\/","title":{"rendered":"ATE anunci\u00f3 un paro de controladores a\u00e9reos para este jueves: 27 aeropuertos afectados"},"content":{"rendered":"\n<p>La Asociaci\u00f3n Trabajadores del Estado anunci\u00f3 para este jueves un\u00a0paro de controladores a\u00e9reos\u00a0de la Administraci\u00f3n Nacional de Aviaci\u00f3n Civil (ANAC) \u201cen reclamo por la preocupante situaci\u00f3n salarial en el sector y en rechazo a los despidos\u201d.\u00a0Afectar\u00e1 a 27 aeropuertos de todo el pa\u00eds.<\/p>\n\n\n\n<p>En este sentido Rodolfo Aguiar, secretario general de ATE Nacional, critic\u00f3 duramente las pol\u00edticas del Gobierno:\u00a0<em>\u201cDejen de echarle la culpa a los trabajadores por los vuelos que se cancelan. La paralizaci\u00f3n de las actividades es exclusiva responsabilidad del Gobierno nacional\u201d<\/em>. Aguiar tambi\u00e9n a\u00f1adi\u00f3 que con\u00a0<em>\u201cdespidos, congelamiento de salarios y desinversi\u00f3n presupuestaria\u201d<\/em>, se est\u00e1 intentando<em>\u00a0\u201crematar todo el patrimonio nacional\u201d<\/em>.<\/p>\n\n\n\n<figure class=\"wp-block-image\"><img decoding=\"async\" src=\"https:\/\/media.todojujuy.com\/p\/7d707683206dd655589bb367690e27e6\/adjuntos\/227\/imagenes\/003\/367\/0003367464\/770x0\/smart\/atejpg.jpg\" alt=\"\" title=\"\"\/><\/figure>\n\n\n\n<p>Entre el viernes y el s\u00e1bado pasados provoc\u00f3 p\u00e9rdidas millonarias en Aerol\u00edneas Argentinas,\u00a0m\u00e1s de 37 mil pasajeros afectados y la paralizaci\u00f3n total de la actividad en Aeroparque y en el Aeropuerto de Ezeiza.<\/p>\n\n\n\n<h2 class=\"wp-block-heading\">Asambleas este jueves en medio del paro<\/h2>\n\n\n\n<p>La\u00a0Asociaci\u00f3n de Pilotos de L\u00edneas A\u00e9reas (APLA)\u00a0y la\u00a0Asociaci\u00f3n Argentina de Aeronavegantes (AAA)\u00a0realizar\u00e1n el jueves a la tarde, por separado,\u00a0asambleas de trabajadores\u00a0para resolver si continuar\u00e1n con las medidas de fuerza:\u00a0\u201cVamos a seguir protestando porque no nos dejan otra alternativa;\u00a0el Gobierno no quiere negociar, no nos hace ninguna oferta y apuntan a cerrar la empresa\u201d, afirm\u00f3 a\u00a0Infobae\u00a0un importante dirigente gremial del sector aeron\u00e1utico.<\/p>\n\n\n\n<p>El agravamiento del conflicto tiene otros componentes como la decisi\u00f3n del Gobierno de aplicar el decreto de Javier Milei que declar\u00f3 oficialmente como\u00a0servicio esencial\u00a0a la aeron\u00e1utica civil y comercial y, por lo tanto, obliga a los sindicatos a\u00a0avisar cualquier medida de fuerza con 5 d\u00edas de anticipaci\u00f3n\u00a0y a garantizar\u00a0servicios m\u00ednimos del 50%\u00a0para no ser considerada ilegal.<\/p>\n","protected":false},"excerpt":{"rendered":"<p>La Asociaci\u00f3n Trabajadores del Estado anunci\u00f3 para este jueves un\u00a0paro de controladores a\u00e9reos\u00a0de la Administraci\u00f3n Nacional de Aviaci\u00f3n Civil (ANAC) \u201cen reclamo por la preocupante situaci\u00f3n salarial en el sector y en rechazo a los despidos\u201d.\u00a0Afectar\u00e1 a 27 aeropuertos de todo el pa\u00eds. En este sentido Rodolfo Aguiar, secretario general de ATE Nacional, critic\u00f3 duramente [&hellip;]<\/p>\n","protected":false},"author":6,"featured_media":9913,"comment_status":"open","ping_status":"open","sticky":false,"template":"","format":"standard","meta":{"_themeisle_gutenberg_block_has_review":false,"footnotes":""},"categories":[4,35],"tags":[2569,85,412],"class_list":["post-9909","post","type-post","status-publish","format-standard","has-post-thumbnail","hentry","category-noticias","category-pais","tag-ate","tag-pais","tag-paro"],"_links":{"self":[{"href":"https:\/\/horapicodigital.com.ar\/index.php\/wp-json\/wp\/v2\/posts\/9909","targetHints":{"allow":["GET"]}}],"collection":[{"href":"https:\/\/horapicodigital.com.ar\/index.php\/wp-json\/wp\/v2\/posts"}],"about":[{"href":"https:\/\/horapicodigital.com.ar\/index.php\/wp-json\/wp\/v2\/types\/post"}],"author":[{"embeddable":true,"href":"https:\/\/horapicodigital.com.ar\/index.php\/wp-json\/wp\/v2\/users\/6"}],"replies":[{"embeddable":true,"href":"https:\/\/horapicodigital.com.ar\/index.php\/wp-json\/wp\/v2\/comments?post=9909"}],"version-history":[{"count":1,"href":"https:\/\/horapicodigital.com.ar\/index.php\/wp-json\/wp\/v2\/posts\/9909\/revisions"}],"predecessor-version":[{"id":9914,"href":"https:\/\/horapicodigital.com.ar\/index.php\/wp-json\/wp\/v2\/posts\/9909\/revisions\/9914"}],"wp:featuredmedia":[{"embeddable":true,"href":"https:\/\/horapicodigital.com.ar\/index.php\/wp-json\/wp\/v2\/media\/9913"}],"wp:attachment":[{"href":"https:\/\/horapicodigital.com.ar\/index.php\/wp-json\/wp\/v2\/media?parent=9909"}],"wp:term":[{"taxonomy":"category","embeddable":true,"href":"https:\/\/horapicodigital.com.ar\/index.php\/wp-json\/wp\/v2\/categories?post=9909"},{"taxonomy":"post_tag","embeddable":true,"href":"https:\/\/horapicodigital.com.ar\/index.php\/wp-json\/wp\/v2\/tags?post=9909"}],"curies":[{"name":"wp","href":"https:\/\/api.w.org\/{rel}","templated":true}]}}