{"id":9804,"date":"2024-09-11T01:16:22","date_gmt":"2024-09-11T04:16:22","guid":{"rendered":"https:\/\/horapicodigital.com.ar\/?p=9804"},"modified":"2024-09-11T01:16:29","modified_gmt":"2024-09-11T04:16:29","slug":"el-gobierno-intimo-nuevamente-a-la-uta-por-paro-de-transporte","status":"publish","type":"post","link":"https:\/\/horapicodigital.com.ar\/index.php\/2024\/09\/11\/el-gobierno-intimo-nuevamente-a-la-uta-por-paro-de-transporte\/","title":{"rendered":"El GOBIERNO INTIM\u00d3 NUEVAMENTE A LA UTA POR PARO DE TRANSPORTE"},"content":{"rendered":"\n<p>La Secretar\u00eda de Trabajo, intim\u00f3 nuevamente a la UTA a que deje sin efecto toda medida de acci\u00f3n directa y que los trabajadores se presenten, brindando el servicio de transporte urbano de manera normal y habitual durante los d\u00edas que dure la conciliaci\u00f3n obligatoria, planteo que fue rechazado por el gremio.<\/p>\n\n\n\n<p>Luego de retomar en la jornada una nueva audiencia de conciliaci\u00f3n obligatoria en forma virtual, estando presente empresarios, gremios y la C\u00e1mara del Transporte, no se pudo llegar a un acuerdo y se resolvi\u00f3 pasar a un cuarto intermedio para el d\u00eda viernes 13 a las 15 horas en forma virtual, con el objetivo de superar el conflicto.<\/p>\n\n\n\n<p>El director provincial de Trabajo, Carlos Coronel, coment\u00f3 que en la audiencia, si bien se hablaron temas salariales, existi\u00f3 un pedido para que el gremio levante las medidas de fuerza, no solo del Gobierno, sino tambi\u00e9n de la C\u00e1mara del Transporte y continuar con el di\u00e1logo permanente, pero el gremio rechaz\u00f3 tal requerimiento y decidi\u00f3 continuar con el paro.<br>Coronel, manifest\u00f3 que se espera una propuesta superadora el pr\u00f3ximo viernes y as\u00ed resolver el conflicto.<\/p>\n","protected":false},"excerpt":{"rendered":"<p>La Secretar\u00eda de Trabajo, intim\u00f3 nuevamente a la UTA a que deje sin efecto toda medida de acci\u00f3n directa y que los trabajadores se presenten, brindando el servicio de transporte urbano de manera normal y habitual durante los d\u00edas que dure la conciliaci\u00f3n obligatoria, planteo que fue rechazado por el gremio. Luego de retomar en [&hellip;]<\/p>\n","protected":false},"author":6,"featured_media":1918,"comment_status":"open","ping_status":"open","sticky":false,"template":"","format":"standard","meta":{"_themeisle_gutenberg_block_has_review":false,"footnotes":""},"categories":[32],"tags":[58,412,147],"class_list":["post-9804","post","type-post","status-publish","format-standard","has-post-thumbnail","hentry","category-locales","tag-jujuy","tag-paro","tag-uta"],"_links":{"self":[{"href":"https:\/\/horapicodigital.com.ar\/index.php\/wp-json\/wp\/v2\/posts\/9804","targetHints":{"allow":["GET"]}}],"collection":[{"href":"https:\/\/horapicodigital.com.ar\/index.php\/wp-json\/wp\/v2\/posts"}],"about":[{"href":"https:\/\/horapicodigital.com.ar\/index.php\/wp-json\/wp\/v2\/types\/post"}],"author":[{"embeddable":true,"href":"https:\/\/horapicodigital.com.ar\/index.php\/wp-json\/wp\/v2\/users\/6"}],"replies":[{"embeddable":true,"href":"https:\/\/horapicodigital.com.ar\/index.php\/wp-json\/wp\/v2\/comments?post=9804"}],"version-history":[{"count":1,"href":"https:\/\/horapicodigital.com.ar\/index.php\/wp-json\/wp\/v2\/posts\/9804\/revisions"}],"predecessor-version":[{"id":9805,"href":"https:\/\/horapicodigital.com.ar\/index.php\/wp-json\/wp\/v2\/posts\/9804\/revisions\/9805"}],"wp:featuredmedia":[{"embeddable":true,"href":"https:\/\/horapicodigital.com.ar\/index.php\/wp-json\/wp\/v2\/media\/1918"}],"wp:attachment":[{"href":"https:\/\/horapicodigital.com.ar\/index.php\/wp-json\/wp\/v2\/media?parent=9804"}],"wp:term":[{"taxonomy":"category","embeddable":true,"href":"https:\/\/horapicodigital.com.ar\/index.php\/wp-json\/wp\/v2\/categories?post=9804"},{"taxonomy":"post_tag","embeddable":true,"href":"https:\/\/horapicodigital.com.ar\/index.php\/wp-json\/wp\/v2\/tags?post=9804"}],"curies":[{"name":"wp","href":"https:\/\/api.w.org\/{rel}","templated":true}]}}