{"id":9802,"date":"2024-09-11T01:13:13","date_gmt":"2024-09-11T04:13:13","guid":{"rendered":"https:\/\/horapicodigital.com.ar\/?p=9802"},"modified":"2024-09-11T01:13:19","modified_gmt":"2024-09-11T04:13:19","slug":"continua-el-paro-de-transporte-urbano-de-pasajeros","status":"publish","type":"post","link":"https:\/\/horapicodigital.com.ar\/index.php\/2024\/09\/11\/continua-el-paro-de-transporte-urbano-de-pasajeros\/","title":{"rendered":"CONTINUA EL PARO DE TRANSPORTE URBANO DE PASAJEROS"},"content":{"rendered":"\n<p>La UTA rechaz\u00f3 la propuesta de los empresarios y ante la falta de acuerdo en la reuni\u00f3n que se realiz\u00f3 este martes no habr\u00e1 transporte de pasajeros en las l\u00edneas urbanas.<\/p>\n\n\n\n<p>La misma se hizo a las 15 en forma virtual, se acord\u00f3 otro cuarto intermedio hasta el viernes pr\u00f3ximo en el mismo horario y la misma modalidad.<\/p>\n\n\n\n<p>Esto se conoci\u00f3 extraoficialmente, se espera conocer m\u00e1s detalles de este encuentro entre el Gobierno pertenecientes a la Secretar\u00eda de Trabajo, gremialistas y los empresarios del transporte de pasajeros.<\/p>\n\n\n\n<p>Acordaron que el encuentro del viernes va a ser en la misma modalidad de la que se viene realizando.<\/p>\n","protected":false},"excerpt":{"rendered":"<p>La UTA rechaz\u00f3 la propuesta de los empresarios y ante la falta de acuerdo en la reuni\u00f3n que se realiz\u00f3 este martes no habr\u00e1 transporte de pasajeros en las l\u00edneas urbanas. La misma se hizo a las 15 en forma virtual, se acord\u00f3 otro cuarto intermedio hasta el viernes pr\u00f3ximo en el mismo horario y [&hellip;]<\/p>\n","protected":false},"author":6,"featured_media":6691,"comment_status":"open","ping_status":"open","sticky":false,"template":"","format":"standard","meta":{"_themeisle_gutenberg_block_has_review":false,"footnotes":""},"categories":[32,4],"tags":[892,58,412],"class_list":["post-9802","post","type-post","status-publish","format-standard","has-post-thumbnail","hentry","category-locales","category-noticias","tag-colectivo","tag-jujuy","tag-paro"],"_links":{"self":[{"href":"https:\/\/horapicodigital.com.ar\/index.php\/wp-json\/wp\/v2\/posts\/9802","targetHints":{"allow":["GET"]}}],"collection":[{"href":"https:\/\/horapicodigital.com.ar\/index.php\/wp-json\/wp\/v2\/posts"}],"about":[{"href":"https:\/\/horapicodigital.com.ar\/index.php\/wp-json\/wp\/v2\/types\/post"}],"author":[{"embeddable":true,"href":"https:\/\/horapicodigital.com.ar\/index.php\/wp-json\/wp\/v2\/users\/6"}],"replies":[{"embeddable":true,"href":"https:\/\/horapicodigital.com.ar\/index.php\/wp-json\/wp\/v2\/comments?post=9802"}],"version-history":[{"count":1,"href":"https:\/\/horapicodigital.com.ar\/index.php\/wp-json\/wp\/v2\/posts\/9802\/revisions"}],"predecessor-version":[{"id":9803,"href":"https:\/\/horapicodigital.com.ar\/index.php\/wp-json\/wp\/v2\/posts\/9802\/revisions\/9803"}],"wp:featuredmedia":[{"embeddable":true,"href":"https:\/\/horapicodigital.com.ar\/index.php\/wp-json\/wp\/v2\/media\/6691"}],"wp:attachment":[{"href":"https:\/\/horapicodigital.com.ar\/index.php\/wp-json\/wp\/v2\/media?parent=9802"}],"wp:term":[{"taxonomy":"category","embeddable":true,"href":"https:\/\/horapicodigital.com.ar\/index.php\/wp-json\/wp\/v2\/categories?post=9802"},{"taxonomy":"post_tag","embeddable":true,"href":"https:\/\/horapicodigital.com.ar\/index.php\/wp-json\/wp\/v2\/tags?post=9802"}],"curies":[{"name":"wp","href":"https:\/\/api.w.org\/{rel}","templated":true}]}}