{"id":9792,"date":"2024-09-11T00:58:29","date_gmt":"2024-09-11T03:58:29","guid":{"rendered":"https:\/\/horapicodigital.com.ar\/?p=9792"},"modified":"2024-09-11T00:58:35","modified_gmt":"2024-09-11T03:58:35","slug":"docentes-universitarios-convocaron-a-un-paro-para-el-11-y-12-de-septiembre","status":"publish","type":"post","link":"https:\/\/horapicodigital.com.ar\/index.php\/2024\/09\/11\/docentes-universitarios-convocaron-a-un-paro-para-el-11-y-12-de-septiembre\/","title":{"rendered":"Docentes universitarios convocaron a un paro para el 11 y 12 de septiembre"},"content":{"rendered":"\n<p>Desde la CONADU Hist\u00f3rica, anunciaron un nuevo paro nacional por 48 horas para la docencia universitaria sin asistencia a los lugares de trabajo, para los d\u00edas 11 y 12 de septiembre.<\/p>\n\n\n\n<p>La medida de fuerza se da en rechazo al veto de la Movilidad Jubilatoria que se tratar\u00e1 el mi\u00e9rcoles en la C\u00e1mara de Diputados de la Naci\u00f3n. y en apoyo a la aprobaci\u00f3n de la Ley de Financiamiento Universitario que se tratar\u00e1 el jueves en la C\u00e1mara de Senadores.<\/p>\n\n\n\n<p>En el comunicado indicaron que tanto CONADU-H, como las asociaciones de base de todo el pa\u00eds, se mantienen en alerta -para coordinar las acciones necesarias- ante el ya anunciado veto presidencial a esta legislaci\u00f3n que permitir\u00eda salir del ahogo salarial y fija un piso de soluci\u00f3n a la grave situaci\u00f3n presupuestaria que atraviesa la universidad p\u00fablica y sus trabajadores.<\/p>\n\n\n\n<p>Cabe se\u00f1alar que en Jujuy los d\u00edas del paro se llevar\u00e1n a cabo actividades de visibilizaci\u00f3n, el mi\u00e9rcoles habr\u00e1 una volanteada en la Facultad de Humanidades, Agrarias, Ingenier\u00eda y Escuela de Minas, la concentraci\u00f3n ser\u00e1 a las 9 Facultad de Cs. Agrarias y a las 16 en la de Humanidades.<\/p>\n\n\n\n<p>En tanto, el jueves ser\u00e1 la volanteada en la Facultad de Ciencias Econ\u00f3micas, se concentrar\u00e1n a las 10 y posteriormente realizar\u00e1n un cartelazo en Lavalle y Belgrano, a las 12, y se concentrar\u00e1n Necochea 270 \u2013 Planta baja.<\/p>\n","protected":false},"excerpt":{"rendered":"<p>Desde la CONADU Hist\u00f3rica, anunciaron un nuevo paro nacional por 48 horas para la docencia universitaria sin asistencia a los lugares de trabajo, para los d\u00edas 11 y 12 de septiembre. La medida de fuerza se da en rechazo al veto de la Movilidad Jubilatoria que se tratar\u00e1 el mi\u00e9rcoles en la C\u00e1mara de Diputados [&hellip;]<\/p>\n","protected":false},"author":6,"featured_media":9793,"comment_status":"open","ping_status":"open","sticky":false,"template":"","format":"standard","meta":{"_themeisle_gutenberg_block_has_review":false,"footnotes":""},"categories":[81,32],"tags":[58,412,2550],"class_list":["post-9792","post","type-post","status-publish","format-standard","has-post-thumbnail","hentry","category-general","category-locales","tag-jujuy","tag-paro","tag-universitario"],"_links":{"self":[{"href":"https:\/\/horapicodigital.com.ar\/index.php\/wp-json\/wp\/v2\/posts\/9792","targetHints":{"allow":["GET"]}}],"collection":[{"href":"https:\/\/horapicodigital.com.ar\/index.php\/wp-json\/wp\/v2\/posts"}],"about":[{"href":"https:\/\/horapicodigital.com.ar\/index.php\/wp-json\/wp\/v2\/types\/post"}],"author":[{"embeddable":true,"href":"https:\/\/horapicodigital.com.ar\/index.php\/wp-json\/wp\/v2\/users\/6"}],"replies":[{"embeddable":true,"href":"https:\/\/horapicodigital.com.ar\/index.php\/wp-json\/wp\/v2\/comments?post=9792"}],"version-history":[{"count":1,"href":"https:\/\/horapicodigital.com.ar\/index.php\/wp-json\/wp\/v2\/posts\/9792\/revisions"}],"predecessor-version":[{"id":9794,"href":"https:\/\/horapicodigital.com.ar\/index.php\/wp-json\/wp\/v2\/posts\/9792\/revisions\/9794"}],"wp:featuredmedia":[{"embeddable":true,"href":"https:\/\/horapicodigital.com.ar\/index.php\/wp-json\/wp\/v2\/media\/9793"}],"wp:attachment":[{"href":"https:\/\/horapicodigital.com.ar\/index.php\/wp-json\/wp\/v2\/media?parent=9792"}],"wp:term":[{"taxonomy":"category","embeddable":true,"href":"https:\/\/horapicodigital.com.ar\/index.php\/wp-json\/wp\/v2\/categories?post=9792"},{"taxonomy":"post_tag","embeddable":true,"href":"https:\/\/horapicodigital.com.ar\/index.php\/wp-json\/wp\/v2\/tags?post=9792"}],"curies":[{"name":"wp","href":"https:\/\/api.w.org\/{rel}","templated":true}]}}