{"id":9784,"date":"2024-09-10T00:35:10","date_gmt":"2024-09-10T03:35:10","guid":{"rendered":"https:\/\/horapicodigital.com.ar\/?p=9784"},"modified":"2024-09-10T00:35:16","modified_gmt":"2024-09-10T03:35:16","slug":"sin-solucion-en-el-conflicto-del-trasporte-en-jujuy-y-sigue-el-paro","status":"publish","type":"post","link":"https:\/\/horapicodigital.com.ar\/index.php\/2024\/09\/10\/sin-solucion-en-el-conflicto-del-trasporte-en-jujuy-y-sigue-el-paro\/","title":{"rendered":"SIN SOLUCI\u00d3N EN EL CONFLICTO DEL TRASPORTE EN JUJUY Y SIGUE EL PARO"},"content":{"rendered":"\n<p>Por lo que la Uni\u00f3n Tranviarios Automotor seccional Jujuy habr\u00eda finalmente confirmado que la medida de fuerza continuar\u00e1 por tiempo indeterminado.<\/p>\n\n\n\n<p>Extraoficialmente se conoci\u00f3 que no hubo arreglo entre el gremio de la UTA, los empresarios del transporte y que seguir\u00e1 el paro por lo menos en las l\u00edneas urbanas de la Capital.<\/p>\n\n\n\n<p>Como estaba previsto por la conciliaci\u00f3n obligatoria dictada por el Ministerio de Trabajo y Empleo esta tarde a partir de las 15 horas tarde de hoy, el gremio se reuni\u00f3 con los empresarios y no pudieron llegar a un arreglo, por lo tanto la medida de fuerza seguir\u00e1 por tiempo indeterminado.<br>Tambi\u00e9n adelantaron que ma\u00f1ana martes 10, a las 15 habr\u00e1 otra audiencia pero ser\u00e1 de forma virtual.<\/p>\n","protected":false},"excerpt":{"rendered":"<p>Por lo que la Uni\u00f3n Tranviarios Automotor seccional Jujuy habr\u00eda finalmente confirmado que la medida de fuerza continuar\u00e1 por tiempo indeterminado. Extraoficialmente se conoci\u00f3 que no hubo arreglo entre el gremio de la UTA, los empresarios del transporte y que seguir\u00e1 el paro por lo menos en las l\u00edneas urbanas de la Capital. Como estaba [&hellip;]<\/p>\n","protected":false},"author":6,"featured_media":6713,"comment_status":"open","ping_status":"open","sticky":false,"template":"","format":"standard","meta":{"_themeisle_gutenberg_block_has_review":false,"footnotes":""},"categories":[32,4],"tags":[892,58,412],"class_list":["post-9784","post","type-post","status-publish","format-standard","has-post-thumbnail","hentry","category-locales","category-noticias","tag-colectivo","tag-jujuy","tag-paro"],"_links":{"self":[{"href":"https:\/\/horapicodigital.com.ar\/index.php\/wp-json\/wp\/v2\/posts\/9784","targetHints":{"allow":["GET"]}}],"collection":[{"href":"https:\/\/horapicodigital.com.ar\/index.php\/wp-json\/wp\/v2\/posts"}],"about":[{"href":"https:\/\/horapicodigital.com.ar\/index.php\/wp-json\/wp\/v2\/types\/post"}],"author":[{"embeddable":true,"href":"https:\/\/horapicodigital.com.ar\/index.php\/wp-json\/wp\/v2\/users\/6"}],"replies":[{"embeddable":true,"href":"https:\/\/horapicodigital.com.ar\/index.php\/wp-json\/wp\/v2\/comments?post=9784"}],"version-history":[{"count":1,"href":"https:\/\/horapicodigital.com.ar\/index.php\/wp-json\/wp\/v2\/posts\/9784\/revisions"}],"predecessor-version":[{"id":9785,"href":"https:\/\/horapicodigital.com.ar\/index.php\/wp-json\/wp\/v2\/posts\/9784\/revisions\/9785"}],"wp:featuredmedia":[{"embeddable":true,"href":"https:\/\/horapicodigital.com.ar\/index.php\/wp-json\/wp\/v2\/media\/6713"}],"wp:attachment":[{"href":"https:\/\/horapicodigital.com.ar\/index.php\/wp-json\/wp\/v2\/media?parent=9784"}],"wp:term":[{"taxonomy":"category","embeddable":true,"href":"https:\/\/horapicodigital.com.ar\/index.php\/wp-json\/wp\/v2\/categories?post=9784"},{"taxonomy":"post_tag","embeddable":true,"href":"https:\/\/horapicodigital.com.ar\/index.php\/wp-json\/wp\/v2\/tags?post=9784"}],"curies":[{"name":"wp","href":"https:\/\/api.w.org\/{rel}","templated":true}]}}