{"id":9749,"date":"2024-09-06T01:50:14","date_gmt":"2024-09-06T04:50:14","guid":{"rendered":"https:\/\/horapicodigital.com.ar\/?p=9749"},"modified":"2024-09-06T01:50:20","modified_gmt":"2024-09-06T04:50:20","slug":"confirman-la-realizacion-del-paro-de-manana-de-colectivos","status":"publish","type":"post","link":"https:\/\/horapicodigital.com.ar\/index.php\/2024\/09\/06\/confirman-la-realizacion-del-paro-de-manana-de-colectivos\/","title":{"rendered":"Confirman la realizaci\u00f3n del paro de ma\u00f1ana de colectivos"},"content":{"rendered":"\n<p>Desde la Uni\u00f3n Tranviarios Automotor rectificaron la medida de fuerza y se\u00f1alaron que a pesar de que surja una conciliaci\u00f3n obligatoria por parte del Gobierno de la provincia, seguir\u00e1n adelante con el paro, ya que hasta ahora no se obtuvo ning\u00fan resultado sobre el pedido de los choferes.<\/p>\n\n\n\n<p>Adem\u00e1s se conoci\u00f3 que esta tarde se realiz\u00f3 una asamblea de delegados de todas las l\u00edneas que prestan servicio en la provincia y resolvieron ratificar lo resuelto por el gremio de los choferes de colectivos.<\/p>\n\n\n\n<p>En cuanto a que se dicte la conciliaci\u00f3n obligatoria informaron que esto ya sucedi\u00f3 en otras oportunidades, pero que hasta el momento no se resolvieron las cuestiones de fondo, que son las deudas de los haberes del personal que se desempe\u00f1an en las empresas de transporte.<\/p>\n\n\n\n<p>Dijeron que ya pasaron m\u00e1s de cinco meses que est\u00e1n adeudando las diferencias salariales de marzo y abril; un no remunerativo de 390.000, diferencia de la nueva escala del mes de julio la cual ser\u00eda de 1.060.000 y el ultimo sueldo del mes de agosto por el mismo monto.<\/p>\n\n\n\n<p><a href=\"https:\/\/twitter.com\/intent\/tweet?url=https%3A%2F%2Flas24horasdejujuy.com.ar%2Fconfirman-la-realizacion-del-paro-de-manana-de-colectivos%2F&amp;text=Acabo%20de%20ver%20Confirman%20la%20realizaci%C3%B3n%20del%20paro%20de%20ma%C3%B1ana%20de%20colectivos%20-%20Haga%20clic%20ver%20tambi%C3%A9n%20%E2%98%9B%20\" target=\"_blank\" rel=\"noreferrer noopener\"><\/a><\/p>\n\n\n\n<p><a href=\"https:\/\/web.whatsapp.com\/send?text=Confirman%20la%20realizaci%C3%B3n%20del%20paro%20de%20ma%C3%B1ana%20de%20colectivos%20%E2%98%9B%20https%3A%2F%2Flas24horasdejujuy.com.ar%2Fconfirman-la-realizacion-del-paro-de-manana-de-colectivos%2F\" target=\"_blank\" rel=\"noreferrer noopener\"><\/a><\/p>\n\n\n\n<p><a href=\"https:\/\/www.facebook.com\/dialog\/send?app_id=140586622674265&amp;link=https%3A%2F%2Flas24horasdejujuy.com.ar%2Fconfirman-la-realizacion-del-paro-de-manana-de-colectivos%2F&amp;redirect_uri=https%3A%2F%2Flas24horasdejujuy.com.ar%2Fconfirman-la-realizacion-del-paro-de-manana-de-colectivos%2F\" target=\"_blank\" rel=\"noreferrer noopener\"><\/a><\/p>\n\n\n\n<p><a href=\"javascript:void(0);\"><\/a><\/p>\n","protected":false},"excerpt":{"rendered":"<p>Desde la Uni\u00f3n Tranviarios Automotor rectificaron la medida de fuerza y se\u00f1alaron que a pesar de que surja una conciliaci\u00f3n obligatoria por parte del Gobierno de la provincia, seguir\u00e1n adelante con el paro, ya que hasta ahora no se obtuvo ning\u00fan resultado sobre el pedido de los choferes. Adem\u00e1s se conoci\u00f3 que esta tarde se [&hellip;]<\/p>\n","protected":false},"author":6,"featured_media":6713,"comment_status":"open","ping_status":"open","sticky":false,"template":"","format":"standard","meta":{"_themeisle_gutenberg_block_has_review":false,"footnotes":""},"categories":[32,4],"tags":[58,412,260],"class_list":["post-9749","post","type-post","status-publish","format-standard","has-post-thumbnail","hentry","category-locales","category-noticias","tag-jujuy","tag-paro","tag-transporte"],"_links":{"self":[{"href":"https:\/\/horapicodigital.com.ar\/index.php\/wp-json\/wp\/v2\/posts\/9749","targetHints":{"allow":["GET"]}}],"collection":[{"href":"https:\/\/horapicodigital.com.ar\/index.php\/wp-json\/wp\/v2\/posts"}],"about":[{"href":"https:\/\/horapicodigital.com.ar\/index.php\/wp-json\/wp\/v2\/types\/post"}],"author":[{"embeddable":true,"href":"https:\/\/horapicodigital.com.ar\/index.php\/wp-json\/wp\/v2\/users\/6"}],"replies":[{"embeddable":true,"href":"https:\/\/horapicodigital.com.ar\/index.php\/wp-json\/wp\/v2\/comments?post=9749"}],"version-history":[{"count":1,"href":"https:\/\/horapicodigital.com.ar\/index.php\/wp-json\/wp\/v2\/posts\/9749\/revisions"}],"predecessor-version":[{"id":9750,"href":"https:\/\/horapicodigital.com.ar\/index.php\/wp-json\/wp\/v2\/posts\/9749\/revisions\/9750"}],"wp:featuredmedia":[{"embeddable":true,"href":"https:\/\/horapicodigital.com.ar\/index.php\/wp-json\/wp\/v2\/media\/6713"}],"wp:attachment":[{"href":"https:\/\/horapicodigital.com.ar\/index.php\/wp-json\/wp\/v2\/media?parent=9749"}],"wp:term":[{"taxonomy":"category","embeddable":true,"href":"https:\/\/horapicodigital.com.ar\/index.php\/wp-json\/wp\/v2\/categories?post=9749"},{"taxonomy":"post_tag","embeddable":true,"href":"https:\/\/horapicodigital.com.ar\/index.php\/wp-json\/wp\/v2\/tags?post=9749"}],"curies":[{"name":"wp","href":"https:\/\/api.w.org\/{rel}","templated":true}]}}