{"id":9744,"date":"2024-09-06T01:44:25","date_gmt":"2024-09-06T04:44:25","guid":{"rendered":"https:\/\/horapicodigital.com.ar\/?p=9744"},"modified":"2024-09-06T01:44:31","modified_gmt":"2024-09-06T04:44:31","slug":"velando-los-intereses-de-los-miles-de-usuarios-el-gobierno-dicto-la-conciliacion-obligatoria-en-el-conflicto-del-transporte-y-se-garantiza-el-servicio","status":"publish","type":"post","link":"https:\/\/horapicodigital.com.ar\/index.php\/2024\/09\/06\/velando-los-intereses-de-los-miles-de-usuarios-el-gobierno-dicto-la-conciliacion-obligatoria-en-el-conflicto-del-transporte-y-se-garantiza-el-servicio\/","title":{"rendered":"Velando los intereses de los miles de usuarios.\u00a0El Gobierno dict\u00f3 la conciliaci\u00f3n obligatoria en el conflicto del transporte y se garantiza el servicio"},"content":{"rendered":"\n<p>El Ministerio de Gobierno, Justicia, Derechos Humanos y Trabajo, resolvi\u00f3 abrir una instancia de conciliaci\u00f3n obligatoria en el conflicto del transporte p\u00fablico de pasajeros, convocando a una audiencia virtual para el lunes 9 de septiembre, a las 15 horas, a la Uni\u00f3n Tranviarios Automotor Jujuy (UTA) y a las empresas concesionarias, con el prop\u00f3sito de tratar temas de inter\u00e9s prioritario para el sector y garantizar la normalidad de las prestaciones.<\/p>\n\n\n\n<p>En este marco, el ministerio tambi\u00e9n exhort\u00f3 a las partes a privilegiar los espacios de di\u00e1logo superador, con miras a mantener la normalidad del servicio, el cual es esencial para varios miles de usuarios.<\/p>\n","protected":false},"excerpt":{"rendered":"<p>El Ministerio de Gobierno, Justicia, Derechos Humanos y Trabajo, resolvi\u00f3 abrir una instancia de conciliaci\u00f3n obligatoria en el conflicto del transporte p\u00fablico de pasajeros, convocando a una audiencia virtual para el lunes 9 de septiembre, a las 15 horas, a la Uni\u00f3n Tranviarios Automotor Jujuy (UTA) y a las empresas concesionarias, con el prop\u00f3sito de [&hellip;]<\/p>\n","protected":false},"author":6,"featured_media":7458,"comment_status":"open","ping_status":"open","sticky":false,"template":"","format":"standard","meta":{"_themeisle_gutenberg_block_has_review":false,"footnotes":""},"categories":[32,4],"tags":[58,412,260],"class_list":["post-9744","post","type-post","status-publish","format-standard","has-post-thumbnail","hentry","category-locales","category-noticias","tag-jujuy","tag-paro","tag-transporte"],"_links":{"self":[{"href":"https:\/\/horapicodigital.com.ar\/index.php\/wp-json\/wp\/v2\/posts\/9744","targetHints":{"allow":["GET"]}}],"collection":[{"href":"https:\/\/horapicodigital.com.ar\/index.php\/wp-json\/wp\/v2\/posts"}],"about":[{"href":"https:\/\/horapicodigital.com.ar\/index.php\/wp-json\/wp\/v2\/types\/post"}],"author":[{"embeddable":true,"href":"https:\/\/horapicodigital.com.ar\/index.php\/wp-json\/wp\/v2\/users\/6"}],"replies":[{"embeddable":true,"href":"https:\/\/horapicodigital.com.ar\/index.php\/wp-json\/wp\/v2\/comments?post=9744"}],"version-history":[{"count":1,"href":"https:\/\/horapicodigital.com.ar\/index.php\/wp-json\/wp\/v2\/posts\/9744\/revisions"}],"predecessor-version":[{"id":9745,"href":"https:\/\/horapicodigital.com.ar\/index.php\/wp-json\/wp\/v2\/posts\/9744\/revisions\/9745"}],"wp:featuredmedia":[{"embeddable":true,"href":"https:\/\/horapicodigital.com.ar\/index.php\/wp-json\/wp\/v2\/media\/7458"}],"wp:attachment":[{"href":"https:\/\/horapicodigital.com.ar\/index.php\/wp-json\/wp\/v2\/media?parent=9744"}],"wp:term":[{"taxonomy":"category","embeddable":true,"href":"https:\/\/horapicodigital.com.ar\/index.php\/wp-json\/wp\/v2\/categories?post=9744"},{"taxonomy":"post_tag","embeddable":true,"href":"https:\/\/horapicodigital.com.ar\/index.php\/wp-json\/wp\/v2\/tags?post=9744"}],"curies":[{"name":"wp","href":"https:\/\/api.w.org\/{rel}","templated":true}]}}