{"id":962,"date":"2023-02-03T22:05:44","date_gmt":"2023-02-03T22:05:44","guid":{"rendered":"https:\/\/horapicodigital.com.ar\/?p=962"},"modified":"2023-02-03T22:05:45","modified_gmt":"2023-02-03T22:05:45","slug":"xlii-festival-del-queso-la-doma-y-el-folklore","status":"publish","type":"post","link":"https:\/\/horapicodigital.com.ar\/index.php\/2023\/02\/03\/xlii-festival-del-queso-la-doma-y-el-folklore\/","title":{"rendered":"XLII Festival del Queso, la Doma y el Folklore"},"content":{"rendered":"\n<p>El primer d\u00eda se realizara la apertura con la ceremonia a la Pachamama y con concurso de ballets.<br>El segundo d\u00eda iniciar\u00e1 la fiesta central con la apertura de la feria de productores y artesanos, concurso de queso y sus derivados, y el gran festival con la presentaci\u00f3n de artistas locales y regionales, por la noche baile festivalero.<br>Y el tercer d\u00eda, se realizar\u00e1 la ceremonia a la Pachamama en la cancha Club Sportivo Patricios, se realizar\u00e1 una gran doma de novillos y jineteada. La jornada continuar\u00e1 con la presentaci\u00f3n de artistas folcl\u00f3ricos y tropicales.<\/p>\n","protected":false},"excerpt":{"rendered":"<p>El primer d\u00eda se realizara la apertura con la ceremonia a la Pachamama y con concurso de ballets.El segundo d\u00eda iniciar\u00e1 la fiesta central con la apertura de la feria de productores y artesanos, concurso de queso y sus derivados, y el gran festival con la presentaci\u00f3n de artistas locales y regionales, por la noche [&hellip;]<\/p>\n","protected":false},"author":3,"featured_media":963,"comment_status":"open","ping_status":"open","sticky":false,"template":"","format":"standard","meta":{"_themeisle_gutenberg_block_has_review":false,"footnotes":""},"categories":[8],"tags":[],"class_list":["post-962","post","type-post","status-publish","format-standard","has-post-thumbnail","hentry","category-fin-de-semana"],"_links":{"self":[{"href":"https:\/\/horapicodigital.com.ar\/index.php\/wp-json\/wp\/v2\/posts\/962","targetHints":{"allow":["GET"]}}],"collection":[{"href":"https:\/\/horapicodigital.com.ar\/index.php\/wp-json\/wp\/v2\/posts"}],"about":[{"href":"https:\/\/horapicodigital.com.ar\/index.php\/wp-json\/wp\/v2\/types\/post"}],"author":[{"embeddable":true,"href":"https:\/\/horapicodigital.com.ar\/index.php\/wp-json\/wp\/v2\/users\/3"}],"replies":[{"embeddable":true,"href":"https:\/\/horapicodigital.com.ar\/index.php\/wp-json\/wp\/v2\/comments?post=962"}],"version-history":[{"count":1,"href":"https:\/\/horapicodigital.com.ar\/index.php\/wp-json\/wp\/v2\/posts\/962\/revisions"}],"predecessor-version":[{"id":964,"href":"https:\/\/horapicodigital.com.ar\/index.php\/wp-json\/wp\/v2\/posts\/962\/revisions\/964"}],"wp:featuredmedia":[{"embeddable":true,"href":"https:\/\/horapicodigital.com.ar\/index.php\/wp-json\/wp\/v2\/media\/963"}],"wp:attachment":[{"href":"https:\/\/horapicodigital.com.ar\/index.php\/wp-json\/wp\/v2\/media?parent=962"}],"wp:term":[{"taxonomy":"category","embeddable":true,"href":"https:\/\/horapicodigital.com.ar\/index.php\/wp-json\/wp\/v2\/categories?post=962"},{"taxonomy":"post_tag","embeddable":true,"href":"https:\/\/horapicodigital.com.ar\/index.php\/wp-json\/wp\/v2\/tags?post=962"}],"curies":[{"name":"wp","href":"https:\/\/api.w.org\/{rel}","templated":true}]}}