{"id":9514,"date":"2024-08-22T13:55:47","date_gmt":"2024-08-22T16:55:47","guid":{"rendered":"https:\/\/horapicodigital.com.ar\/?p=9514"},"modified":"2024-08-22T13:55:53","modified_gmt":"2024-08-22T16:55:53","slug":"jujuy-no-adhiere-al-paro-de-transporte-previsto-para-manana-y-el-viernes","status":"publish","type":"post","link":"https:\/\/horapicodigital.com.ar\/index.php\/2024\/08\/22\/jujuy-no-adhiere-al-paro-de-transporte-previsto-para-manana-y-el-viernes\/","title":{"rendered":"Jujuy no adhiere al paro de transporte previsto para ma\u00f1ana y el viernes"},"content":{"rendered":"\n<p>En la tarde de hoy circul\u00f3 un comunicado en donde UTA Jujuy comunica a \u201ctodos los compa\u00f1eros del transporte de la provincia de Jujuy, al personal de conducci\u00f3n, tr\u00e1fico, t\u00e9cnica y administraci\u00f3n\u201d que lograron el reconocimiento de la escala salarial nacional.<\/p>\n\n\n\n<p>El comunicado enuncia, \u201catento a la gesti\u00f3n del consejo directivo nacional a trav\u00e9s de la secretaria del interior; juntamente con la comisi\u00f3n ejecutiva de la Seccional Jujuy y con el acompa\u00f1amiento de la secretaria de trabajo de la provincia, se logr\u00f3 el reconocimiento de la escala salarial nacional, conforme a la misma condiciones alcanzadas con el Amba\u201d.<\/p>\n\n\n\n<p>Por \u00faltimo el enunciado termina destacando \u201cel salario es el sustento de nuestra familia, defenderlo es obligaci\u00f3n de todos, no hacerlo es traicionar a nuestros hijos y condenarlos a la miseria\u201d.<\/p>\n\n\n\n<p>En dialogo con\u00a0El Tribuno de Jujuy\u00a0el referente de UTA Jujuy Sergio Lobo mencion\u00f3 que ma\u00f1ana se realizar\u00e1 una audiencia donde la C\u00e1mara de Transporte les comunicar\u00e1 a las empresas juje\u00f1as que deber\u00e1n acatar las medidas nacionales.<\/p>\n\n\n\n<p>Si bien UTA Nacional ratific\u00f3 el paro para los d\u00edas jueves y viernes de esta semana, Lobo destac\u00f3 que en la provincia decidieron no realizar medidas de fuerza por la importancia de la fecha para la provincia.<\/p>\n","protected":false},"excerpt":{"rendered":"<p>En la tarde de hoy circul\u00f3 un comunicado en donde UTA Jujuy comunica a \u201ctodos los compa\u00f1eros del transporte de la provincia de Jujuy, al personal de conducci\u00f3n, tr\u00e1fico, t\u00e9cnica y administraci\u00f3n\u201d que lograron el reconocimiento de la escala salarial nacional. El comunicado enuncia, \u201catento a la gesti\u00f3n del consejo directivo nacional a trav\u00e9s de [&hellip;]<\/p>\n","protected":false},"author":6,"featured_media":2222,"comment_status":"open","ping_status":"open","sticky":false,"template":"","format":"standard","meta":{"_themeisle_gutenberg_block_has_review":false,"footnotes":""},"categories":[32,4],"tags":[58,412,260],"class_list":["post-9514","post","type-post","status-publish","format-standard","has-post-thumbnail","hentry","category-locales","category-noticias","tag-jujuy","tag-paro","tag-transporte"],"_links":{"self":[{"href":"https:\/\/horapicodigital.com.ar\/index.php\/wp-json\/wp\/v2\/posts\/9514","targetHints":{"allow":["GET"]}}],"collection":[{"href":"https:\/\/horapicodigital.com.ar\/index.php\/wp-json\/wp\/v2\/posts"}],"about":[{"href":"https:\/\/horapicodigital.com.ar\/index.php\/wp-json\/wp\/v2\/types\/post"}],"author":[{"embeddable":true,"href":"https:\/\/horapicodigital.com.ar\/index.php\/wp-json\/wp\/v2\/users\/6"}],"replies":[{"embeddable":true,"href":"https:\/\/horapicodigital.com.ar\/index.php\/wp-json\/wp\/v2\/comments?post=9514"}],"version-history":[{"count":1,"href":"https:\/\/horapicodigital.com.ar\/index.php\/wp-json\/wp\/v2\/posts\/9514\/revisions"}],"predecessor-version":[{"id":9516,"href":"https:\/\/horapicodigital.com.ar\/index.php\/wp-json\/wp\/v2\/posts\/9514\/revisions\/9516"}],"wp:featuredmedia":[{"embeddable":true,"href":"https:\/\/horapicodigital.com.ar\/index.php\/wp-json\/wp\/v2\/media\/2222"}],"wp:attachment":[{"href":"https:\/\/horapicodigital.com.ar\/index.php\/wp-json\/wp\/v2\/media?parent=9514"}],"wp:term":[{"taxonomy":"category","embeddable":true,"href":"https:\/\/horapicodigital.com.ar\/index.php\/wp-json\/wp\/v2\/categories?post=9514"},{"taxonomy":"post_tag","embeddable":true,"href":"https:\/\/horapicodigital.com.ar\/index.php\/wp-json\/wp\/v2\/tags?post=9514"}],"curies":[{"name":"wp","href":"https:\/\/api.w.org\/{rel}","templated":true}]}}