{"id":9183,"date":"2024-07-27T00:39:44","date_gmt":"2024-07-27T03:39:44","guid":{"rendered":"https:\/\/horapicodigital.com.ar\/?p=9183"},"modified":"2024-07-27T00:39:46","modified_gmt":"2024-07-27T03:39:46","slug":"con-una-impactante-apertura-de-casi-4-horas-comenzaron-los-jjoo-en-paris-6-500-atletas-desfilaron-sobre-el-sena","status":"publish","type":"post","link":"https:\/\/horapicodigital.com.ar\/index.php\/2024\/07\/27\/con-una-impactante-apertura-de-casi-4-horas-comenzaron-los-jjoo-en-paris-6-500-atletas-desfilaron-sobre-el-sena\/","title":{"rendered":"Con una impactante apertura de casi 4 horas, comenzaron los JJOO en Par\u00eds: 6.500 atletas desfilaron sobre el Sena"},"content":{"rendered":"\n<p class=\"wp-block-paragraph\">Con Zidane y Nadal como protagonistas, as\u00ed fue el encendido del pebetero en la ceremonia inaugural de los Juegos Ol\u00edmpicos de Par\u00eds<\/p>\n\n\n\n<p class=\"wp-block-paragraph\">Luego del relevo de la antorcha por el r\u00edo Sena y los lugares m\u00e1s emblem\u00e1ticos de Par\u00eds, Teddy Riner y Marie-Jos\u00e9 P\u00e9rec encendieron la llama ol\u00edmpica en el Jard\u00edn de las Tuller\u00edas<\/p>\n\n\n\n<p class=\"wp-block-paragraph\"><strong>C\u00e9line Dion cerr\u00f3 la hist\u00f3rica ceremonia de apertura<\/strong><\/p>\n\n\n\n<p class=\"wp-block-paragraph\">La ic\u00f3nica cantante enton\u00f3\u00a0<em>\u201cOda del amor\u201d<\/em>\u00a0para bajarle el tel\u00f3n a esta majestuosa velada al pie de la\u00a0Torre Eiffel.<\/p>\n\n\n\n<p class=\"wp-block-paragraph\">\u00a1SE ENCENDI\u00d3 EL PEBETERO!<\/p>\n\n\n\n<p class=\"wp-block-paragraph\">Los franceses Teddy Riner, tricampe\u00f3n ol\u00edmpico en judo, y Marie-Jos\u00e9 Perec, ganadora de tres medallas doradas en Barcelona 1992 y Atlanta 1996, fueron los encargados de realizar este acto hist\u00f3rico. El pebetero fue elevado por un globo aerost\u00e1tico de 30 metros de altura y est\u00e1 situado en el Jard\u00edn de las Tuller\u00edas, junto al Louvre, la Plaza de la Concordia, los Campos El\u00edseos y el Arco del Triunfo.<\/p>\n","protected":false},"excerpt":{"rendered":"<p>Con Zidane y Nadal como protagonistas, as\u00ed fue el encendido del pebetero en la ceremonia inaugural de los Juegos Ol\u00edmpicos de Par\u00eds Luego del relevo de la antorcha por el r\u00edo Sena y los lugares m\u00e1s emblem\u00e1ticos de Par\u00eds, Teddy Riner y Marie-Jos\u00e9 P\u00e9rec encendieron la llama ol\u00edmpica en el Jard\u00edn de las Tuller\u00edas C\u00e9line [&hellip;]<\/p>\n","protected":false},"author":6,"featured_media":9086,"comment_status":"open","ping_status":"open","sticky":false,"template":"","format":"standard","meta":{"_themeisle_gutenberg_block_has_review":false,"footnotes":""},"categories":[10,7],"tags":[16,2381,19],"class_list":["post-9183","post","type-post","status-publish","format-standard","has-post-thumbnail","hentry","category-deportes","category-mundo","tag-deporte","tag-juegos-olimpicos","tag-mundo"],"_links":{"self":[{"href":"https:\/\/horapicodigital.com.ar\/index.php\/wp-json\/wp\/v2\/posts\/9183","targetHints":{"allow":["GET"]}}],"collection":[{"href":"https:\/\/horapicodigital.com.ar\/index.php\/wp-json\/wp\/v2\/posts"}],"about":[{"href":"https:\/\/horapicodigital.com.ar\/index.php\/wp-json\/wp\/v2\/types\/post"}],"author":[{"embeddable":true,"href":"https:\/\/horapicodigital.com.ar\/index.php\/wp-json\/wp\/v2\/users\/6"}],"replies":[{"embeddable":true,"href":"https:\/\/horapicodigital.com.ar\/index.php\/wp-json\/wp\/v2\/comments?post=9183"}],"version-history":[{"count":1,"href":"https:\/\/horapicodigital.com.ar\/index.php\/wp-json\/wp\/v2\/posts\/9183\/revisions"}],"predecessor-version":[{"id":9184,"href":"https:\/\/horapicodigital.com.ar\/index.php\/wp-json\/wp\/v2\/posts\/9183\/revisions\/9184"}],"wp:featuredmedia":[{"embeddable":true,"href":"https:\/\/horapicodigital.com.ar\/index.php\/wp-json\/wp\/v2\/media\/9086"}],"wp:attachment":[{"href":"https:\/\/horapicodigital.com.ar\/index.php\/wp-json\/wp\/v2\/media?parent=9183"}],"wp:term":[{"taxonomy":"category","embeddable":true,"href":"https:\/\/horapicodigital.com.ar\/index.php\/wp-json\/wp\/v2\/categories?post=9183"},{"taxonomy":"post_tag","embeddable":true,"href":"https:\/\/horapicodigital.com.ar\/index.php\/wp-json\/wp\/v2\/tags?post=9183"}],"curies":[{"name":"wp","href":"https:\/\/api.w.org\/{rel}","templated":true}]}}