{"id":9102,"date":"2024-07-18T01:49:26","date_gmt":"2024-07-18T04:49:26","guid":{"rendered":"https:\/\/horapicodigital.com.ar\/?p=9102"},"modified":"2024-07-18T01:49:26","modified_gmt":"2024-07-18T04:49:26","slug":"economia-y-produccion-inscripcion-para-financiamiento-de-fertilizantes-para-el-sector-tabacalero","status":"publish","type":"post","link":"https:\/\/horapicodigital.com.ar\/index.php\/2024\/07\/18\/economia-y-produccion-inscripcion-para-financiamiento-de-fertilizantes-para-el-sector-tabacalero\/","title":{"rendered":"Econom\u00eda y Producci\u00f3n .\u00a0Inscripci\u00f3n para financiamiento de fertilizantes para el sector tabacalero"},"content":{"rendered":"\n<p>\u201cGracias a las gestiones del gobernador\u00a0Carlos Sadir\u00a0y nuestro ministro Juan Carlos Abud, hemos logrado que lleguen a la provincia para que podamos hacer realidad por octavo a\u00f1o consecutivo este programa\u201d, sostuvo al respecto la secretaria de Desarrollo Productivo, Patricia R\u00edos.<\/p>\n\n\n\n<p>Destac\u00f3 que el programa es una herramienta de gran utilidad para que los productores tabacaleros puedan dar inicio a la plantaci\u00f3n en tiempo y forma. \u201cQueremos dar previsibilidad a los productores y por eso, tambi\u00e9n se acord\u00f3 que los productores que tomen el financiamiento puedan, al final de la campa\u00f1a, reintegrar los recursos con una actualizaci\u00f3n que sirva para dar continuidad al programa en campa\u00f1as posteriores e incorporar a m\u00e1s tabacaleros que requieran el beneficio\u201d, enfatiz\u00f3.<\/p>\n\n\n\n<p>En ese sentido, inform\u00f3 que los interesados en acceder a la iniciativa deben inscribirse de manera personal en las oficinas de Divisi\u00f3n Tabaco, cita en Calle Urquiza s\/n de la ciudad de Perico, en el horario de 8 a 13.<\/p>\n\n\n\n<p>Adem\u00e1s, se\u00f1al\u00f3 que las inscripciones se encontrar\u00e1n abiertas hasta el viernes 26 de julio, inclusive.<\/p>\n","protected":false},"excerpt":{"rendered":"<p>\u201cGracias a las gestiones del gobernador\u00a0Carlos Sadir\u00a0y nuestro ministro Juan Carlos Abud, hemos logrado que lleguen a la provincia para que podamos hacer realidad por octavo a\u00f1o consecutivo este programa\u201d, sostuvo al respecto la secretaria de Desarrollo Productivo, Patricia R\u00edos. Destac\u00f3 que el programa es una herramienta de gran utilidad para que los productores tabacaleros [&hellip;]<\/p>\n","protected":false},"author":6,"featured_media":9103,"comment_status":"open","ping_status":"open","sticky":false,"template":"","format":"standard","meta":{"_themeisle_gutenberg_block_has_review":false,"footnotes":""},"categories":[1],"tags":[],"class_list":["post-9102","post","type-post","status-publish","format-standard","has-post-thumbnail","hentry","category-uncategorized"],"_links":{"self":[{"href":"https:\/\/horapicodigital.com.ar\/index.php\/wp-json\/wp\/v2\/posts\/9102","targetHints":{"allow":["GET"]}}],"collection":[{"href":"https:\/\/horapicodigital.com.ar\/index.php\/wp-json\/wp\/v2\/posts"}],"about":[{"href":"https:\/\/horapicodigital.com.ar\/index.php\/wp-json\/wp\/v2\/types\/post"}],"author":[{"embeddable":true,"href":"https:\/\/horapicodigital.com.ar\/index.php\/wp-json\/wp\/v2\/users\/6"}],"replies":[{"embeddable":true,"href":"https:\/\/horapicodigital.com.ar\/index.php\/wp-json\/wp\/v2\/comments?post=9102"}],"version-history":[{"count":1,"href":"https:\/\/horapicodigital.com.ar\/index.php\/wp-json\/wp\/v2\/posts\/9102\/revisions"}],"predecessor-version":[{"id":9104,"href":"https:\/\/horapicodigital.com.ar\/index.php\/wp-json\/wp\/v2\/posts\/9102\/revisions\/9104"}],"wp:featuredmedia":[{"embeddable":true,"href":"https:\/\/horapicodigital.com.ar\/index.php\/wp-json\/wp\/v2\/media\/9103"}],"wp:attachment":[{"href":"https:\/\/horapicodigital.com.ar\/index.php\/wp-json\/wp\/v2\/media?parent=9102"}],"wp:term":[{"taxonomy":"category","embeddable":true,"href":"https:\/\/horapicodigital.com.ar\/index.php\/wp-json\/wp\/v2\/categories?post=9102"},{"taxonomy":"post_tag","embeddable":true,"href":"https:\/\/horapicodigital.com.ar\/index.php\/wp-json\/wp\/v2\/tags?post=9102"}],"curies":[{"name":"wp","href":"https:\/\/api.w.org\/{rel}","templated":true}]}}