{"id":8887,"date":"2024-06-27T01:30:09","date_gmt":"2024-06-27T04:30:09","guid":{"rendered":"https:\/\/horapicodigital.com.ar\/?p=8887"},"modified":"2024-06-27T01:30:10","modified_gmt":"2024-06-27T04:30:10","slug":"habra-elecciones-internas-en-el-pj-jujuy-el-17-de-noviembre","status":"publish","type":"post","link":"https:\/\/horapicodigital.com.ar\/index.php\/2024\/06\/27\/habra-elecciones-internas-en-el-pj-jujuy-el-17-de-noviembre\/","title":{"rendered":"Habr\u00e1 elecciones internas en el PJ Jujuy el 17 de noviembre"},"content":{"rendered":"\n<p>Finalmente se confirm\u00f3 que el 17 de noviembre, habr\u00e1 elecciones internas en el Partido Justicialista \u2013 Distrito Jujuy, de manera simult\u00e1neas con la elecci\u00f3n de autoridades del partido a nivel nacional.<\/p>\n\n\n\n<p>As\u00ed lo afirm\u00f3 esta ma\u00f1ana, Facundo Somosa, apoderado de la intervenci\u00f3n encabezada por Anibal Fern\u00e1ndez y Gustavo Men\u00e9ndez, quienes la pr\u00f3xima semana llegar\u00e1n a la provincia para hacer la convocatoria formalmente.<\/p>\n\n\n\n<p>Junto a Lucas Scarcella, asesor intervencionista, durante su presencia en esta ciudad dialogaran con todos los sectores internos del justicialismo juje\u00f1o.<\/p>\n\n\n\n<p>\u201cVan a participar todos los compa\u00f1eros. Aquellos que no lo hicieron en otras oportunidades por diferentes tendr\u00e1n la posibilidad de afiliarse y sumarse a las internas\u201d, asegur\u00f3 Scarcella.<\/p>\n\n\n\n<p>\u201cUna de las primeras medidas que tom\u00f3 la intervenci\u00f3n fue la amnist\u00eda a todos los compa\u00f1eros que fueron expulsados, suspendidos y sancionados\u201d, por lo que se trabajar\u00e1 sobre el padr\u00f3n para que puedan nuevamente intervenir.<\/p>\n\n\n\n<p>Las elecciones \u201cvan a ser muy abiertas\u201c y a todos los expulsados \u201cse les va a abrir las puertas para que participen y est\u00e9n todos contenidos en la normalizaci\u00f3n del peronismo\u201d.<\/p>\n","protected":false},"excerpt":{"rendered":"<p>Finalmente se confirm\u00f3 que el 17 de noviembre, habr\u00e1 elecciones internas en el Partido Justicialista \u2013 Distrito Jujuy, de manera simult\u00e1neas con la elecci\u00f3n de autoridades del partido a nivel nacional. As\u00ed lo afirm\u00f3 esta ma\u00f1ana, Facundo Somosa, apoderado de la intervenci\u00f3n encabezada por Anibal Fern\u00e1ndez y Gustavo Men\u00e9ndez, quienes la pr\u00f3xima semana llegar\u00e1n a [&hellip;]<\/p>\n","protected":false},"author":6,"featured_media":8888,"comment_status":"open","ping_status":"open","sticky":false,"template":"","format":"standard","meta":{"_themeisle_gutenberg_block_has_review":false,"footnotes":""},"categories":[81,32],"tags":[200,58,671],"class_list":["post-8887","post","type-post","status-publish","format-standard","has-post-thumbnail","hentry","category-general","category-locales","tag-elecciones","tag-jujuy","tag-pj"],"_links":{"self":[{"href":"https:\/\/horapicodigital.com.ar\/index.php\/wp-json\/wp\/v2\/posts\/8887","targetHints":{"allow":["GET"]}}],"collection":[{"href":"https:\/\/horapicodigital.com.ar\/index.php\/wp-json\/wp\/v2\/posts"}],"about":[{"href":"https:\/\/horapicodigital.com.ar\/index.php\/wp-json\/wp\/v2\/types\/post"}],"author":[{"embeddable":true,"href":"https:\/\/horapicodigital.com.ar\/index.php\/wp-json\/wp\/v2\/users\/6"}],"replies":[{"embeddable":true,"href":"https:\/\/horapicodigital.com.ar\/index.php\/wp-json\/wp\/v2\/comments?post=8887"}],"version-history":[{"count":1,"href":"https:\/\/horapicodigital.com.ar\/index.php\/wp-json\/wp\/v2\/posts\/8887\/revisions"}],"predecessor-version":[{"id":8889,"href":"https:\/\/horapicodigital.com.ar\/index.php\/wp-json\/wp\/v2\/posts\/8887\/revisions\/8889"}],"wp:featuredmedia":[{"embeddable":true,"href":"https:\/\/horapicodigital.com.ar\/index.php\/wp-json\/wp\/v2\/media\/8888"}],"wp:attachment":[{"href":"https:\/\/horapicodigital.com.ar\/index.php\/wp-json\/wp\/v2\/media?parent=8887"}],"wp:term":[{"taxonomy":"category","embeddable":true,"href":"https:\/\/horapicodigital.com.ar\/index.php\/wp-json\/wp\/v2\/categories?post=8887"},{"taxonomy":"post_tag","embeddable":true,"href":"https:\/\/horapicodigital.com.ar\/index.php\/wp-json\/wp\/v2\/tags?post=8887"}],"curies":[{"name":"wp","href":"https:\/\/api.w.org\/{rel}","templated":true}]}}