{"id":8869,"date":"2024-06-25T01:32:35","date_gmt":"2024-06-25T04:32:35","guid":{"rendered":"https:\/\/horapicodigital.com.ar\/?p=8869"},"modified":"2024-06-25T01:32:35","modified_gmt":"2024-06-25T04:32:35","slug":"los-fiscales-del-caso-loan-confirmaron-que-el-chico-fue-captado-con-fines-de-explotacion-y-la-causa-paso-a-fuero-federal","status":"publish","type":"post","link":"https:\/\/horapicodigital.com.ar\/index.php\/2024\/06\/25\/los-fiscales-del-caso-loan-confirmaron-que-el-chico-fue-captado-con-fines-de-explotacion-y-la-causa-paso-a-fuero-federal\/","title":{"rendered":"Los fiscales del caso Loan confirmaron que el chico fue captado con fines de explotaci\u00f3n y la causa pas\u00f3 a fuero federal"},"content":{"rendered":"\n<p>Este lunes se cumplen 11 d\u00edas de la desaparici\u00f3n del menor. Cinco de los seis detenidos fueron imputados por el delito de trata y el comisario, por entorpecer la investigaci\u00f3n. El expediente queda en manos de la Protex<\/p>\n\n\n\n<h1 class=\"wp-block-heading\" id=\"gustavo-valdes:-&quot;era-una-mesa-rara-poco-comun&quot;\">Gustavo Vald\u00e9s: \u201cEra una mesa rara, poco com\u00fan\u201d<\/h1>\n\n\n\n<p><img loading=\"lazy\" decoding=\"async\" alt=\"La \u00faltima vez que se lo vio a Loan con vida \" height=\"1605\" width=\"1920\" src=\"https:\/\/www.infobae.com\/new-resizer\/gW8ocRFCm2mvsSxEhiX1e80w_iI=\/992x850\/filters:format(webp):quality(85)\/cloudfront-us-east-1.images.arcpublishing.com\/infobae\/RI54TRSMUREJDOYXZJ5KLSJ4FM.jpg%20992w\" srcset=\"https:\/\/www.infobae.com\/new-resizer\/gW8ocRFCm2mvsSxEhiX1e80w_iI=\/992x850\/filters:format(webp):quality(85)\/cloudfront-us-east-1.images.arcpublishing.com\/infobae\/RI54TRSMUREJDOYXZJ5KLSJ4FM.jpg 992w\">La \u00faltima vez que se lo vio a Loan con vida<\/p>\n\n\n\n<p>El gobernador de Corrientes transmiti\u00f3 la \u201cconmoci\u00f3n y preocupaci\u00f3n\u201d de toda la provincia en torno a la desaparici\u00f3n del nene de 5 a\u00f1os: \u201cLo sentimos como si fuera un hijo nuestro, un hijo de todos. Son cosas que no pueden pasar en Argentina, un menor no desaparece de esa manera\u201d.<\/p>\n\n\n\n<p>Si bien resalt\u00f3 que se hizo \u201cun despliegue importante\u201d y que \u201cla polic\u00eda hizo un trabajo eficiente\u201d en la recolecci\u00f3n de la informaci\u00f3n, Vald\u00e9s puso el foco en \u201cla supuesta complicidad de las personas que estuvieron en ese almuerzo\u201d. Ese 13 de junio fue el d\u00eda de San Antonio, un festejo popular en la zona, y por ello compartieron un almuerzo en la casa de la abuela de Loan, Catalina, del cual participaron Jos\u00e9, el pap\u00e1 del ni\u00f1o; su t\u00eda\u00a0Laudelina Pe\u00f1a\u00a0y su marido,\u00a0Antonio Bernardino Ben\u00edtez; una pareja amiga -Daniel \u201cFierrito\u201d Ram\u00edrez y M\u00f3nica del Carmen Millepi- y\u00a0Carlos P\u00e9rez, capit\u00e1n de nav\u00edo de la Armada retirado; y su esposa,\u00a0Mar\u00eda Victoria Caillava, ahora, ex funcionaria municipal; adem\u00e1s de otros menores.<\/p>\n\n\n\n<p>\u201cEra una mesa rara, poco com\u00fan\u201d, se\u00f1al\u00f3 el gobernador en di\u00e1logo con\u00a0<em>Todo Noticias (TN)<\/em>. \u201cEn el lugar hay un menor y mayores responsables, los menores no desaparecen en el campo de esa manera. La hip\u00f3tesis m\u00e1s fuerte es la de trata\u201d, sentenci\u00f3 en sinton\u00eda con el giro que dio la investigaci\u00f3n en los \u00faltimos d\u00edas. \u201cHay un posible encubrimiento del comisario y\/o familiares y\/o amigos en ese almuerzo. Hay personas que tienen que declarar. Hay que investigar todo desde el momento cero\u201d, agreg\u00f3.<\/p>\n\n\n\n<p>\u201cLo vamos a seguir buscando. Esto no puede ocurrir ni en Corrientes ni en ning\u00fan punto de Argentina. No hay que bajar los brazos, no hay que darse por vencido. Le tiene que caer todo el peso de la ley, sea quien sea el responsable&nbsp;de la desaparici\u00f3n de Loan. Necesitamos saber qu\u00e9 pas\u00f3, necesitamos saber la verdad\u201d, concluy\u00f3.<\/p>\n\n\n\n<h2 class=\"wp-block-heading\" id=\"segun-los-fiscales-el-rol-de-los-perros-fue-&quot;trascendente&quot;\">Seg\u00fan los fiscales, el rol de los perros fue \u201ctrascendente\u201d<\/h2>\n\n\n\n<p><img loading=\"lazy\" decoding=\"async\" alt=\"25 binomios de perros trabajaron en el caso (Gentileza: Diario R\u00edo Negro)\" height=\"517\" width=\"920\" src=\"https:\/\/www.infobae.com\/new-resizer\/XXvpHwOaRuFJ5hCsfXKlr9v00wg=\/420x236\/filters:format(webp):quality(85)\/cloudfront-us-east-1.images.arcpublishing.com\/infobae\/RMGZGWL2EJACPBWAT7OZTY4D4E.jpg%20420w\" srcset=\"https:\/\/www.infobae.com\/new-resizer\/XXvpHwOaRuFJ5hCsfXKlr9v00wg=\/420x236\/filters:format(webp):quality(85)\/cloudfront-us-east-1.images.arcpublishing.com\/infobae\/RMGZGWL2EJACPBWAT7OZTY4D4E.jpg 420w,https:\/\/www.infobae.com\/new-resizer\/OGJmJCrpPleA2Sbfwwsv7yPGk2Y=\/768x432\/filters:format(webp):quality(85)\/cloudfront-us-east-1.images.arcpublishing.com\/infobae\/RMGZGWL2EJACPBWAT7OZTY4D4E.jpg 768w,https:\/\/www.infobae.com\/new-resizer\/e1m-y8PHizAyOHe9Bijxd6arv4s=\/992x558\/filters:format(webp):quality(85)\/cloudfront-us-east-1.images.arcpublishing.com\/infobae\/RMGZGWL2EJACPBWAT7OZTY4D4E.jpg 992w,https:\/\/www.infobae.com\/new-resizer\/-jQ0dfptyHt5NM_g45W0bsmWoMk=\/1200x675\/filters:format(webp):quality(85)\/cloudfront-us-east-1.images.arcpublishing.com\/infobae\/RMGZGWL2EJACPBWAT7OZTY4D4E.jpg 1200w,https:\/\/www.infobae.com\/new-resizer\/QQcSpnA8p4Srx0UqcKafEaN265c=\/1440x810\/filters:format(webp):quality(85)\/cloudfront-us-east-1.images.arcpublishing.com\/infobae\/RMGZGWL2EJACPBWAT7OZTY4D4E.jpg 1440w\">25 binomios de perros trabajaron en el caso (Gentileza: Diario R\u00edo Negro)<\/p>\n\n\n\n<p>Los canes rastreadores que participaron de los rastrillajes por Loan fueron clave. Los fiscales Juan\u00a0Carlos Castillo\u00a0y\u00a0Guillermo Barry\u00a0no dudaron en ponderarlo este lunes.\u00a0\u201cMantuvieron el rastro siempre en la zona comprendida entre la casa de la abuela y el naranjal. De los\u00a025 binomios de perros\u00a0alguno tuvo que haber seguido si sali\u00f3 de all\u00ed, pero no.\u00a0Evidentemente, no sali\u00f3 de esa zona\u201d, destacaron en la conferencia de prensa que dieron tras declinar la competencia al fuero federal.<\/p>\n\n\n\n<p>Barry y Castillo tambi\u00e9n comentaron que\u00a0el bot\u00edn embarrado hallado durante los rastrillajes\u00a0estaba a unos 3 kil\u00f3metros de la casa de la abuela de Loan y que los canes dieron positivo en el calzado el rastro del nene. \u201cEl lugar fue marcado porque estaba la zapatilla, pero\u00a0ning\u00fan perro tom\u00f3 ning\u00fan rastro hacia ning\u00fan lado.\u00a0La zapatilla fue colocada en ese lugar. Era una\u00a0alteraci\u00f3n clara de la escena\u00a0del hecho, y con el compromiso y responsabilidad penal completa, se le achac\u00f3 al comisario de 9 de julio\u201d, describieron. Hablaban de\u00a0Walter Maciel\u00a0el jefe policial preso e imputado por encubrimiento por entorpecer el caso y desviar la investigaci\u00f3n.<\/p>\n\n\n\n<p>Adem\u00e1s, consideraron como \u201ctrascendente\u201d el trabajo que hicieron los canes en los dos veh\u00edculos del matrimonio de capit\u00e1n de nav\u00edo retirado\u00a0Carlos P\u00e9rez\u00a0y la ahora ex funcionaria municipal\u00a0Mar\u00eda Caillava.\u00a0\u201c(Marcaron rastro) En menor medida, en la camioneta y,\u00a0en un 100 por ciento, al Ford Ka\u201d, dijeron y detallaron lo que significaba: \u201cEl tiempo que permaneci\u00f3 fue menor en la camioneta en la que los imputados fueron a la casa de la abuela; y mayor en\u00a0el Ford Ka, en el que fue trasladado\u201d, describieron.<\/p>\n\n\n\n<p>Con ese Ford Ka el matrimonio viaj\u00f3 a la provincia de\u00a0Chaco\u00a0sin que los fiscales supieran siquiera. Por eso, se ordenaron este fin de semana allanamientos en dos de los domicilios de la ciudad de\u00a0Resistencia\u00a0vinculados a los imputados:\u00a0hallaron armas, dinero y 8 huellas.<\/p>\n\n\n\n<p>Por ello, los fiscales Barry y Castillo imputaron a P\u00e9rez y a su esposa por la captaci\u00f3n del menor con fines de explotaci\u00f3n como\u00a0coautores. Para los otros tres,\u00a0Antonio Ben\u00edtez, M\u00f3nica del Carmen Millapi\u00a0y\u00a0Daniel \u201cFierrito\u201d Ram\u00edrez, consideraron que tuvieron una participaci\u00f3n primaria: \u201cHicieron todo el mecanismo de distracci\u00f3n correspondiente para que se produzca la captaci\u00f3n del ni\u00f1o\u201d.<\/p>\n\n\n\n<p>Y concluyeron:\u00a0\u201cPor esto el abandono de la hip\u00f3tesis de la p\u00e9rdida y el habernos centrado en la l\u00ednea de la captaci\u00f3n, que se trabaj\u00f3 desde el inicio y que se fortaleci\u00f3 con material probatorio\u201d.<\/p>\n","protected":false},"excerpt":{"rendered":"<p>Este lunes se cumplen 11 d\u00edas de la desaparici\u00f3n del menor. Cinco de los seis detenidos fueron imputados por el delito de trata y el comisario, por entorpecer la investigaci\u00f3n. El expediente queda en manos de la Protex Gustavo Vald\u00e9s: \u201cEra una mesa rara, poco com\u00fan\u201d La \u00faltima vez que se lo vio a Loan [&hellip;]<\/p>\n","protected":false},"author":6,"featured_media":8846,"comment_status":"open","ping_status":"open","sticky":false,"template":"","format":"standard","meta":{"_themeisle_gutenberg_block_has_review":false,"footnotes":""},"categories":[35,34],"tags":[2325,85,114],"class_list":["post-8869","post","type-post","status-publish","format-standard","has-post-thumbnail","hentry","category-pais","category-policiales","tag-loan","tag-pais","tag-policiales"],"_links":{"self":[{"href":"https:\/\/horapicodigital.com.ar\/index.php\/wp-json\/wp\/v2\/posts\/8869","targetHints":{"allow":["GET"]}}],"collection":[{"href":"https:\/\/horapicodigital.com.ar\/index.php\/wp-json\/wp\/v2\/posts"}],"about":[{"href":"https:\/\/horapicodigital.com.ar\/index.php\/wp-json\/wp\/v2\/types\/post"}],"author":[{"embeddable":true,"href":"https:\/\/horapicodigital.com.ar\/index.php\/wp-json\/wp\/v2\/users\/6"}],"replies":[{"embeddable":true,"href":"https:\/\/horapicodigital.com.ar\/index.php\/wp-json\/wp\/v2\/comments?post=8869"}],"version-history":[{"count":1,"href":"https:\/\/horapicodigital.com.ar\/index.php\/wp-json\/wp\/v2\/posts\/8869\/revisions"}],"predecessor-version":[{"id":8870,"href":"https:\/\/horapicodigital.com.ar\/index.php\/wp-json\/wp\/v2\/posts\/8869\/revisions\/8870"}],"wp:featuredmedia":[{"embeddable":true,"href":"https:\/\/horapicodigital.com.ar\/index.php\/wp-json\/wp\/v2\/media\/8846"}],"wp:attachment":[{"href":"https:\/\/horapicodigital.com.ar\/index.php\/wp-json\/wp\/v2\/media?parent=8869"}],"wp:term":[{"taxonomy":"category","embeddable":true,"href":"https:\/\/horapicodigital.com.ar\/index.php\/wp-json\/wp\/v2\/categories?post=8869"},{"taxonomy":"post_tag","embeddable":true,"href":"https:\/\/horapicodigital.com.ar\/index.php\/wp-json\/wp\/v2\/tags?post=8869"}],"curies":[{"name":"wp","href":"https:\/\/api.w.org\/{rel}","templated":true}]}}