{"id":8529,"date":"2024-06-06T02:03:42","date_gmt":"2024-06-06T05:03:42","guid":{"rendered":"https:\/\/horapicodigital.com.ar\/?p=8529"},"modified":"2024-06-06T02:03:43","modified_gmt":"2024-06-06T05:03:43","slug":"jujuy-pone-la-obra-publica-de-pie","status":"publish","type":"post","link":"https:\/\/horapicodigital.com.ar\/index.php\/2024\/06\/06\/jujuy-pone-la-obra-publica-de-pie\/","title":{"rendered":"Jujuy pone la obra p\u00fablica de pie"},"content":{"rendered":"\n<p class=\"wp-block-paragraph\">Obreros de la construcci\u00f3n celebraron los anuncios de reactivaci\u00f3n de obras p\u00fablicas en Jujuy, tras el acuerdo de transferencia de proyectos en marcha y otros a iniciar que rubricaron el Gobierno de la Provincia y la Naci\u00f3n.<br>A estos anuncios, se suma la continuidad de proyectos correspondientes al PROMACE que implica la construcci\u00f3n de edificios escolares nuevos y la refacci\u00f3n de otros ya existentes en toda la provincia.<br>El secretario general de UOCRA Jujuy, Ram\u00f3n Neira, calific\u00f3 a la noticia como \u201cmuy importante\u201d y resalt\u00f3 que \u201cse reactiva el sector de la construcci\u00f3n y eso nos pone felices\u201d.<br>Adem\u00e1s, puso en valor \u201cel acuerdo entre el gobierno nacional y provincial, porque representa m\u00e1s trabajo\u201d.<br>\u201cNuestros compa\u00f1eros se merecen un trabajo digno y esto ayuda mucho\u201d, sostuvo.<br>En otro orden, Neira se reuni\u00f3 con autoridades del Ministerio de Educaci\u00f3n para abordar las obras del PROMACE. \u201cEstas gestiones del gobierno ayudan mucho a nuestros compa\u00f1eros obreros\u201d, afirm\u00f3.<br>\u201cEs lindo comenzar la semana con estas noticias\u201d, cerr\u00f3 el dirigente de UOCRA.<\/p>\n","protected":false},"excerpt":{"rendered":"<p>Obreros de la construcci\u00f3n celebraron los anuncios de reactivaci\u00f3n de obras p\u00fablicas en Jujuy, tras el acuerdo de transferencia de proyectos en marcha y otros a iniciar que rubricaron el Gobierno de la Provincia y la Naci\u00f3n.A estos anuncios, se suma la continuidad de proyectos correspondientes al PROMACE que implica la construcci\u00f3n de edificios escolares [&hellip;]<\/p>\n","protected":false},"author":6,"featured_media":8530,"comment_status":"open","ping_status":"open","sticky":false,"template":"","format":"standard","meta":{"_themeisle_gutenberg_block_has_review":false,"footnotes":""},"categories":[32,4],"tags":[58,2249],"class_list":["post-8529","post","type-post","status-publish","format-standard","has-post-thumbnail","hentry","category-locales","category-noticias","tag-jujuy","tag-obra-publica"],"_links":{"self":[{"href":"https:\/\/horapicodigital.com.ar\/index.php\/wp-json\/wp\/v2\/posts\/8529","targetHints":{"allow":["GET"]}}],"collection":[{"href":"https:\/\/horapicodigital.com.ar\/index.php\/wp-json\/wp\/v2\/posts"}],"about":[{"href":"https:\/\/horapicodigital.com.ar\/index.php\/wp-json\/wp\/v2\/types\/post"}],"author":[{"embeddable":true,"href":"https:\/\/horapicodigital.com.ar\/index.php\/wp-json\/wp\/v2\/users\/6"}],"replies":[{"embeddable":true,"href":"https:\/\/horapicodigital.com.ar\/index.php\/wp-json\/wp\/v2\/comments?post=8529"}],"version-history":[{"count":1,"href":"https:\/\/horapicodigital.com.ar\/index.php\/wp-json\/wp\/v2\/posts\/8529\/revisions"}],"predecessor-version":[{"id":8531,"href":"https:\/\/horapicodigital.com.ar\/index.php\/wp-json\/wp\/v2\/posts\/8529\/revisions\/8531"}],"wp:featuredmedia":[{"embeddable":true,"href":"https:\/\/horapicodigital.com.ar\/index.php\/wp-json\/wp\/v2\/media\/8530"}],"wp:attachment":[{"href":"https:\/\/horapicodigital.com.ar\/index.php\/wp-json\/wp\/v2\/media?parent=8529"}],"wp:term":[{"taxonomy":"category","embeddable":true,"href":"https:\/\/horapicodigital.com.ar\/index.php\/wp-json\/wp\/v2\/categories?post=8529"},{"taxonomy":"post_tag","embeddable":true,"href":"https:\/\/horapicodigital.com.ar\/index.php\/wp-json\/wp\/v2\/tags?post=8529"}],"curies":[{"name":"wp","href":"https:\/\/api.w.org\/{rel}","templated":true}]}}