{"id":8108,"date":"2024-05-10T03:52:23","date_gmt":"2024-05-10T06:52:23","guid":{"rendered":"https:\/\/horapicodigital.com.ar\/?p=8108"},"modified":"2024-05-10T03:52:24","modified_gmt":"2024-05-10T06:52:24","slug":"las-tarifas-de-energia-electrica-se-actualizaran-de-acuerdo-a-la-paritaria-salarial-estatal","status":"publish","type":"post","link":"https:\/\/horapicodigital.com.ar\/index.php\/2024\/05\/10\/las-tarifas-de-energia-electrica-se-actualizaran-de-acuerdo-a-la-paritaria-salarial-estatal\/","title":{"rendered":"Las tarifas de energ\u00eda el\u00e9ctrica se actualizar\u00e1n de acuerdo a la paritaria salarial estatal"},"content":{"rendered":"\n<p class=\"wp-block-paragraph\">El Poder Ejecutivo de Jujuy, a trav\u00e9s del Decreto Acuerdo N\u00b0 575, curs\u00f3 orden a la Superintendencia de Servicios P\u00fablicos y Otras Concesiones (SUSEPU) de concretar las medidas y acciones para reajustar mecanismos regulatorios y contractuales de manera transitoria, hasta el 31 de agosto del 2024, a fin de que las tarifas por el servicio p\u00fablico de distribuci\u00f3n de energ\u00eda el\u00e9ctrica (en lo que respecta a la regulaci\u00f3n provincial) se reajusten como tope m\u00e1ximo con los salarios del sector p\u00fablico, respetando los costos de abastecimiento de energ\u00eda sancionados por la Secretar\u00eda de Energ\u00eda de la Naci\u00f3n, de manera de garantizar la prestaci\u00f3n continua del servicio en condiciones t\u00e9cnicas y econ\u00f3micas adecuadas para prestadores y usuarios de todas las categor\u00edas.<\/p>\n","protected":false},"excerpt":{"rendered":"<p>El Poder Ejecutivo de Jujuy, a trav\u00e9s del Decreto Acuerdo N\u00b0 575, curs\u00f3 orden a la Superintendencia de Servicios P\u00fablicos y Otras Concesiones (SUSEPU) de concretar las medidas y acciones para reajustar mecanismos regulatorios y contractuales de manera transitoria, hasta el 31 de agosto del 2024, a fin de que las tarifas por el servicio [&hellip;]<\/p>\n","protected":false},"author":6,"featured_media":2410,"comment_status":"open","ping_status":"open","sticky":false,"template":"","format":"standard","meta":{"_themeisle_gutenberg_block_has_review":false,"footnotes":""},"categories":[81,35],"tags":[38,1506,85,78],"class_list":["post-8108","post","type-post","status-publish","format-standard","has-post-thumbnail","hentry","category-general","category-pais","tag-economia","tag-luz","tag-pais","tag-tarifas"],"_links":{"self":[{"href":"https:\/\/horapicodigital.com.ar\/index.php\/wp-json\/wp\/v2\/posts\/8108","targetHints":{"allow":["GET"]}}],"collection":[{"href":"https:\/\/horapicodigital.com.ar\/index.php\/wp-json\/wp\/v2\/posts"}],"about":[{"href":"https:\/\/horapicodigital.com.ar\/index.php\/wp-json\/wp\/v2\/types\/post"}],"author":[{"embeddable":true,"href":"https:\/\/horapicodigital.com.ar\/index.php\/wp-json\/wp\/v2\/users\/6"}],"replies":[{"embeddable":true,"href":"https:\/\/horapicodigital.com.ar\/index.php\/wp-json\/wp\/v2\/comments?post=8108"}],"version-history":[{"count":1,"href":"https:\/\/horapicodigital.com.ar\/index.php\/wp-json\/wp\/v2\/posts\/8108\/revisions"}],"predecessor-version":[{"id":8109,"href":"https:\/\/horapicodigital.com.ar\/index.php\/wp-json\/wp\/v2\/posts\/8108\/revisions\/8109"}],"wp:featuredmedia":[{"embeddable":true,"href":"https:\/\/horapicodigital.com.ar\/index.php\/wp-json\/wp\/v2\/media\/2410"}],"wp:attachment":[{"href":"https:\/\/horapicodigital.com.ar\/index.php\/wp-json\/wp\/v2\/media?parent=8108"}],"wp:term":[{"taxonomy":"category","embeddable":true,"href":"https:\/\/horapicodigital.com.ar\/index.php\/wp-json\/wp\/v2\/categories?post=8108"},{"taxonomy":"post_tag","embeddable":true,"href":"https:\/\/horapicodigital.com.ar\/index.php\/wp-json\/wp\/v2\/tags?post=8108"}],"curies":[{"name":"wp","href":"https:\/\/api.w.org\/{rel}","templated":true}]}}