{"id":8098,"date":"2024-05-10T03:40:17","date_gmt":"2024-05-10T06:40:17","guid":{"rendered":"https:\/\/horapicodigital.com.ar\/?p=8098"},"modified":"2024-05-10T03:40:19","modified_gmt":"2024-05-10T06:40:19","slug":"por-el-momento-el-boleto-del-transporte-se-mantendra-sin-aumentos-en-capital","status":"publish","type":"post","link":"https:\/\/horapicodigital.com.ar\/index.php\/2024\/05\/10\/por-el-momento-el-boleto-del-transporte-se-mantendra-sin-aumentos-en-capital\/","title":{"rendered":"Por el momento el boleto del transporte se mantendr\u00e1 sin aumentos en capital"},"content":{"rendered":"\n<p>Ediles capitalinos realizaron esta ma\u00f1ana una nueva sesi\u00f3n ordinaria del\u00a0 presente periodo legislativo; oportunidad en la cual tomaron estado parlamentario proyectos de los diferentes bloques, comunicaciones oficiales y particulares, como as\u00ed tambi\u00e9n se avanz\u00f3 con la aprobaci\u00f3n de ordenanzas y minutas de declaraciones.\u00a0<\/p>\n\n\n\n<p>Finalizada la sesi\u00f3n, el vicepresidente primero del Concejo Deliberante, Gast\u00f3n Mill\u00f3n, afirm\u00f3 que \u201cse aprob\u00f3 una comunicaci\u00f3n del Ejecutivo donde se informa que durante el mes de abril se suspende la aplicaci\u00f3n de la f\u00f3rmula polin\u00f3mica, por lo tanto, no hubo aumento en la tarifa de colectivo y se est\u00e1 viendo hasta cu\u00e1ndo se puede sostener esto. L\u00f3gicamente todas las variables hacen que esta polin\u00f3mica arroje distintos n\u00fameros, pero bueno, por ahora y tomando en cuenta la situaci\u00f3n existente se suspendi\u00f3\u201d.<\/p>\n","protected":false},"excerpt":{"rendered":"<p>Ediles capitalinos realizaron esta ma\u00f1ana una nueva sesi\u00f3n ordinaria del\u00a0 presente periodo legislativo; oportunidad en la cual tomaron estado parlamentario proyectos de los diferentes bloques, comunicaciones oficiales y particulares, como as\u00ed tambi\u00e9n se avanz\u00f3 con la aprobaci\u00f3n de ordenanzas y minutas de declaraciones.\u00a0 Finalizada la sesi\u00f3n, el vicepresidente primero del Concejo Deliberante, Gast\u00f3n Mill\u00f3n, afirm\u00f3 [&hellip;]<\/p>\n","protected":false},"author":6,"featured_media":6713,"comment_status":"open","ping_status":"open","sticky":false,"template":"","format":"standard","meta":{"_themeisle_gutenberg_block_has_review":false,"footnotes":""},"categories":[32,4],"tags":[1680,58,260],"class_list":["post-8098","post","type-post","status-publish","format-standard","has-post-thumbnail","hentry","category-locales","category-noticias","tag-boleto","tag-jujuy","tag-transporte"],"_links":{"self":[{"href":"https:\/\/horapicodigital.com.ar\/index.php\/wp-json\/wp\/v2\/posts\/8098","targetHints":{"allow":["GET"]}}],"collection":[{"href":"https:\/\/horapicodigital.com.ar\/index.php\/wp-json\/wp\/v2\/posts"}],"about":[{"href":"https:\/\/horapicodigital.com.ar\/index.php\/wp-json\/wp\/v2\/types\/post"}],"author":[{"embeddable":true,"href":"https:\/\/horapicodigital.com.ar\/index.php\/wp-json\/wp\/v2\/users\/6"}],"replies":[{"embeddable":true,"href":"https:\/\/horapicodigital.com.ar\/index.php\/wp-json\/wp\/v2\/comments?post=8098"}],"version-history":[{"count":1,"href":"https:\/\/horapicodigital.com.ar\/index.php\/wp-json\/wp\/v2\/posts\/8098\/revisions"}],"predecessor-version":[{"id":8099,"href":"https:\/\/horapicodigital.com.ar\/index.php\/wp-json\/wp\/v2\/posts\/8098\/revisions\/8099"}],"wp:featuredmedia":[{"embeddable":true,"href":"https:\/\/horapicodigital.com.ar\/index.php\/wp-json\/wp\/v2\/media\/6713"}],"wp:attachment":[{"href":"https:\/\/horapicodigital.com.ar\/index.php\/wp-json\/wp\/v2\/media?parent=8098"}],"wp:term":[{"taxonomy":"category","embeddable":true,"href":"https:\/\/horapicodigital.com.ar\/index.php\/wp-json\/wp\/v2\/categories?post=8098"},{"taxonomy":"post_tag","embeddable":true,"href":"https:\/\/horapicodigital.com.ar\/index.php\/wp-json\/wp\/v2\/tags?post=8098"}],"curies":[{"name":"wp","href":"https:\/\/api.w.org\/{rel}","templated":true}]}}