{"id":7973,"date":"2024-05-03T02:06:08","date_gmt":"2024-05-03T05:06:08","guid":{"rendered":"https:\/\/horapicodigital.com.ar\/?p=7973"},"modified":"2024-05-03T02:06:09","modified_gmt":"2024-05-03T05:06:09","slug":"d-none-la-educacion-es-prioridad-en-cada-lugar-de-la-provincia-se-inauguro-el-nuevo-edificio-del-colegio-secundario-de-tres-cruces","status":"publish","type":"post","link":"https:\/\/horapicodigital.com.ar\/index.php\/2024\/05\/03\/d-none-la-educacion-es-prioridad-en-cada-lugar-de-la-provincia-se-inauguro-el-nuevo-edificio-del-colegio-secundario-de-tres-cruces\/","title":{"rendered":"d-none\u00bb> \u00abLa educaci\u00f3n es prioridad en cada lugar de la provincia\u00bb.\u00a0Se inaugur\u00f3 el nuevo edificio del Colegio Secundario de Tres Cruces"},"content":{"rendered":"\n<p>\u00abEs muy especial inaugurar un edificio escolar tan esperado en la comunidad, y signific\u00f3 poner en valor el inter\u00e9s y compromiso del gobierno provincial en la educaci\u00f3n\u00bb, agreg\u00f3 la ministra.<\/p>\n\n\n\n<p>En el Sal\u00f3n de Usos M\u00faltiples del flamante establecimiento, construido con fondos del PROMACE, Serrano coment\u00f3 que con esta nueva inauguraci\u00f3n, \u00abel Gobierno provincial contin\u00faa transformando energ\u00eda en educaci\u00f3n\u00bb, dado que los nuevos edificios educativos y la adquisici\u00f3n de equipamiento educativo es gracias al cr\u00e9dito educativo que se paga con fondos provenientes de la planta fotovolt\u00e1ica de Cauchari.<\/p>\n\n\n\n<p>El acto comenz\u00f3 con el corte de cintas en el acceso al colegio y el descubrimiento de una placa recordatoria. Posteriormente, junto al plantel docente, supervisores, el estudiantado y numerosos padres y vecinos, se enton\u00f3 el Himno Nacional Argentino, el Himno al \u00c9xodo y se sucedieron los discursos.<\/p>\n\n\n\n<p>Al hacer uso de la palabra, la funcionaria indic\u00f3 que \u201choy m\u00e1s que nunca nuestros chicas y chicas necesitan de nosotros para que tengan las mejores herramientas, los mejores conocimientos para ese mundo del trabajo que los espera\u201d.&nbsp;<\/p>\n\n\n\n<p>Toda la comunidad de Tres Cruces estuvo representada en el acto al que asistieron las autoridades educativas, municipales y de las fuerzas de seguridad.&nbsp;<\/p>\n\n\n\n<p>La ministra Serrano fue recibida por el comisionado municipal Sergio Arturo Mamani y por el director del establecimiento, Amado R\u00edos.&nbsp;<\/p>\n\n\n\n<p>Acompa\u00f1aron a la funcionaria el secretario de Gesti\u00f3n Educativa, Federico Medrano, la secretaria de Cr\u00e9dito Educativo Mar\u00eda Eugenia Mart\u00ednez Alvarado y el director de obras generales de CAF, Andr\u00e9s Perkons y el subdirector, Jos\u00e9 Palomares.<\/p>\n","protected":false},"excerpt":{"rendered":"<p>\u00abEs muy especial inaugurar un edificio escolar tan esperado en la comunidad, y signific\u00f3 poner en valor el inter\u00e9s y compromiso del gobierno provincial en la educaci\u00f3n\u00bb, agreg\u00f3 la ministra. En el Sal\u00f3n de Usos M\u00faltiples del flamante establecimiento, construido con fondos del PROMACE, Serrano coment\u00f3 que con esta nueva inauguraci\u00f3n, \u00abel Gobierno provincial contin\u00faa [&hellip;]<\/p>\n","protected":false},"author":6,"featured_media":7975,"comment_status":"open","ping_status":"open","sticky":false,"template":"","format":"standard","meta":{"_themeisle_gutenberg_block_has_review":false,"footnotes":""},"categories":[248,32],"tags":[251,58,2119],"class_list":["post-7973","post","type-post","status-publish","format-standard","has-post-thumbnail","hentry","category-educacion","category-locales","tag-educacion-2","tag-jujuy","tag-tres-cruces"],"_links":{"self":[{"href":"https:\/\/horapicodigital.com.ar\/index.php\/wp-json\/wp\/v2\/posts\/7973","targetHints":{"allow":["GET"]}}],"collection":[{"href":"https:\/\/horapicodigital.com.ar\/index.php\/wp-json\/wp\/v2\/posts"}],"about":[{"href":"https:\/\/horapicodigital.com.ar\/index.php\/wp-json\/wp\/v2\/types\/post"}],"author":[{"embeddable":true,"href":"https:\/\/horapicodigital.com.ar\/index.php\/wp-json\/wp\/v2\/users\/6"}],"replies":[{"embeddable":true,"href":"https:\/\/horapicodigital.com.ar\/index.php\/wp-json\/wp\/v2\/comments?post=7973"}],"version-history":[{"count":1,"href":"https:\/\/horapicodigital.com.ar\/index.php\/wp-json\/wp\/v2\/posts\/7973\/revisions"}],"predecessor-version":[{"id":7976,"href":"https:\/\/horapicodigital.com.ar\/index.php\/wp-json\/wp\/v2\/posts\/7973\/revisions\/7976"}],"wp:featuredmedia":[{"embeddable":true,"href":"https:\/\/horapicodigital.com.ar\/index.php\/wp-json\/wp\/v2\/media\/7975"}],"wp:attachment":[{"href":"https:\/\/horapicodigital.com.ar\/index.php\/wp-json\/wp\/v2\/media?parent=7973"}],"wp:term":[{"taxonomy":"category","embeddable":true,"href":"https:\/\/horapicodigital.com.ar\/index.php\/wp-json\/wp\/v2\/categories?post=7973"},{"taxonomy":"post_tag","embeddable":true,"href":"https:\/\/horapicodigital.com.ar\/index.php\/wp-json\/wp\/v2\/tags?post=7973"}],"curies":[{"name":"wp","href":"https:\/\/api.w.org\/{rel}","templated":true}]}}