{"id":7957,"date":"2024-04-30T01:39:18","date_gmt":"2024-04-30T04:39:18","guid":{"rendered":"https:\/\/horapicodigital.com.ar\/?p=7957"},"modified":"2024-04-30T01:39:47","modified_gmt":"2024-04-30T04:39:47","slug":"invasion-de-israel-en-rafah-von-der-leyen-advirtio-que-seria-inaceptable-y-la-ue-actuara-de-oficio","status":"publish","type":"post","link":"https:\/\/horapicodigital.com.ar\/index.php\/2024\/04\/30\/invasion-de-israel-en-rafah-von-der-leyen-advirtio-que-seria-inaceptable-y-la-ue-actuara-de-oficio\/","title":{"rendered":"Invasi\u00f3n de Israel en Rafah:\u00a0Von der Leyen advirti\u00f3 que ser\u00eda \u00abinaceptable\u00bb y la UE actuar\u00e1 de oficio"},"content":{"rendered":"\n<p>La candidata del\u00a0Partido Popular Europeo\u00a0(PPE) a presidir la\u00a0Comisi\u00f3n Europea\u00a0y actual presidenta de la instituci\u00f3n,\u00a0Ursula von der Leyen, afirm\u00f3 este lunes que una invasi\u00f3n de la ciudad gazat\u00ed de\u00a0Rafah\u00a0ser\u00eda \u00abinaceptable\u00bb y que la\u00a0Uni\u00f3n Europea\u00a0(UE) actuar\u00eda en consecuencia.<\/p>\n\n\n\n<p>\u00abNunca pongo l\u00edneas rojas, pero creo que ser\u00eda completamente inaceptable si (el primer ministro israel\u00ed, Benjam\u00edn) Netanhayu invadiera Rafah\u00bb, indic\u00f3 Von der Leyen, durante el primer debate de cara a las elecciones al\u00a0Parlamento Europeo\u00a0del domingo\u00a09 de junio.<\/p>\n\n\n\n<p>El representante de la\u00a0Izquierda Europea,\u00a0Walter Baier, pregunt\u00f3 a la pol\u00edtica alemana si la UE impondr\u00e1 sanciones a Israel para \u00abponer fin a la guerra de Gaza\u00bb y, adem\u00e1s, qu\u00e9 significa el considerar inaceptable tal invasi\u00f3n.<\/p>\n\n\n\n<p>\u00abEntonces nos tendr\u00edamos que\u00a0sentar con nuestros Estados miembros y actuar\u00bb, enfatiz\u00f3 la candidata del PPE, sin aludir a la posibilidad de que la reacci\u00f3n incluyera sanciones, algo que deciden por unanimidad los &#8216;<em>Veintisiete<\/em>&#8216;.<\/p>\n\n\n\n<p><img decoding=\"async\" src=\"https:\/\/www.canal26.com\/media\/image\/2024\/04\/29\/600511.jpg\" alt=\"Ursula von der Leyen, presidenta de la Comisi\u00f3n Europea. Foto: Reuters.\"><strong><em>Ursula von der Leyen, presidenta de la Comisi\u00f3n Europea. Foto: Reuters.<\/em><\/strong><\/p>\n\n\n\n<p>Von der Leyen recalc\u00f3 que en sus interacciones con el Gobierno de Israel dej\u00f3 claro que el pa\u00eds tiene \u00abderecho a defenderse dentro de los\u00a0l\u00edmites de la ley humanitaria e internacional\u00bb tras los ataques del grupo islamista\u00a0Ham\u00e1s\u00a0del pasado\u00a07 de octubre.<\/p>\n\n\n\n<p>Tambi\u00e9n, expres\u00f3 que visit\u00f3 el paso fronterizo de Rafah y manifest\u00f3 que la cantidad de civiles inocentes que est\u00e1n muriendo, especialmente ni\u00f1os, es \u00abinsoportable e inaceptable\u00bb.<\/p>\n\n\n\n<p><img decoding=\"async\" src=\"https:\/\/www.canal26.com\/media\/image\/2024\/03\/03\/591665.jpg\" alt=\"Ataques en Rafah, sur de Gaza. Foto: Reuters.\"><strong><em>Ataques en Rafah, sur de Gaza. Foto: Reuters.<\/em><\/strong><\/p>\n\n\n\n<p>\u00abPor ello, necesitamos un alto el fuego, necesitamos la liberaci\u00f3n de los rehenes y necesitamos sentarnos en la soluci\u00f3n de dos Estados para\u00a0llevar paz a la regi\u00f3n\u00bb, concluy\u00f3 y reiter\u00f3 que hizo \u00abtodo lo necesario y posible\u00bb para combatir el antisemitismo.<\/p>\n\n\n\n<h2 class=\"wp-block-heading\">Impulso de producci\u00f3n europea de armas<\/h2>\n\n\n\n<p>Ursula von der Leyen pidi\u00f3 invertir en la producci\u00f3n de capacidades militares en\u00a0Europa\u00a0ante riesgos que consider\u00f3 \u00abclaros y presentes\u00bb. \u00abInvertir en la industria de defensa es necesario porque los riesgos para Europa que vemos en este momento son claros y presentes\u00bb, asegur\u00f3 Von der Leyen.<\/p>\n\n\n\n<p>\u00abNecesitamos capacidades militares hechas en Europa. Quiero buenos empleos como resultado de esas inversiones aqu\u00ed en Europa. Y quiero capacidades militares hechas en Europa que sean interoperables entre nuestras tropas\u00bb, enfatiz\u00f3 la funcionaria alemana.<\/p>\n","protected":false},"excerpt":{"rendered":"<p>La candidata del\u00a0Partido Popular Europeo\u00a0(PPE) a presidir la\u00a0Comisi\u00f3n Europea\u00a0y actual presidenta de la instituci\u00f3n,\u00a0Ursula von der Leyen, afirm\u00f3 este lunes que una invasi\u00f3n de la ciudad gazat\u00ed de\u00a0Rafah\u00a0ser\u00eda \u00abinaceptable\u00bb y que la\u00a0Uni\u00f3n Europea\u00a0(UE) actuar\u00eda en consecuencia. \u00abNunca pongo l\u00edneas rojas, pero creo que ser\u00eda completamente inaceptable si (el primer ministro israel\u00ed, Benjam\u00edn) Netanhayu invadiera Rafah\u00bb, [&hellip;]<\/p>\n","protected":false},"author":6,"featured_media":7960,"comment_status":"open","ping_status":"open","sticky":false,"template":"","format":"standard","meta":{"_themeisle_gutenberg_block_has_review":false,"footnotes":""},"categories":[7,4],"tags":[2115,693,19],"class_list":["post-7957","post","type-post","status-publish","format-standard","has-post-thumbnail","hentry","category-mundo","category-noticias","tag-invasion","tag-israel","tag-mundo"],"_links":{"self":[{"href":"https:\/\/horapicodigital.com.ar\/index.php\/wp-json\/wp\/v2\/posts\/7957","targetHints":{"allow":["GET"]}}],"collection":[{"href":"https:\/\/horapicodigital.com.ar\/index.php\/wp-json\/wp\/v2\/posts"}],"about":[{"href":"https:\/\/horapicodigital.com.ar\/index.php\/wp-json\/wp\/v2\/types\/post"}],"author":[{"embeddable":true,"href":"https:\/\/horapicodigital.com.ar\/index.php\/wp-json\/wp\/v2\/users\/6"}],"replies":[{"embeddable":true,"href":"https:\/\/horapicodigital.com.ar\/index.php\/wp-json\/wp\/v2\/comments?post=7957"}],"version-history":[{"count":1,"href":"https:\/\/horapicodigital.com.ar\/index.php\/wp-json\/wp\/v2\/posts\/7957\/revisions"}],"predecessor-version":[{"id":7961,"href":"https:\/\/horapicodigital.com.ar\/index.php\/wp-json\/wp\/v2\/posts\/7957\/revisions\/7961"}],"wp:featuredmedia":[{"embeddable":true,"href":"https:\/\/horapicodigital.com.ar\/index.php\/wp-json\/wp\/v2\/media\/7960"}],"wp:attachment":[{"href":"https:\/\/horapicodigital.com.ar\/index.php\/wp-json\/wp\/v2\/media?parent=7957"}],"wp:term":[{"taxonomy":"category","embeddable":true,"href":"https:\/\/horapicodigital.com.ar\/index.php\/wp-json\/wp\/v2\/categories?post=7957"},{"taxonomy":"post_tag","embeddable":true,"href":"https:\/\/horapicodigital.com.ar\/index.php\/wp-json\/wp\/v2\/tags?post=7957"}],"curies":[{"name":"wp","href":"https:\/\/api.w.org\/{rel}","templated":true}]}}