{"id":7954,"date":"2024-04-30T01:35:48","date_gmt":"2024-04-30T04:35:48","guid":{"rendered":"https:\/\/horapicodigital.com.ar\/?p=7954"},"modified":"2024-04-30T01:35:49","modified_gmt":"2024-04-30T04:35:49","slug":"ley-bases-guillermo-francos-y-karina-milei-fueron-a-diputados-y-el-gobierno-comienza-a-asegurarse-los-votos","status":"publish","type":"post","link":"https:\/\/horapicodigital.com.ar\/index.php\/2024\/04\/30\/ley-bases-guillermo-francos-y-karina-milei-fueron-a-diputados-y-el-gobierno-comienza-a-asegurarse-los-votos\/","title":{"rendered":"Ley Bases: Guillermo Francos y Karina Milei fueron a Diputados y el Gobierno comienza a asegurarse los votos"},"content":{"rendered":"\n<p>En la primera jornada de debate de la nueva Ley Bases, el ministro del Interior,\u00a0Guillermo Francos, se traslad\u00f3 hasta el Congreso para saludar a los referentes de La Libertad Avanza y conversar sobre la actualidad de las negociaciones, en medio de cr\u00edticas por parte de la oposici\u00f3n sobre algunos aspectos del proyecto y la expectativa del Gobierno de que no se vuelva a caer la iniciativa.\u00a0M\u00e1s tarde, lleg\u00f3 Karina Milei, secretaria general de la Presidencia y hermana del jefe de Estado.<\/p>\n\n\n\n<p>Si bien el oficialismo contin\u00faa confiando en que el texto que obtuvo dictamen la semana pasada en el plenario de comisiones tiene el consenso necesario como para ser sancionado, las autoridades nacionales no quieren tener sorpresas de \u00faltimo minuto.<\/p>\n\n\n\n<p>En ese contexto, el funcionario se acerc\u00f3 hasta la C\u00e1mara de Diputados tras regresar de un encuentro con intendentes que encabez\u00f3 en Rosario y tom\u00f3 conocimiento de cr\u00edticas al paquete de reformas, principalmente por parte del kirchnerismo.<\/p>\n\n\n\n<p>Puntualmente, el bloque liderado por Germ\u00e1n Mart\u00ednez protest\u00f3 por el art\u00edculo 3 de la Ley Bases, el cual faculta al Poder Ejecutivo a\u00a0modificar competencias, trasladar a las provincias o disolver\u00a0algunos \u201c\u00f3rganos u organismos de la administraci\u00f3n central o descentralizada\u201d.<\/p>\n\n\n\n<p>De esta manera, seg\u00fan se\u00f1al\u00f3 ese espacio, se podr\u00edan eliminar distintas entidades, aunque la misma norma aclara que quedan excluidos de la medida el Conicet, las universidades, la Anmat, el Incaa, el Enacom, el INTA y el Incucai, entre otros.<\/p>\n\n\n\n<p>En ese marco, Francos convers\u00f3 con los diputados de La Libertad Avanza, que minimizaron el conflicto y no creen que vaya a ser un freno para la iniciativa: \u201cLo mencion\u00f3 un diputado kirchnerista al pasar, pero nada m\u00e1s que eso\u201d, explic\u00f3 un importante integrante del oficialismo.<\/p>\n\n\n\n<p>En tanto, tal como hace todos los lunes, excepto que surja alg\u00fan motivo que lo obligue a cambiar la agenda, el presidente\u00a0Javier Milei\u00a0se qued\u00f3 trabajando en la\u00a0Quinta de Olivos, desde donde sigui\u00f3 el inicio de la primera jornada de debate de la nueva Ley Bases en la C\u00e1mara de Diputados, aunque sin dejar de lado otros asuntos.<\/p>\n\n\n\n<p>En la residencia oficial, el mandatario nacional comenz\u00f3 estudiando principalmente la situaci\u00f3n econ\u00f3mica del pa\u00eds, que sigue siendo una de sus mayores preocupaciones, y por momentos se interioriz\u00f3 de lo que estaba ocurriendo en el recinto parlamentario.<\/p>\n\n\n\n<p>\u201cEs aburrido, no creo que pierda tiempo mirando el espect\u00e1culo pat\u00e9tico en Diputados\u201d, resumi\u00f3<strong>\u00a0<\/strong>uno de los colaboradores del jefe de Estado, que desestim\u00f3 que el libertario est\u00e9 preocupado por los discursos de los legisladores.<\/p>\n\n\n\n<p>Por la tarde, Milei particip\u00f3 junto a su hermana y secretaria general de la Presidencia, Karina Milei, del arribo al puerto de Buenos Aires del buque Cutter James de la Guardia Costera de Estados Unidos, que realizar\u00e1 tareas de patrullaje contra la pesca ilegal en el Atl\u00e1ntico Sur.<\/p>\n\n\n\n<p><img loading=\"lazy\" decoding=\"async\" alt=\"Javier y Karina Milei arribando al puerto de Buenos Aires\" height=\"1067\" width=\"1600\" class=\"\" src=\"https:\/\/www.infobae.com\/new-resizer\/K7gh9cygKmQhiTBLVcPudVLBTNY=\/420x280\/filters:format(webp):quality(85)\/cloudfront-us-east-1.images.arcpublishing.com\/infobae\/RQLC7N65VZBSTATRQ4NZW7S6SE.jpeg%20420w\" srcset=\"https:\/\/www.infobae.com\/new-resizer\/K7gh9cygKmQhiTBLVcPudVLBTNY=\/420x280\/filters:format(webp):quality(85)\/cloudfront-us-east-1.images.arcpublishing.com\/infobae\/RQLC7N65VZBSTATRQ4NZW7S6SE.jpeg 420w,https:\/\/www.infobae.com\/new-resizer\/9dcXK54y3ZiOYc3IAdPywQZYfOo=\/768x512\/filters:format(webp):quality(85)\/cloudfront-us-east-1.images.arcpublishing.com\/infobae\/RQLC7N65VZBSTATRQ4NZW7S6SE.jpeg 768w,https:\/\/www.infobae.com\/new-resizer\/3y58RTJJRyQ2dGSYAvFElnRYE8A=\/992x661\/filters:format(webp):quality(85)\/cloudfront-us-east-1.images.arcpublishing.com\/infobae\/RQLC7N65VZBSTATRQ4NZW7S6SE.jpeg 992w,https:\/\/www.infobae.com\/new-resizer\/jiSqamRoh0XNEDBqOKgGgIEVSj4=\/1200x800\/filters:format(webp):quality(85)\/cloudfront-us-east-1.images.arcpublishing.com\/infobae\/RQLC7N65VZBSTATRQ4NZW7S6SE.jpeg 1200w,https:\/\/www.infobae.com\/new-resizer\/243aF9uYocJZTRKVD65kN13N2VE=\/1440x960\/filters:format(webp):quality(85)\/cloudfront-us-east-1.images.arcpublishing.com\/infobae\/RQLC7N65VZBSTATRQ4NZW7S6SE.jpeg 1440w\">Javier y Karina Milei arribando al puerto de Buenos Aires<\/p>\n\n\n\n<p>De hecho, en la previa del inicio de la sesi\u00f3n, el Presidente no hizo menci\u00f3n alguna al tratamiento del proyecto, mientras que su vocero,\u00a0Manuel Adorni, en conferencia de prensa se limit\u00f3 a destacar el respaldo a la iniciativa por parte de la Asociaci\u00f3n de Emprendedores de Argentina.<\/p>\n\n\n\n<p>\u201cPresentaron en el debate en comisiones, para apoyar el proyecto, un compromiso a partir del cual, de promulgarse la ley, se seguir\u00eda el lema de \u2018un mill\u00f3n de pymes pueden tomar un mill\u00f3n de empleados\u2019. Hasta el momento ya hay 350 empresas y 3500 emprendedores que se han sumado a esta iniciativa y, por supuesto, esto no es ni m\u00e1s ni menos que la representaci\u00f3n de la buena voluntad de los argentinos que trabajan\u201d, se\u00f1al\u00f3 el funcionario.<\/p>\n\n\n\n<p>Tal como viene publicando este medio, el Gobierno est\u00e1 confiado en que, esta vez, tanto la Ley Bases como el paquete fiscal tienen el consenso necesario con la oposici\u00f3n como para ser aprobados, por lo que se aspira a que en la madrugada del mi\u00e9rcoles ambos textos ya podr\u00edan tener media sanci\u00f3n.<\/p>\n\n\n\n<p><img loading=\"lazy\" decoding=\"async\" alt=\"La C\u00e1mara de Diputados debate la nueva Ley Bases (Franco Fafasuli)\" height=\"2000\" width=\"3008\" class=\"\" src=\"https:\/\/www.infobae.com\/new-resizer\/PrDladRSi46i6tT58mj-s-pnnOc=\/420x280\/filters:format(webp):quality(85)\/cloudfront-us-east-1.images.arcpublishing.com\/infobae\/DOAEAU4U3BEI7MPNG6L46WMZT4.JPG%20420w\" srcset=\"https:\/\/www.infobae.com\/new-resizer\/PrDladRSi46i6tT58mj-s-pnnOc=\/420x280\/filters:format(webp):quality(85)\/cloudfront-us-east-1.images.arcpublishing.com\/infobae\/DOAEAU4U3BEI7MPNG6L46WMZT4.JPG 420w,https:\/\/www.infobae.com\/new-resizer\/vkamy2TRxPU9okcSV8_7WAmiFPs=\/768x512\/filters:format(webp):quality(85)\/cloudfront-us-east-1.images.arcpublishing.com\/infobae\/DOAEAU4U3BEI7MPNG6L46WMZT4.JPG 768w,https:\/\/www.infobae.com\/new-resizer\/0Por42xOv1vt-l_42mioZohbrDw=\/992x661\/filters:format(webp):quality(85)\/cloudfront-us-east-1.images.arcpublishing.com\/infobae\/DOAEAU4U3BEI7MPNG6L46WMZT4.JPG 992w,https:\/\/www.infobae.com\/new-resizer\/G5nJ84PACiA26O69qNLFssvEjZY=\/1200x800\/filters:format(webp):quality(85)\/cloudfront-us-east-1.images.arcpublishing.com\/infobae\/DOAEAU4U3BEI7MPNG6L46WMZT4.JPG 1200w,https:\/\/www.infobae.com\/new-resizer\/eVq6yHFfiNmQWrxmsM1jSvLPpkA=\/1440x960\/filters:format(webp):quality(85)\/cloudfront-us-east-1.images.arcpublishing.com\/infobae\/DOAEAU4U3BEI7MPNG6L46WMZT4.JPG 1440w\">La C\u00e1mara de Diputados debate la nueva Ley Bases (Franco Fafasuli)<\/p>\n\n\n\n<p>No obstante, fuentes cercanas a Milei advirtieron que el mandatario nacional \u201cno tiene ning\u00fan problema en volver a retirar la propuesta del recinto si ve que los diputados dejan los dedos marcados\u201d, que, para el oficialismo, implicar\u00eda que se rechacen algunos art\u00edculos que consideren \u201cclaves\u201d.<\/p>\n\n\n\n<p>Por su parte, cuando comenz\u00f3 el debate, el ministro del Interior, Guillermo Francos, que en los \u00faltimos meses estuvo al frente de las negociaciones con gobernadores y l\u00edderes de los partidos \u201cdialoguistas\u201d, se encontraba en Rosario, participando de un encuentro con intendentes.<\/p>\n\n\n\n<p>Adem\u00e1s del anfitri\u00f3n,\u00a0Pablo Javkin, asistieron a esa reuni\u00f3n\u00a0Daniel Passerini\u00a0(C\u00f3rdoba);\u00a0Guillermo Montenegro\u00a0(General Pueyrred\u00f3n);\u00a0Rosario Romero\u00a0(Paran\u00e1);\u00a0Arnaldo Molina\u00a0(La Rioja);\u00a0Ulpiano Su\u00e1rez\u00a0(Mendoza);\u00a0Leonardo Stelatto\u00a0(Posadas);\u00a0Mariano Gaido\u00a0(Neuqu\u00e9n);\u00a0Emiliano Durand\u00a0(Salta);\u00a0Susana Laciar\u00a0(San Juan);\u00a0Pablo Grasso\u00a0(R\u00edo Gallegos);\u00a0Juan Pablo Poletti\u00a0(Santa Fe); y\u00a0Norma Fuentes\u00a0(Santiago del Estero).<\/p>\n\n\n\n<p>Asimismo, en representaci\u00f3n de sus respectivos municipios asistieron el secretario de Gabinete y Modernizaci\u00f3n de San Fernando del Valle de Catamarca,\u00a0Mariano Rosales; el presidente del Concejo Deliberante de San Salvador de Jujuy,\u00a0Lisandro Aguiar; el secretario de Coordinaci\u00f3n de Gobierno de la ciudad de Corrientes,\u00a0Hugo Calvano; y el jefe de gabinete de la ciudad de Formosa,\u00a0Mauricio Nadalich.<\/p>\n\n\n\n<p>\u201cFue una reuni\u00f3n muy positiva, con intendentes de ciudades de todo el pa\u00eds que tienen problem\u00e1ticas muy parecidas. En un momento dif\u00edcil para el pa\u00eds, es importante sentarse en una mesa entre autoridades de distintos espacios pol\u00edticos, con distintas realidades, para evaluar c\u00f3mo trabajar juntos. A partir del di\u00e1logo se pueden lograr muchas cosas\u201d, remarc\u00f3 Francos.<\/p>\n\n\n\n<p><img loading=\"lazy\" decoding=\"async\" alt=\"Guillermo Francos con Maximiliano Pullaro y cerca de 20 intendentes de todo el pa\u00eds \" height=\"1068\" width=\"1600\" class=\"\" src=\"https:\/\/www.infobae.com\/new-resizer\/enwb99lxmT7UqY5dVcJU0CRcWIY=\/420x280\/filters:format(webp):quality(85)\/cloudfront-us-east-1.images.arcpublishing.com\/infobae\/NIZEGBQV6NAHTKJNUTMNVTYLXY.jpeg%20420w\" srcset=\"https:\/\/www.infobae.com\/new-resizer\/enwb99lxmT7UqY5dVcJU0CRcWIY=\/420x280\/filters:format(webp):quality(85)\/cloudfront-us-east-1.images.arcpublishing.com\/infobae\/NIZEGBQV6NAHTKJNUTMNVTYLXY.jpeg 420w,https:\/\/www.infobae.com\/new-resizer\/EDs6grtFU4XQVtlxbIqWM7KDqn8=\/768x512\/filters:format(webp):quality(85)\/cloudfront-us-east-1.images.arcpublishing.com\/infobae\/NIZEGBQV6NAHTKJNUTMNVTYLXY.jpeg 768w,https:\/\/www.infobae.com\/new-resizer\/mHHXfED8fESaehHyeMBB6BHc8sM=\/992x661\/filters:format(webp):quality(85)\/cloudfront-us-east-1.images.arcpublishing.com\/infobae\/NIZEGBQV6NAHTKJNUTMNVTYLXY.jpeg 992w,https:\/\/www.infobae.com\/new-resizer\/XVm0LYKBiiHWT_MFEV2QPdai6tM=\/1200x800\/filters:format(webp):quality(85)\/cloudfront-us-east-1.images.arcpublishing.com\/infobae\/NIZEGBQV6NAHTKJNUTMNVTYLXY.jpeg 1200w,https:\/\/www.infobae.com\/new-resizer\/6bI5MzZGXbvOT_RGes76hWVYPYg=\/1440x960\/filters:format(webp):quality(85)\/cloudfront-us-east-1.images.arcpublishing.com\/infobae\/NIZEGBQV6NAHTKJNUTMNVTYLXY.jpeg 1440w\">Guillermo Francos con Maximiliano Pullaro y cerca de 20 intendentes de todo el pa\u00eds<\/p>\n\n\n\n<p>El ministro se mostr\u00f3, adem\u00e1s, junto al gobernador de Santa Fe,\u00a0Maximiliano Pullaro, que tambi\u00e9n particip\u00f3 del acto y es uno de los l\u00edderes provinciales que se expresaron con cr\u00edticas sobre algunos de los puntos que integran la Ley Bases.<\/p>\n\n\n\n<p>Tras asistir a ese encuentro, el funcionario nacional emprendi\u00f3 su regreso a Buenos Aires y, seg\u00fan confirmaron diferentes fuentes cerca de las 19:00 ya estaba en el\u00a0Congreso\u00a0para presenciar el tratamiento del proyecto.<\/p>\n\n\n\n<p>En el evento con los intendentes, el titular de la cartera del Interior se refiri\u00f3 a las reformas que impulsa el Gobierno y asegur\u00f3 que, si se aprueban, van \u201ca tener implicancia en el desarrollo productivo de la Argentina y en la posibilidad de que se incorporen capitales que ayuden a resolver nuestras dificultades\u201d.<\/p>\n\n\n\n<p>\u201cOjal\u00e1 el esp\u00edritu que encontramos en esta reuni\u00f3n con intendentes se replique tambi\u00e9n en el Congreso de la Naci\u00f3n, en el que distintos espacios pol\u00edticos trabajen para buscar soluciones. Las leyes que tratar\u00e1 el Parlamento esta semana generar\u00e1n crecimiento, actividad econ\u00f3mica y bienestar para todos los argentinos\u201d, concluy\u00f3 Francos.<\/p>\n","protected":false},"excerpt":{"rendered":"<p>En la primera jornada de debate de la nueva Ley Bases, el ministro del Interior,\u00a0Guillermo Francos, se traslad\u00f3 hasta el Congreso para saludar a los referentes de La Libertad Avanza y conversar sobre la actualidad de las negociaciones, en medio de cr\u00edticas por parte de la oposici\u00f3n sobre algunos aspectos del proyecto y la expectativa [&hellip;]<\/p>\n","protected":false},"author":6,"featured_media":7929,"comment_status":"open","ping_status":"open","sticky":false,"template":"","format":"standard","meta":{"_themeisle_gutenberg_block_has_review":false,"footnotes":""},"categories":[4,35],"tags":[2011,971,85],"class_list":["post-7954","post","type-post","status-publish","format-standard","has-post-thumbnail","hentry","category-noticias","category-pais","tag-ley-bases","tag-milei","tag-pais"],"_links":{"self":[{"href":"https:\/\/horapicodigital.com.ar\/index.php\/wp-json\/wp\/v2\/posts\/7954","targetHints":{"allow":["GET"]}}],"collection":[{"href":"https:\/\/horapicodigital.com.ar\/index.php\/wp-json\/wp\/v2\/posts"}],"about":[{"href":"https:\/\/horapicodigital.com.ar\/index.php\/wp-json\/wp\/v2\/types\/post"}],"author":[{"embeddable":true,"href":"https:\/\/horapicodigital.com.ar\/index.php\/wp-json\/wp\/v2\/users\/6"}],"replies":[{"embeddable":true,"href":"https:\/\/horapicodigital.com.ar\/index.php\/wp-json\/wp\/v2\/comments?post=7954"}],"version-history":[{"count":1,"href":"https:\/\/horapicodigital.com.ar\/index.php\/wp-json\/wp\/v2\/posts\/7954\/revisions"}],"predecessor-version":[{"id":7958,"href":"https:\/\/horapicodigital.com.ar\/index.php\/wp-json\/wp\/v2\/posts\/7954\/revisions\/7958"}],"wp:featuredmedia":[{"embeddable":true,"href":"https:\/\/horapicodigital.com.ar\/index.php\/wp-json\/wp\/v2\/media\/7929"}],"wp:attachment":[{"href":"https:\/\/horapicodigital.com.ar\/index.php\/wp-json\/wp\/v2\/media?parent=7954"}],"wp:term":[{"taxonomy":"category","embeddable":true,"href":"https:\/\/horapicodigital.com.ar\/index.php\/wp-json\/wp\/v2\/categories?post=7954"},{"taxonomy":"post_tag","embeddable":true,"href":"https:\/\/horapicodigital.com.ar\/index.php\/wp-json\/wp\/v2\/tags?post=7954"}],"curies":[{"name":"wp","href":"https:\/\/api.w.org\/{rel}","templated":true}]}}