{"id":7947,"date":"2024-04-30T01:26:08","date_gmt":"2024-04-30T04:26:08","guid":{"rendered":"https:\/\/horapicodigital.com.ar\/?p=7947"},"modified":"2024-04-30T01:26:09","modified_gmt":"2024-04-30T04:26:09","slug":"gestion-estatal-agua-potable-inicio-la-historica-obra-de-provision-de-agua-para-el-ceibal","status":"publish","type":"post","link":"https:\/\/horapicodigital.com.ar\/index.php\/2024\/04\/30\/gestion-estatal-agua-potable-inicio-la-historica-obra-de-provision-de-agua-para-el-ceibal\/","title":{"rendered":"Gesti\u00f3n estatal.\u00a0Agua Potable inici\u00f3 la hist\u00f3rica obra de provisi\u00f3n de agua para El Ceibal"},"content":{"rendered":"\n<p>Junto a los vecinos que ser\u00e1n beneficiados con esta respuesta hist\u00f3rica a su pedido,\u00a0<strong>Agua Potable de Jujuy<\/strong>\u00a0dio inicio a los trabajos de la obra de provisi\u00f3n de agua para el barrio Lagunas de El Ceibal. El proyecto in\u00e9dito en la zona ser\u00e1 ejecutado y financiado por la empresa estatal en conjunto con los propios residentes con un plazo de finalizaci\u00f3n de seis meses.<\/p>\n\n\n\n<p>Habiendo escuchado este reclamo de los habitantes del sector, el directorio actual de la compa\u00f1\u00eda de servicios, encabezado por su presidente Juan Carlos Garc\u00eda, decidi\u00f3 dar una soluci\u00f3n final a esta situaci\u00f3n que data de varios a\u00f1os.<\/p>\n\n\n\n<figure class=\"wp-block-image\"><img decoding=\"async\" src=\"https:\/\/media.prensa.jujuy.gob.ar\/p\/ee9846f5ee5307aa008bce85c4c148b5\/adjuntos\/301\/imagenes\/000\/394\/0000394952\/1200x0\/smart\/fotos-agua-potable-inicio-la-historica-obra-provision-agua-el-ceibal-1jpg.jpg\" alt=\"\" title=\"\"\/><\/figure>\n\n\n\n<p><sub>La traza delineada de aproximadamente 900 metros de PVC que colocar\u00e1 Agua Potable de Jujuy.<\/sub><\/p>\n\n\n\n<p>Luego de distintos trabajos t\u00e9cnicos y anal\u00edticos del sitio, profesionales de Agua Potable delinearon las acciones a llevar a cabo para proveer de servicio de red a los hogares de El Ceibal, cuya actual prestaci\u00f3n es mediante camiones cisternas suministrados por la empresa.&nbsp;<\/p>\n\n\n\n<p>El punto clave del proyecto fue la donaci\u00f3n de una nueva fuente de agua por parte del grupo Agostini. Esta es fundamental ya que es el eje de apoyo esencial que permitir\u00e1 el posterior desarrollo del proyecto de red de agua potable para el barrio.&nbsp;<\/p>\n\n\n\n<p>Dentro del trabajo preliminar que se empez\u00f3 este lunes estuvo el movimiento de tierras para la futura disposici\u00f3n de la ca\u00f1er\u00eda, teniendo en cuenta que la traza de aproximadamente 900 metros ya est\u00e1 planteada en las calles. Esta flamante red de PVC clase 6 iniciar\u00e1 en la planta potabilizadora donada y finalizar\u00e1 en el sector beneficiado; abarcando adem\u00e1s loteos postergados que permitieron liberar la traza de la obra principal.&nbsp;<\/p>\n\n\n\n<p><strong>Esta obra ser\u00e1 \u00abuna soluci\u00f3n definitiva para la provisi\u00f3n de agua de El Ceibal\u00bb<\/strong><\/p>\n\n\n\n<figure class=\"wp-block-image\"><img decoding=\"async\" src=\"https:\/\/media.prensa.jujuy.gob.ar\/p\/c81d91c6b4dbcd13e0175dd7edcaaca3\/adjuntos\/301\/imagenes\/000\/394\/0000394953\/1200x0\/smart\/fotos-agua-potable-inicio-la-historica-obra-provision-agua-el-ceibal-4jpeg.jpeg\" alt=\"\" title=\"\"\/><\/figure>\n\n\n\n<p><sub>Funcionarios estatales dialogan con los vecinos beneficiados por esta importante obra del gobierno de Carlos Sadir.<\/sub>&nbsp;<\/p>\n\n\n\n<p>Del comienzo de la gran obra participaron el ingeniero Juan Carlos Garc\u00eda, presidente de Agua Potable; \u00c1lvaro De Bedia, intendente de San Antonio; el ingeniero Marcelo Jorge, vocal t\u00e9cnico de la empresa; la ingeniera Natalia Zarrelli, gerente general; ingenieros pertenecientes a Estudios y Proyectos, personal t\u00e9cnico, operativo y vecinos del lugar.&nbsp;<\/p>\n\n\n\n<p>All\u00ed, el titular de la compa\u00f1\u00eda estatal destac\u00f3 que esta es una intervenci\u00f3n m\u00e1s que importante de la gesti\u00f3n del gobernador Carlos Sadir que proveer\u00e1 de una \u201csoluci\u00f3n definitiva para la provisi\u00f3n de agua de El Ceibal\u201d.&nbsp;<\/p>\n\n\n\n<p>Se\u00f1al\u00f3 que en su momento este barrio \u201ctuvo un desarrollo por loteadores que no provey\u00f3 del servicio de agua y hoy Agua Potable ha tomado la posta, haciendo todos los movimientos previos por los cuales hoy se inicia esta obra con un lapso de 6 meses\u201d.&nbsp;<\/p>\n\n\n\n<p>\u201cAprovechando una fuente de agua nueva, que ha sido aportada por el grupo de desarrollo Agostini, de los que tomamos el servicio, se nos permite tomar esta soluci\u00f3n para los vecinos\u201d expres\u00f3 Garc\u00eda.&nbsp;<\/p>\n\n\n\n<p>Sobre la duraci\u00f3n del proyecto, en esta primera etapa, recalc\u00f3 la importancia del trabajo en conjunto entre gobierno, empresa y vecinos para que la misma se pueda terminar de forma completa y sin inconvenientes. Explic\u00f3 que las gestiones de documentaci\u00f3n son fundamentales para que se brinde finalmente, despu\u00e9s de tanto tiempo, un \u201cservicio legal y seguro, que es la prioridad n\u00famero del gobernador Sadir y el Ministro de Infraestructura, Carlos Stanic\u201d.<\/p>\n","protected":false},"excerpt":{"rendered":"<p>Junto a los vecinos que ser\u00e1n beneficiados con esta respuesta hist\u00f3rica a su pedido,\u00a0Agua Potable de Jujuy\u00a0dio inicio a los trabajos de la obra de provisi\u00f3n de agua para el barrio Lagunas de El Ceibal. El proyecto in\u00e9dito en la zona ser\u00e1 ejecutado y financiado por la empresa estatal en conjunto con los propios residentes [&hellip;]<\/p>\n","protected":false},"author":6,"featured_media":7951,"comment_status":"open","ping_status":"open","sticky":false,"template":"","format":"standard","meta":{"_themeisle_gutenberg_block_has_review":false,"footnotes":""},"categories":[32,4],"tags":[1626,2114,58],"class_list":["post-7947","post","type-post","status-publish","format-standard","has-post-thumbnail","hentry","category-locales","category-noticias","tag-agua-potable","tag-ceibal","tag-jujuy"],"_links":{"self":[{"href":"https:\/\/horapicodigital.com.ar\/index.php\/wp-json\/wp\/v2\/posts\/7947","targetHints":{"allow":["GET"]}}],"collection":[{"href":"https:\/\/horapicodigital.com.ar\/index.php\/wp-json\/wp\/v2\/posts"}],"about":[{"href":"https:\/\/horapicodigital.com.ar\/index.php\/wp-json\/wp\/v2\/types\/post"}],"author":[{"embeddable":true,"href":"https:\/\/horapicodigital.com.ar\/index.php\/wp-json\/wp\/v2\/users\/6"}],"replies":[{"embeddable":true,"href":"https:\/\/horapicodigital.com.ar\/index.php\/wp-json\/wp\/v2\/comments?post=7947"}],"version-history":[{"count":1,"href":"https:\/\/horapicodigital.com.ar\/index.php\/wp-json\/wp\/v2\/posts\/7947\/revisions"}],"predecessor-version":[{"id":7952,"href":"https:\/\/horapicodigital.com.ar\/index.php\/wp-json\/wp\/v2\/posts\/7947\/revisions\/7952"}],"wp:featuredmedia":[{"embeddable":true,"href":"https:\/\/horapicodigital.com.ar\/index.php\/wp-json\/wp\/v2\/media\/7951"}],"wp:attachment":[{"href":"https:\/\/horapicodigital.com.ar\/index.php\/wp-json\/wp\/v2\/media?parent=7947"}],"wp:term":[{"taxonomy":"category","embeddable":true,"href":"https:\/\/horapicodigital.com.ar\/index.php\/wp-json\/wp\/v2\/categories?post=7947"},{"taxonomy":"post_tag","embeddable":true,"href":"https:\/\/horapicodigital.com.ar\/index.php\/wp-json\/wp\/v2\/tags?post=7947"}],"curies":[{"name":"wp","href":"https:\/\/api.w.org\/{rel}","templated":true}]}}