{"id":7938,"date":"2024-04-29T01:15:43","date_gmt":"2024-04-29T04:15:43","guid":{"rendered":"https:\/\/horapicodigital.com.ar\/?p=7938"},"modified":"2024-04-29T01:15:59","modified_gmt":"2024-04-29T04:15:59","slug":"formacion-profesional-para-trabajadores-mercantiles","status":"publish","type":"post","link":"https:\/\/horapicodigital.com.ar\/index.php\/2024\/04\/29\/formacion-profesional-para-trabajadores-mercantiles\/","title":{"rendered":"FORMACION PROFESIONAL PARA TRABAJADORES MERCANTILES"},"content":{"rendered":"\n<p>Bajo el lema \u00abEstudiar es Crecer\u00bb, este lunes a las ,9,30 en la sede del Centro Empleados se Comercio, de calle Lavalle, se anunciar\u00e1 el lanzamiento de cursos de formaci\u00f3n profesional para trabajadores mercantiles, avalados por la Universidad Nacional de Jujuy.<\/p>\n\n\n\n<p>El titular del CEC, Miguel Mamani explico que est\u00e1 Formaci\u00f3n Profesional para Trabajadores Mercantiles \u00abes una primera etapa de cursos en colaboraci\u00f3n con la UNJu, y surge de la convicci\u00f3n de que la educaci\u00f3n no solo enriquecer\u00e1 la vida a nivel personal a los empleados de comercio, sino que tambi\u00e9n potenciar\u00e1 sus habilidades y oportunidades en el mercado laboral\u00bb.<br>La presentaci\u00f3n de los cursos contar\u00e1 con la presencia de las Autoridades Sindicales y del Rector de la Universidad Nacional de Jujuy, Mario Bonillo, quienes compartir\u00e1n su visi\u00f3n sobre la importancia de la formaci\u00f3n continua para el desarrollo integral de los trabajadores mercantiles. \u00a1La Educaci\u00f3n, Nuestra Mejor Herramienta!<\/p>\n","protected":false},"excerpt":{"rendered":"<p>Bajo el lema \u00abEstudiar es Crecer\u00bb, este lunes a las ,9,30 en la sede del Centro Empleados se Comercio, de calle Lavalle, se anunciar\u00e1 el lanzamiento de cursos de formaci\u00f3n profesional para trabajadores mercantiles, avalados por la Universidad Nacional de Jujuy. El titular del CEC, Miguel Mamani explico que est\u00e1 Formaci\u00f3n Profesional para Trabajadores Mercantiles [&hellip;]<\/p>\n","protected":false},"author":6,"featured_media":7940,"comment_status":"open","ping_status":"open","sticky":false,"template":"","format":"standard","meta":{"_themeisle_gutenberg_block_has_review":false,"footnotes":""},"categories":[248,32],"tags":[251,58,2111],"class_list":["post-7938","post","type-post","status-publish","format-standard","has-post-thumbnail","hentry","category-educacion","category-locales","tag-educacion-2","tag-jujuy","tag-mercantil"],"_links":{"self":[{"href":"https:\/\/horapicodigital.com.ar\/index.php\/wp-json\/wp\/v2\/posts\/7938","targetHints":{"allow":["GET"]}}],"collection":[{"href":"https:\/\/horapicodigital.com.ar\/index.php\/wp-json\/wp\/v2\/posts"}],"about":[{"href":"https:\/\/horapicodigital.com.ar\/index.php\/wp-json\/wp\/v2\/types\/post"}],"author":[{"embeddable":true,"href":"https:\/\/horapicodigital.com.ar\/index.php\/wp-json\/wp\/v2\/users\/6"}],"replies":[{"embeddable":true,"href":"https:\/\/horapicodigital.com.ar\/index.php\/wp-json\/wp\/v2\/comments?post=7938"}],"version-history":[{"count":1,"href":"https:\/\/horapicodigital.com.ar\/index.php\/wp-json\/wp\/v2\/posts\/7938\/revisions"}],"predecessor-version":[{"id":7942,"href":"https:\/\/horapicodigital.com.ar\/index.php\/wp-json\/wp\/v2\/posts\/7938\/revisions\/7942"}],"wp:featuredmedia":[{"embeddable":true,"href":"https:\/\/horapicodigital.com.ar\/index.php\/wp-json\/wp\/v2\/media\/7940"}],"wp:attachment":[{"href":"https:\/\/horapicodigital.com.ar\/index.php\/wp-json\/wp\/v2\/media?parent=7938"}],"wp:term":[{"taxonomy":"category","embeddable":true,"href":"https:\/\/horapicodigital.com.ar\/index.php\/wp-json\/wp\/v2\/categories?post=7938"},{"taxonomy":"post_tag","embeddable":true,"href":"https:\/\/horapicodigital.com.ar\/index.php\/wp-json\/wp\/v2\/tags?post=7938"}],"curies":[{"name":"wp","href":"https:\/\/api.w.org\/{rel}","templated":true}]}}