{"id":7917,"date":"2024-04-29T00:33:15","date_gmt":"2024-04-29T03:33:15","guid":{"rendered":"https:\/\/horapicodigital.com.ar\/?p=7917"},"modified":"2024-04-29T00:33:45","modified_gmt":"2024-04-29T03:33:45","slug":"el-miercoles-no-habra-transporte-urbano-en-toda-la-provincia","status":"publish","type":"post","link":"https:\/\/horapicodigital.com.ar\/index.php\/2024\/04\/29\/el-miercoles-no-habra-transporte-urbano-en-toda-la-provincia\/","title":{"rendered":"El mi\u00e9rcoles no habr\u00e1 transporte urbano en toda la provincia"},"content":{"rendered":"\n<p>La Secretaria de Servicios P\u00fablicos de la Municipalidad de San Salvador de Jujuy, a trav\u00e9s de la Direcci\u00f3n de Tr\u00e1nsito y Transporte, record\u00f3 a la poblaci\u00f3n en general, que ante la proximidad del feriado nacional por el Dia del Trabajador el d\u00eda 1 de mayo del a\u00f1o , los servicios de Transporte Alternativo. Transporte Urbano, Ascensor Urbano y Estacionamiento Tarifado se desarrollar\u00e1n seg\u00fan el siguiente detalle:<\/p>\n\n\n\n<ul class=\"wp-block-list\">\n<li><strong>Transporte Alternativo:<\/strong>\u00a0prestar\u00e1 servicios con Tarifa 2.<\/li>\n\n\n\n<li><strong>Transporte Urbano:<\/strong>\u00a0el dia martes 30\/04 prestar\u00e1 servicios\u00a0habituales hasta las 22:00 hs. Dia mi\u00e9rcoles 1\/05 sin servicio. Se reanudar\u00e0 el servicio el dia jueves 02\/05 a las 05:00 hs.<\/li>\n\n\n\n<li><strong>Ascensor Urbano:\u00a0<\/strong>sin servicio.<\/li>\n\n\n\n<li><strong>Estacionamiento Tarifado:<\/strong>\u00a0sin servicio<\/li>\n<\/ul>\n\n\n\n<p>Por tal raz\u00f3n se insta a los vecinos y vecinas a tomar en cuenta estos ajustes en los servicios de transporte y estacionamiento, planificando sus actividades de acuerdo con la informaci\u00f3n proporcionada<\/p>\n","protected":false},"excerpt":{"rendered":"<p>La Secretaria de Servicios P\u00fablicos de la Municipalidad de San Salvador de Jujuy, a trav\u00e9s de la Direcci\u00f3n de Tr\u00e1nsito y Transporte, record\u00f3 a la poblaci\u00f3n en general, que ante la proximidad del feriado nacional por el Dia del Trabajador el d\u00eda 1 de mayo del a\u00f1o , los servicios de Transporte Alternativo. Transporte Urbano, [&hellip;]<\/p>\n","protected":false},"author":6,"featured_media":6713,"comment_status":"open","ping_status":"open","sticky":false,"template":"","format":"standard","meta":{"_themeisle_gutenberg_block_has_review":false,"footnotes":""},"categories":[32,4],"tags":[58,2108,260],"class_list":["post-7917","post","type-post","status-publish","format-standard","has-post-thumbnail","hentry","category-locales","category-noticias","tag-jujuy","tag-servicio","tag-transporte"],"_links":{"self":[{"href":"https:\/\/horapicodigital.com.ar\/index.php\/wp-json\/wp\/v2\/posts\/7917","targetHints":{"allow":["GET"]}}],"collection":[{"href":"https:\/\/horapicodigital.com.ar\/index.php\/wp-json\/wp\/v2\/posts"}],"about":[{"href":"https:\/\/horapicodigital.com.ar\/index.php\/wp-json\/wp\/v2\/types\/post"}],"author":[{"embeddable":true,"href":"https:\/\/horapicodigital.com.ar\/index.php\/wp-json\/wp\/v2\/users\/6"}],"replies":[{"embeddable":true,"href":"https:\/\/horapicodigital.com.ar\/index.php\/wp-json\/wp\/v2\/comments?post=7917"}],"version-history":[{"count":1,"href":"https:\/\/horapicodigital.com.ar\/index.php\/wp-json\/wp\/v2\/posts\/7917\/revisions"}],"predecessor-version":[{"id":7918,"href":"https:\/\/horapicodigital.com.ar\/index.php\/wp-json\/wp\/v2\/posts\/7917\/revisions\/7918"}],"wp:featuredmedia":[{"embeddable":true,"href":"https:\/\/horapicodigital.com.ar\/index.php\/wp-json\/wp\/v2\/media\/6713"}],"wp:attachment":[{"href":"https:\/\/horapicodigital.com.ar\/index.php\/wp-json\/wp\/v2\/media?parent=7917"}],"wp:term":[{"taxonomy":"category","embeddable":true,"href":"https:\/\/horapicodigital.com.ar\/index.php\/wp-json\/wp\/v2\/categories?post=7917"},{"taxonomy":"post_tag","embeddable":true,"href":"https:\/\/horapicodigital.com.ar\/index.php\/wp-json\/wp\/v2\/tags?post=7917"}],"curies":[{"name":"wp","href":"https:\/\/api.w.org\/{rel}","templated":true}]}}