{"id":7889,"date":"2024-04-25T01:19:30","date_gmt":"2024-04-25T04:19:30","guid":{"rendered":"https:\/\/horapicodigital.com.ar\/?p=7889"},"modified":"2024-04-25T01:19:58","modified_gmt":"2024-04-25T04:19:58","slug":"ley-bases-cuales-articulos-de-la-reforma-laboral-cuestionados-por-la-cgt-y-la-oposicion-elimino-el-gobierno","status":"publish","type":"post","link":"https:\/\/horapicodigital.com.ar\/index.php\/2024\/04\/25\/ley-bases-cuales-articulos-de-la-reforma-laboral-cuestionados-por-la-cgt-y-la-oposicion-elimino-el-gobierno\/","title":{"rendered":"Ley Bases: cu\u00e1les art\u00edculos de la reforma laboral cuestionados por la CGT y la oposici\u00f3n elimin\u00f3 el Gobierno"},"content":{"rendered":"\n<p>La\u00a0presi\u00f3n\u00a0de Miguel \u00c1ngel Pichetto sobre el Gobierno, m\u00e1s la de otros aliados en el Congreso, hizo que el Gobierno diera marcha atr\u00e1s y aceptara\u00a0eliminar del cap\u00edtulo laboral\u00a0de la Ley Bases los art\u00edculos m\u00e1s\u00a0irritativos\u00a0para el bloque Hacemos Coalici\u00f3n Federal y otros sectores de la oposici\u00f3n dialoguista, que son\u00a0los mismos que rechazaba la CGT<\/p>\n\n\n\n<p>El giro libertario tuvo otra motivaci\u00f3n: una\u00a0negociaci\u00f3n de \u00faltimo momento\u00a0entre dirigentes de la CGT y el influyente asesor presidencial\u00a0Santiago Caputo\u00a0para hablar sobre la propuesta laboral.<\/p>\n\n\n\n<p>Ahora, al final de una jornada de fuertes peleas que hicieron tambalear las leyes que m\u00e1s le interesan al Gobierno, se\u00a0encaminar\u00eda el acuerdo\u00a0para que el plenario de comisiones de la C\u00e1mara de Diputados emita dictamen este jueves de la Ley Bases y del proyecto fiscal para tratar las dos iniciativas en el recinto entre\u00a0lunes y martes\u00a0y as\u00ed poder sancionarlas\u00a0antes del anunciado Pacto de Mayo.<\/p>\n\n\n\n<p>Seg\u00fan el nuevo borrador corregido por el oficialismo, que ya circula entre los diputados, la propuesta de modernizaci\u00f3n laboral del Gobierno era de\u00a058 art\u00edculos\u00a0y ahora\u00a0qued\u00f3 s\u00f3lo en 17.\u00a0Ese n\u00famero da la idea de la\u00a0fuerte reducci\u00f3n\u00a0del cap\u00edtulo laboral de la Ley Bases que promueve la Casa Rosada.<\/p>\n\n\n\n<p><img loading=\"lazy\" decoding=\"async\" alt=\"El Gobierno y la CGT se reunieron por primera vez hace dos semanas\" height=\"1966\" width=\"3496\" class=\"\" src=\"https:\/\/www.infobae.com\/new-resizer\/m5nTS7eqv-mwDHpZWT0akyd93xw=\/420x236\/filters:format(webp):quality(85)\/cloudfront-us-east-1.images.arcpublishing.com\/infobae\/UH2OM4INXVB4HF4DZRBIQUTF4Y.jpeg%20420w\" srcset=\"https:\/\/www.infobae.com\/new-resizer\/m5nTS7eqv-mwDHpZWT0akyd93xw=\/420x236\/filters:format(webp):quality(85)\/cloudfront-us-east-1.images.arcpublishing.com\/infobae\/UH2OM4INXVB4HF4DZRBIQUTF4Y.jpeg 420w,https:\/\/www.infobae.com\/new-resizer\/8ElxremUsuwA4Eukczn0QKTO94Y=\/768x432\/filters:format(webp):quality(85)\/cloudfront-us-east-1.images.arcpublishing.com\/infobae\/UH2OM4INXVB4HF4DZRBIQUTF4Y.jpeg 768w,https:\/\/www.infobae.com\/new-resizer\/_w2loFMlKgDG_OaAsov_t_riKXc=\/992x558\/filters:format(webp):quality(85)\/cloudfront-us-east-1.images.arcpublishing.com\/infobae\/UH2OM4INXVB4HF4DZRBIQUTF4Y.jpeg 992w,https:\/\/www.infobae.com\/new-resizer\/YHtLXRIfZRrfTzj33_Ta3yxxnoo=\/1200x675\/filters:format(webp):quality(85)\/cloudfront-us-east-1.images.arcpublishing.com\/infobae\/UH2OM4INXVB4HF4DZRBIQUTF4Y.jpeg 1200w,https:\/\/www.infobae.com\/new-resizer\/OlI7pR8GMkIOkzMvsBDz3zyneJc=\/1440x810\/filters:format(webp):quality(85)\/cloudfront-us-east-1.images.arcpublishing.com\/infobae\/UH2OM4INXVB4HF4DZRBIQUTF4Y.jpeg 1440w\">El Gobierno y la CGT se reunieron por primera vez hace dos semanas<\/p>\n\n\n\n<p>Ya no quedan tantos rastros del DNU\u00a0frenado por la Justicia en el nuevo borrador que permiti\u00f3 el acuerdo entre el oficialismo y la oposici\u00f3n: directamente\u00a0excluyeron\u00a0los art\u00edculos sobre las cuotas solidarias, la ultraactividad de los convenios colectivos, la reglamentaci\u00f3n del derecho de huelga en los servicios esenciales como la educaci\u00f3n y cambios en el r\u00e9gimen del teletrabajo, entre otros.<\/p>\n\n\n\n<p>Tambi\u00e9n\u00a0sacaron\u00a0la penalizaci\u00f3n de las asambleas de trabajadores que terminan convirti\u00e9ndose en medidas de fuerza encubiertas y el art\u00edculo que consideraba los bloqueos sindicales como \u201cgrave injuria laboral como objetiva causal de extinci\u00f3n del contrato de trabajo\u201d. En este \u00faltimo rubro, se mantiene el art\u00edculo que\u00a0alivia las penas\u00a0contra quienes bloqueen una empresa: el DNU 70 dec\u00eda que esa acci\u00f3n ser\u00e1 reprimida con 3 a 6 a\u00f1os de prisi\u00f3n y el borrador, con 6 meses a 3 a\u00f1os de prisi\u00f3n.<\/p>\n\n\n\n<p>Otro art\u00edculo\u00a0eliminado, que figuraba en el DNU y el anterior borrador, era el que pon\u00eda en jaque dos puntos de la Ley de Contrato de Trabajo: el principio de que en caso de duda se debe aplicar la norma m\u00e1s favorable al trabajador y la irrenunciabilidad, es decir, la habilitaci\u00f3n a que los empleados renuncien de manera voluntaria a derechos adquiridos que surgen de leyes o convenios colectivos.<\/p>\n\n\n\n<p><img loading=\"lazy\" decoding=\"async\" alt=\"El secretario de Trabajo, Julio Cordero (Foto Nicol\u00e1s Stulberg)\" height=\"1280\" width=\"1920\" class=\"\" src=\"https:\/\/www.infobae.com\/new-resizer\/EUHL_UuWVzv-Dl-asWnqszqoyjs=\/420x280\/filters:format(webp):quality(85)\/cloudfront-us-east-1.images.arcpublishing.com\/infobae\/CBJVKKNJFBFJ7LCSYVYRDITS54.jpg%20420w\" srcset=\"https:\/\/www.infobae.com\/new-resizer\/EUHL_UuWVzv-Dl-asWnqszqoyjs=\/420x280\/filters:format(webp):quality(85)\/cloudfront-us-east-1.images.arcpublishing.com\/infobae\/CBJVKKNJFBFJ7LCSYVYRDITS54.jpg 420w,https:\/\/www.infobae.com\/new-resizer\/k8UqL_ZY4oCic8yvzPEURJwWhkI=\/768x512\/filters:format(webp):quality(85)\/cloudfront-us-east-1.images.arcpublishing.com\/infobae\/CBJVKKNJFBFJ7LCSYVYRDITS54.jpg 768w,https:\/\/www.infobae.com\/new-resizer\/Pp-Tfjiu-nogRuWTzdSo2moXQZY=\/992x661\/filters:format(webp):quality(85)\/cloudfront-us-east-1.images.arcpublishing.com\/infobae\/CBJVKKNJFBFJ7LCSYVYRDITS54.jpg 992w,https:\/\/www.infobae.com\/new-resizer\/EDdRWHv6qMLKajLuqUmlMYLq2cM=\/1200x800\/filters:format(webp):quality(85)\/cloudfront-us-east-1.images.arcpublishing.com\/infobae\/CBJVKKNJFBFJ7LCSYVYRDITS54.jpg 1200w,https:\/\/www.infobae.com\/new-resizer\/VZMx_OMNgz9bQOYS127L6TeZzI0=\/1440x960\/filters:format(webp):quality(85)\/cloudfront-us-east-1.images.arcpublishing.com\/infobae\/CBJVKKNJFBFJ7LCSYVYRDITS54.jpg 1440w\">El secretario de Trabajo, Julio Cordero (Foto Nicol\u00e1s Stulberg)<\/p>\n\n\n\n<p>El Gobierno tambi\u00e9n accedi\u00f3 a quitar del nuevo borrador de la Ley Bases los cambios en el r\u00e9gimen de\u00a0teletrabajo\u00a0que estaban en sinton\u00eda con la postura empresarial y la derogaci\u00f3n del\u00a0R\u00e9gimen del Viajante de Comercio,\u00a0dos de los art\u00edculos que estaban en el DNU 70.<\/p>\n\n\n\n<p>Quedaron, en cambio, aquellos que\u00a0no objeta el sindicalismo:\u00a0la modificaci\u00f3n de las\u00a0multas\u00a0por trabajo no registrado o mal registrado, la reducci\u00f3n de 8 a 6 meses del\u00a0per\u00edodo de prueba\u00a0de los trabajadores (podr\u00e1 ampliarse hasta 8 meses en las empresas de 6 y hasta 100 trabajadores, y hasta 1 a\u00f1o en las empresas de hasta 5 trabajadores) y la habilitaci\u00f3n a que empresarios y sindicalistas acuerden en la negociaci\u00f3n colectiva una nueva\u00a0indemnizaci\u00f3n\u00a0basada en el Fondo de Cese Laboral de la UOCRA.<\/p>\n\n\n\n<p>De esta forma, la CGT ya\u00a0no tiene argumentos\u00a0para seguir objetando la modernizaci\u00f3n laboral que pretende el Gobierno, que incluso dej\u00f3 de hablar de \u201creforma laboral\u201d a pedido de los dirigentes gremiales. Antes de este viraje libertario, un jefe cegetista advirti\u00f3 que \u201cel borrador de la modernizaci\u00f3n laboral es\u00a0igual que el DNU\u00a0que rechazamos y suspendi\u00f3 la Justicia\u201d, por lo que \u201cel paro es inamovible y ser\u00e1 contundente\u201d. \u00bfPodr\u00e1 suspenderse ahora la huelga del 9 de mayo?<\/p>\n\n\n\n<p><img loading=\"lazy\" decoding=\"async\" alt=\"Miguel \u00c1ngel Pichetto dijo que no votar\u00eda el proyecto de reforma laboral del Gobierno y su postura oblig\u00f3 a cambiar la iniciativa\" height=\"1080\" width=\"1920\" class=\"\" src=\"https:\/\/www.infobae.com\/new-resizer\/I8J4kE5D90yG2i-hYB7JExBweas=\/420x236\/filters:format(webp):quality(85)\/cloudfront-us-east-1.images.arcpublishing.com\/infobae\/ZVTRM3I7H5B3RABYJAJSWOB6MI.jpg%20420w\" srcset=\"https:\/\/www.infobae.com\/new-resizer\/I8J4kE5D90yG2i-hYB7JExBweas=\/420x236\/filters:format(webp):quality(85)\/cloudfront-us-east-1.images.arcpublishing.com\/infobae\/ZVTRM3I7H5B3RABYJAJSWOB6MI.jpg 420w,https:\/\/www.infobae.com\/new-resizer\/UO3kK9_vtLQNdFEwE_NSWNjfMho=\/768x432\/filters:format(webp):quality(85)\/cloudfront-us-east-1.images.arcpublishing.com\/infobae\/ZVTRM3I7H5B3RABYJAJSWOB6MI.jpg 768w,https:\/\/www.infobae.com\/new-resizer\/rLWPck_pU38GUINQog-VdJ1v1Ng=\/992x558\/filters:format(webp):quality(85)\/cloudfront-us-east-1.images.arcpublishing.com\/infobae\/ZVTRM3I7H5B3RABYJAJSWOB6MI.jpg 992w,https:\/\/www.infobae.com\/new-resizer\/TWhx99ArK09VN0JEaBvOlYPtu_k=\/1200x675\/filters:format(webp):quality(85)\/cloudfront-us-east-1.images.arcpublishing.com\/infobae\/ZVTRM3I7H5B3RABYJAJSWOB6MI.jpg 1200w,https:\/\/www.infobae.com\/new-resizer\/0BzswZHYQ4uYhL1w4zAw_ZpXHkw=\/1440x810\/filters:format(webp):quality(85)\/cloudfront-us-east-1.images.arcpublishing.com\/infobae\/ZVTRM3I7H5B3RABYJAJSWOB6MI.jpg 1440w\">Miguel \u00c1ngel Pichetto dijo que no votar\u00eda el proyecto de reforma laboral del Gobierno y su postura oblig\u00f3 a cambiar la iniciativa<\/p>\n\n\n\n<p>Uno de los protagonistas de las negociaciones de la reforma laboral es el secretario de Trabajo,\u00a0Julio Cordero,\u00a0quien manten\u00eda contactos reservados con la dirigencia gremial para tratar de llegar a un acuerdo, aunque sus gestiones entraron\u00a0en crisis\u00a0cuando el oficialismo blanque\u00f3 un borrador de la Ley Bases que inclu\u00eda pr\u00e1cticamente el mismo contenido que el cap\u00edtulo laboral del DNU.<\/p>\n\n\n\n<p>Ese nuevo texto, al que supuestamente se lleg\u00f3 consensuando sus art\u00edculos con el PRO, un sector de la UCR y otros bloques opositores de Diputados, no s\u00f3lo fue\u00a0rechazado\u00a0por la CGT sino tambi\u00e9n por\u00a0Pichetto,\u00a0jefe de la bancada de Hacemos Coalici\u00f3n Federal, que esta ma\u00f1ana dijo que\u00a0no votar\u00eda ese proyecto\u00a0que quiere el Gobiernoy se\u00f1al\u00f3 que que una reforma integral del sistema laboral debe ser discutido en un\u00a0debate m\u00e1s profundo\u00a0con representantes del sector sindical y empresario.<\/p>\n\n\n\n<p>\u201cCuando te sorprende un domingo por la noche el se\u00f1or Cordero, secretario de Trabajo, y vienen con 60 art\u00edculos&#8230; no,\u00a0eso no lo voy a votar. Eso nunca estuvo en el di\u00e1logo, eso es\u00a0un ataque sorpresivo\u00a0por la noche de decir \u2018bueno, los muchachos est\u00e1n flexibles, met\u00e1mosle la reforma laboral\u2019\u201d, afirm\u00f3 el diputado opositor en una entrevista con el periodista Jorge Fontevecchia en Net TV. Al final del d\u00eda, la sorpresa fue la decisi\u00f3n del Gobierno de acceder a los planteos de Pichetto y de la CGT para darle forma a un proyecto de\u00a0reforma laboral light\u00a0que pudiera aprobarse en el Congreso.<\/p>\n","protected":false},"excerpt":{"rendered":"<p>La\u00a0presi\u00f3n\u00a0de Miguel \u00c1ngel Pichetto sobre el Gobierno, m\u00e1s la de otros aliados en el Congreso, hizo que el Gobierno diera marcha atr\u00e1s y aceptara\u00a0eliminar del cap\u00edtulo laboral\u00a0de la Ley Bases los art\u00edculos m\u00e1s\u00a0irritativos\u00a0para el bloque Hacemos Coalici\u00f3n Federal y otros sectores de la oposici\u00f3n dialoguista, que son\u00a0los mismos que rechazaba la CGT El giro libertario [&hellip;]<\/p>\n","protected":false},"author":6,"featured_media":5229,"comment_status":"open","ping_status":"open","sticky":false,"template":"","format":"standard","meta":{"_themeisle_gutenberg_block_has_review":false,"footnotes":""},"categories":[4,35],"tags":[1515,2011,85],"class_list":["post-7889","post","type-post","status-publish","format-standard","has-post-thumbnail","hentry","category-noticias","category-pais","tag-cgt","tag-ley-bases","tag-pais"],"_links":{"self":[{"href":"https:\/\/horapicodigital.com.ar\/index.php\/wp-json\/wp\/v2\/posts\/7889","targetHints":{"allow":["GET"]}}],"collection":[{"href":"https:\/\/horapicodigital.com.ar\/index.php\/wp-json\/wp\/v2\/posts"}],"about":[{"href":"https:\/\/horapicodigital.com.ar\/index.php\/wp-json\/wp\/v2\/types\/post"}],"author":[{"embeddable":true,"href":"https:\/\/horapicodigital.com.ar\/index.php\/wp-json\/wp\/v2\/users\/6"}],"replies":[{"embeddable":true,"href":"https:\/\/horapicodigital.com.ar\/index.php\/wp-json\/wp\/v2\/comments?post=7889"}],"version-history":[{"count":1,"href":"https:\/\/horapicodigital.com.ar\/index.php\/wp-json\/wp\/v2\/posts\/7889\/revisions"}],"predecessor-version":[{"id":7892,"href":"https:\/\/horapicodigital.com.ar\/index.php\/wp-json\/wp\/v2\/posts\/7889\/revisions\/7892"}],"wp:featuredmedia":[{"embeddable":true,"href":"https:\/\/horapicodigital.com.ar\/index.php\/wp-json\/wp\/v2\/media\/5229"}],"wp:attachment":[{"href":"https:\/\/horapicodigital.com.ar\/index.php\/wp-json\/wp\/v2\/media?parent=7889"}],"wp:term":[{"taxonomy":"category","embeddable":true,"href":"https:\/\/horapicodigital.com.ar\/index.php\/wp-json\/wp\/v2\/categories?post=7889"},{"taxonomy":"post_tag","embeddable":true,"href":"https:\/\/horapicodigital.com.ar\/index.php\/wp-json\/wp\/v2\/tags?post=7889"}],"curies":[{"name":"wp","href":"https:\/\/api.w.org\/{rel}","templated":true}]}}