{"id":7888,"date":"2024-04-25T01:17:30","date_gmt":"2024-04-25T04:17:30","guid":{"rendered":"https:\/\/horapicodigital.com.ar\/?p=7888"},"modified":"2024-04-25T01:17:50","modified_gmt":"2024-04-25T04:17:50","slug":"otro-profesor-condenado-por-abusar-de-menores-de-edad-en-monterrico","status":"publish","type":"post","link":"https:\/\/horapicodigital.com.ar\/index.php\/2024\/04\/25\/otro-profesor-condenado-por-abusar-de-menores-de-edad-en-monterrico\/","title":{"rendered":"Otro profesor condenado por abusar de menores de edad en Monterrico"},"content":{"rendered":"\n<p>Un\u00a0profesor fue encontrado culpable y condenado a ocho a\u00f1os de prisi\u00f3n\u00a0luego de ser encontrado culpable de\u00a0abuso sexual simple agravado por ser cometido por encargado de la educaci\u00f3n,\u00a0en varios hechos ocurridos contra menores de edad en\u00a0Monterrico.<\/p>\n\n\n\n<p>El\u00a0Tribunal Criminal 2\u00a0integrado por Ernesto Kamada como presidente, y las vocales Carolina P\u00e9rez Rojas y Margarita Nallar, conden\u00f3 al hombre ya que las pruebas lo hallaron como autor material y penalmente responsable del aberrante delito.<\/p>\n\n\n\n<p>Seg\u00fan consta en la investigaci\u00f3n,\u00a0fueron cinco los abusos ocurridos en octubre del a\u00f1o 2023\u00a0en Monterrico, cuando el ahora castigado\u00a0ejerc\u00eda como profesor y aprovech\u00f3 su posici\u00f3n para cometer actos de abuso sexual, realizando tocamientos a varias menores de edad en diferentes oportunidades.<\/p>\n\n\n\n<h2 class=\"wp-block-heading\">El juicio<\/h2>\n\n\n\n<p>Durante los alegatos,\u00a0la representante del Ministerio P\u00fablico de la Acusaci\u00f3n, la Fiscal Romina N\u00fa\u00f1ez, solicit\u00f3 una pena de 8 a\u00f1os de prisi\u00f3n, mientras la querella del Centro de Asistencia a la Victima, tambi\u00e9n acompa\u00f1\u00f3 esta solicitud.<\/p>\n\n\n\n<figure class=\"wp-block-image\"><img decoding=\"async\" src=\"https:\/\/media.todojujuy.com\/p\/5dd8cee35cb4a46eaac6515189061be7\/adjuntos\/227\/imagenes\/003\/344\/0003344701\/770x0\/smart\/profesor-condenado-monterrico-abuso-foto-ilustrativa.jpg\" alt=\"Profesor condenado en Monterrico por abuso (Foto ilustrativa)\" title=\"Profesor condenado en Monterrico por abuso (Foto ilustrativa)\"\/><\/figure>\n\n\n\n<p>Profesor condenado en Monterrico por abuso (Foto ilustrativa)<\/p>\n\n\n\n<p>Adem\u00e1s de la condena, el Tribunal dispuso que, una vez firme la sentencia, se practique la\u00a0extracci\u00f3n de muestras gen\u00e9ticas del condenado\u00a0para su inscripci\u00f3n en el Registro Nacional de Datos Gen\u00e9ticos Vinculados a Delitos contra la Integridad Sexual, seg\u00fan el art\u00edculo 5 de la ley 26879.<\/p>\n\n\n\n<h2 class=\"wp-block-heading\">Otro profesor condenado<\/h2>\n\n\n\n<p>Un\u00a0profesor que le daba clases de apoyo escolar en San Salvador de Jujuy\u00a0a dos ni\u00f1as a las que abus\u00f3 sexualmente, fue\u00a0condenado a la pena de 12 a\u00f1os de c\u00e1rcel, pero estar\u00e1 con prisi\u00f3n domiciliaria hasta que la condena quede firme y consentido el fallo.<\/p>\n\n\n\n<p>El Tribunal con Funci\u00f3n de Juicio encontr\u00f3 al hombre culpable por el delito de\u00a0\u201cAbuso sexual gravemente ultrajante agravado por ser cometido por el encargado de la educaci\u00f3n y Abuso sexual con acceso carnal agravado por ser cometido por el encargado de la educaci\u00f3n en concurso real\u201d.<\/p>\n\n\n\n<p>El juicio se realiz\u00f3 en el recinto de audiencias de la Oficina de Gesti\u00f3n Judicial, y el fiscal acus\u00f3 al hombre por los hechos ocurridos contra dos ni\u00f1as entre el 1 de agosto y el 14 de septiembre del 2022 en una vivienda del barrio Alto Comedero de San Salvador de Jujuy.<\/p>\n","protected":false},"excerpt":{"rendered":"<p>Un\u00a0profesor fue encontrado culpable y condenado a ocho a\u00f1os de prisi\u00f3n\u00a0luego de ser encontrado culpable de\u00a0abuso sexual simple agravado por ser cometido por encargado de la educaci\u00f3n,\u00a0en varios hechos ocurridos contra menores de edad en\u00a0Monterrico. El\u00a0Tribunal Criminal 2\u00a0integrado por Ernesto Kamada como presidente, y las vocales Carolina P\u00e9rez Rojas y Margarita Nallar, conden\u00f3 al hombre [&hellip;]<\/p>\n","protected":false},"author":6,"featured_media":7890,"comment_status":"open","ping_status":"open","sticky":false,"template":"","format":"standard","meta":{"_themeisle_gutenberg_block_has_review":false,"footnotes":""},"categories":[32,34],"tags":[58,891,114],"class_list":["post-7888","post","type-post","status-publish","format-standard","has-post-thumbnail","hentry","category-locales","category-policiales","tag-jujuy","tag-monterrico","tag-policiales"],"_links":{"self":[{"href":"https:\/\/horapicodigital.com.ar\/index.php\/wp-json\/wp\/v2\/posts\/7888","targetHints":{"allow":["GET"]}}],"collection":[{"href":"https:\/\/horapicodigital.com.ar\/index.php\/wp-json\/wp\/v2\/posts"}],"about":[{"href":"https:\/\/horapicodigital.com.ar\/index.php\/wp-json\/wp\/v2\/types\/post"}],"author":[{"embeddable":true,"href":"https:\/\/horapicodigital.com.ar\/index.php\/wp-json\/wp\/v2\/users\/6"}],"replies":[{"embeddable":true,"href":"https:\/\/horapicodigital.com.ar\/index.php\/wp-json\/wp\/v2\/comments?post=7888"}],"version-history":[{"count":1,"href":"https:\/\/horapicodigital.com.ar\/index.php\/wp-json\/wp\/v2\/posts\/7888\/revisions"}],"predecessor-version":[{"id":7891,"href":"https:\/\/horapicodigital.com.ar\/index.php\/wp-json\/wp\/v2\/posts\/7888\/revisions\/7891"}],"wp:featuredmedia":[{"embeddable":true,"href":"https:\/\/horapicodigital.com.ar\/index.php\/wp-json\/wp\/v2\/media\/7890"}],"wp:attachment":[{"href":"https:\/\/horapicodigital.com.ar\/index.php\/wp-json\/wp\/v2\/media?parent=7888"}],"wp:term":[{"taxonomy":"category","embeddable":true,"href":"https:\/\/horapicodigital.com.ar\/index.php\/wp-json\/wp\/v2\/categories?post=7888"},{"taxonomy":"post_tag","embeddable":true,"href":"https:\/\/horapicodigital.com.ar\/index.php\/wp-json\/wp\/v2\/tags?post=7888"}],"curies":[{"name":"wp","href":"https:\/\/api.w.org\/{rel}","templated":true}]}}