{"id":7871,"date":"2024-04-25T00:44:21","date_gmt":"2024-04-25T03:44:21","guid":{"rendered":"https:\/\/horapicodigital.com.ar\/?p=7871"},"modified":"2024-04-25T00:44:22","modified_gmt":"2024-04-25T03:44:22","slug":"sadir-recibio-a-maria-isabella-albarracin-la-expositora-mas-joven-de-la-feria-internacional-del-libro","status":"publish","type":"post","link":"https:\/\/horapicodigital.com.ar\/index.php\/2024\/04\/25\/sadir-recibio-a-maria-isabella-albarracin-la-expositora-mas-joven-de-la-feria-internacional-del-libro\/","title":{"rendered":"Sadir recibi\u00f3 a Mar\u00eda Isabella Albarrac\u00edn, la expositora m\u00e1s joven de la Feria Internacional del Libro"},"content":{"rendered":"\n<p>La peque\u00f1a escritora juje\u00f1a, que estuvo acompa\u00f1ada por su mam\u00e1 Hebe L\u00f3pez, viajar\u00e1 el pr\u00f3ximo 4 de mayo en representaci\u00f3n de la provincia para asistir a la 48\u00b0 Feria Internacional del Libro en la Ciudad de Buenos Aires.<\/p>\n\n\n\n<p>Luego de hablar con el mandatario provincial, Isabella se\u00f1al\u00f3 que \u201cesta idea surgi\u00f3 desde la pandemia, cuando se me ocurri\u00f3 hacer mi propia historieta\u201d y a\u00f1adi\u00f3 que \u201ccon dedicaci\u00f3n y la ayuda de mucha gente pude armar mi librito y participar de exposiciones en muchos lugares\u201d.<\/p>\n\n\n\n<p>Por su parte, el director de Gesti\u00f3n de la Gobernaci\u00f3n, Gustavo Carrasco, coment\u00f3 que \u201ces importante poder promocionar la lectura y la escritura en infantes, y por eso consideramos que es un pilar fundamental apoyar a las nuevas generaciones\u201d.<\/p>\n\n\n\n<p>En el D\u00eda Internacional del Libro, Isabella pudo presentarle al gobernador Sadir su cuento animado \u00abDoqui y sus amigos\u00bb y la \u00abCartilla de los Derechos de las Infancias\u00bb declarada de Inter\u00e9s Legislativo.<\/p>\n","protected":false},"excerpt":{"rendered":"<p>La peque\u00f1a escritora juje\u00f1a, que estuvo acompa\u00f1ada por su mam\u00e1 Hebe L\u00f3pez, viajar\u00e1 el pr\u00f3ximo 4 de mayo en representaci\u00f3n de la provincia para asistir a la 48\u00b0 Feria Internacional del Libro en la Ciudad de Buenos Aires. Luego de hablar con el mandatario provincial, Isabella se\u00f1al\u00f3 que \u201cesta idea surgi\u00f3 desde la pandemia, cuando [&hellip;]<\/p>\n","protected":false},"author":6,"featured_media":7873,"comment_status":"open","ping_status":"open","sticky":false,"template":"","format":"standard","meta":{"_themeisle_gutenberg_block_has_review":false,"footnotes":""},"categories":[32,4],"tags":[2095,2096,58,1088],"class_list":["post-7871","post","type-post","status-publish","format-standard","has-post-thumbnail","hentry","category-locales","category-noticias","tag-feria-del-libro","tag-isabella-albarracin","tag-jujuy","tag-sadir"],"_links":{"self":[{"href":"https:\/\/horapicodigital.com.ar\/index.php\/wp-json\/wp\/v2\/posts\/7871","targetHints":{"allow":["GET"]}}],"collection":[{"href":"https:\/\/horapicodigital.com.ar\/index.php\/wp-json\/wp\/v2\/posts"}],"about":[{"href":"https:\/\/horapicodigital.com.ar\/index.php\/wp-json\/wp\/v2\/types\/post"}],"author":[{"embeddable":true,"href":"https:\/\/horapicodigital.com.ar\/index.php\/wp-json\/wp\/v2\/users\/6"}],"replies":[{"embeddable":true,"href":"https:\/\/horapicodigital.com.ar\/index.php\/wp-json\/wp\/v2\/comments?post=7871"}],"version-history":[{"count":1,"href":"https:\/\/horapicodigital.com.ar\/index.php\/wp-json\/wp\/v2\/posts\/7871\/revisions"}],"predecessor-version":[{"id":7874,"href":"https:\/\/horapicodigital.com.ar\/index.php\/wp-json\/wp\/v2\/posts\/7871\/revisions\/7874"}],"wp:featuredmedia":[{"embeddable":true,"href":"https:\/\/horapicodigital.com.ar\/index.php\/wp-json\/wp\/v2\/media\/7873"}],"wp:attachment":[{"href":"https:\/\/horapicodigital.com.ar\/index.php\/wp-json\/wp\/v2\/media?parent=7871"}],"wp:term":[{"taxonomy":"category","embeddable":true,"href":"https:\/\/horapicodigital.com.ar\/index.php\/wp-json\/wp\/v2\/categories?post=7871"},{"taxonomy":"post_tag","embeddable":true,"href":"https:\/\/horapicodigital.com.ar\/index.php\/wp-json\/wp\/v2\/tags?post=7871"}],"curies":[{"name":"wp","href":"https:\/\/api.w.org\/{rel}","templated":true}]}}