{"id":7838,"date":"2024-04-23T01:30:29","date_gmt":"2024-04-23T04:30:29","guid":{"rendered":"https:\/\/horapicodigital.com.ar\/?p=7838"},"modified":"2024-04-23T01:30:30","modified_gmt":"2024-04-23T04:30:30","slug":"la-municipalidad-capitalina-tendra-un-micrositio-web-con-informacion-ambiental-de-la-ciudad","status":"publish","type":"post","link":"https:\/\/horapicodigital.com.ar\/index.php\/2024\/04\/23\/la-municipalidad-capitalina-tendra-un-micrositio-web-con-informacion-ambiental-de-la-ciudad\/","title":{"rendered":"La municipalidad capitalina tendr\u00e1 un micrositio web con informaci\u00f3n ambiental de la ciudad"},"content":{"rendered":"\n<p>Este sitio ofrecer\u00e1 toda la informaci\u00f3n en materia ambiental obtenida por el Municipio en los \u00faltimos a\u00f1os. Durante la presentaci\u00f3n el intendente, Ra\u00fal \u201cChuli\u201d Jorge, explic\u00f3 que esta web es el resultado de a\u00f1os de trabajo y pretende que los interesados en materia medioambiental puedan encontrar: datos estad\u00edsticos, bibliograf\u00eda especializada, proyectos que se llevan adelante y todas las actividades que realiza el municipio en la lucha contra el cambio clim\u00e1tico entre otras. \u00a0\u00a0\u00a0<\/p>\n\n\n\n<p>La presentaci\u00f3n de la nueva plataforma, a cargo del equipo de la Secretar\u00eda de Planificaci\u00f3n y Ambiente, se realiz\u00f3 en el marco del D\u00eda Mundial de la Tierra con el objetivo de visibilizar las acciones que lleva adelante la Municipalidad de San Salvador de Jujuy en pos del cuidado y protecci\u00f3n del ambiente, esta web permitir\u00e1 a vecinos, profesionales y estudiantes acceder a importante informaci\u00f3n relacionada a al tem\u00e1tica<\/p>\n\n\n\n<p>Es as\u00ed que el intendente de San Salvador de Jujuy, Ra\u00fal \u201cChuli\u201d Jorge, resalt\u00f3 la importancia de la creaci\u00f3n de este sitio para tener una nueva herramienta \u00fatil para obtener informaci\u00f3n completa y actualizada sobre cuestiones medioambientales, \u201cesta digitalizaci\u00f3n de informaci\u00f3n ser\u00e1 de gran utilidad para estudiantes de todas las edades y docentes, particularmente para quienes tengan inter\u00e9s por el ambiente, con informaci\u00f3n desde biodiversidad hasta el control de aire que estamos monitoreando\u201d.<\/p>\n\n\n\n<figure class=\"wp-block-image\"><img decoding=\"async\" src=\"http:\/\/sansalvadordejujuy.gob.ar\/wp-content\/uploads\/2024\/04\/PAG-WEB-DE-AMBIENTE-3-1024x491.jpg\" alt=\"\" class=\"wp-image-65651\"\/><\/figure>\n\n\n\n<p>Seguidamente Jorge, indic\u00f3 que en el sitio web ofrece a todos los vecinos una gran variedad de informaci\u00f3n de forma sencilla y resumida, \u201cestamos muy contentos con todo el trabajo realizado por la Secretar\u00eda de Planificaci\u00f3n y Ambiente para interactuar con todos los actores involucrados en este tema tan sensible como lo es el medio ambiente y el impacto del cambio clim\u00e1tico\u201d.<\/p>\n\n\n\n<p>Por su parte, la secretaria de Planificaci\u00f3n y Ambiente, Adriana D\u00edaz, inform\u00f3 que en el micro sitio ciudadverde.sansalvadordejujuy.gob.ar, estar\u00e1 disponible pr\u00f3ximamente y desde all\u00ed se ofrecer\u00e1 informaci\u00f3n recopilada por los equipos municipales durante varios a\u00f1os, \u201ceste material ser\u00e1 muy \u00fatil para docentes y tambi\u00e9n para que conozcan las actividades que realiza el municipio en temas como: el manejo de acetites vegetales usados, neum\u00e1ticos, pl\u00e1sticos. Adem\u00e1s ofreceremos juegos, estad\u00edsticas y proyectos nacionales e internacionales de los que somos parte, tambi\u00e9n el c\u00e1lculo de las huella de carbono y como mejorarla, tambi\u00e9n hay bibliograf\u00eda y esperamos agregar m\u00e1s cosas\u201d. &nbsp;<\/p>\n\n\n\n<p>Por \u00faltimo, Fernanda Quiroga, quien se desempe\u00f1a coordinaci\u00f3n de Estrategias Ambientales perteneciente a la Secretar\u00eda de Planificaci\u00f3n y Ambiente, expres\u00f3 que la presentaci\u00f3n del sitio web es el resultado de un a\u00f1o de trabajo que se distribuy\u00f3 en varias etapas: la primera fue la recolecci\u00f3n de datos ambientales de toda la Secretar\u00eda de Ambiente y la segunda etapa fue la transformaci\u00f3n para la accesibilidad, \u201cel objetivo es generar una base de datos donde se recopile todas las acciones ambientales que realiza el municipio\u201d.<\/p>\n","protected":false},"excerpt":{"rendered":"<p>Este sitio ofrecer\u00e1 toda la informaci\u00f3n en materia ambiental obtenida por el Municipio en los \u00faltimos a\u00f1os. Durante la presentaci\u00f3n el intendente, Ra\u00fal \u201cChuli\u201d Jorge, explic\u00f3 que esta web es el resultado de a\u00f1os de trabajo y pretende que los interesados en materia medioambiental puedan encontrar: datos estad\u00edsticos, bibliograf\u00eda especializada, proyectos que se llevan adelante [&hellip;]<\/p>\n","protected":false},"author":6,"featured_media":7841,"comment_status":"open","ping_status":"open","sticky":false,"template":"","format":"standard","meta":{"_themeisle_gutenberg_block_has_review":false,"footnotes":""},"categories":[32],"tags":[316,58,2087],"class_list":["post-7838","post","type-post","status-publish","format-standard","has-post-thumbnail","hentry","category-locales","tag-imformacion","tag-jujuy","tag-pagina-web"],"_links":{"self":[{"href":"https:\/\/horapicodigital.com.ar\/index.php\/wp-json\/wp\/v2\/posts\/7838","targetHints":{"allow":["GET"]}}],"collection":[{"href":"https:\/\/horapicodigital.com.ar\/index.php\/wp-json\/wp\/v2\/posts"}],"about":[{"href":"https:\/\/horapicodigital.com.ar\/index.php\/wp-json\/wp\/v2\/types\/post"}],"author":[{"embeddable":true,"href":"https:\/\/horapicodigital.com.ar\/index.php\/wp-json\/wp\/v2\/users\/6"}],"replies":[{"embeddable":true,"href":"https:\/\/horapicodigital.com.ar\/index.php\/wp-json\/wp\/v2\/comments?post=7838"}],"version-history":[{"count":1,"href":"https:\/\/horapicodigital.com.ar\/index.php\/wp-json\/wp\/v2\/posts\/7838\/revisions"}],"predecessor-version":[{"id":7843,"href":"https:\/\/horapicodigital.com.ar\/index.php\/wp-json\/wp\/v2\/posts\/7838\/revisions\/7843"}],"wp:featuredmedia":[{"embeddable":true,"href":"https:\/\/horapicodigital.com.ar\/index.php\/wp-json\/wp\/v2\/media\/7841"}],"wp:attachment":[{"href":"https:\/\/horapicodigital.com.ar\/index.php\/wp-json\/wp\/v2\/media?parent=7838"}],"wp:term":[{"taxonomy":"category","embeddable":true,"href":"https:\/\/horapicodigital.com.ar\/index.php\/wp-json\/wp\/v2\/categories?post=7838"},{"taxonomy":"post_tag","embeddable":true,"href":"https:\/\/horapicodigital.com.ar\/index.php\/wp-json\/wp\/v2\/tags?post=7838"}],"curies":[{"name":"wp","href":"https:\/\/api.w.org\/{rel}","templated":true}]}}