{"id":7835,"date":"2024-04-23T01:29:30","date_gmt":"2024-04-23T04:29:30","guid":{"rendered":"https:\/\/horapicodigital.com.ar\/?p=7835"},"modified":"2024-04-23T01:29:50","modified_gmt":"2024-04-23T04:29:50","slug":"preparativos-para-recordar-el-dia-grande-de-jujuy","status":"publish","type":"post","link":"https:\/\/horapicodigital.com.ar\/index.php\/2024\/04\/23\/preparativos-para-recordar-el-dia-grande-de-jujuy\/","title":{"rendered":"Preparativos para recordar el D\u00eda Grande de Jujuy"},"content":{"rendered":"\n<p>El municipio de Yala dio a conocer la agenda de actividades previstas con motivo de la celebraci\u00f3n por el 203 aniversario de la Batalla de Le\u00f3n, el D\u00eda Grande Jujuy.<\/p>\n\n\n\n<p>Los detalles fueron brindados en el marco de una conferencia de prensa realizada en C.A.J.A., encabezada por el jefe comunal, Santiago Tiz\u00f3n, acompa\u00f1ado por la directora provincial de Cultura, Gisela Arias, y la directora de Turismo del municipio, Ana Ruggeri.<\/p>\n\n\n\n<p>En este sentido, Santiago Tiz\u00f3n invit\u00f3 \u00aba todos los juje\u00f1os a participar de las actividades organizadas para lo largo de semana para conmemorar esta jornada tan importante para la Historia de Jujuy y la Independencia Nacional, como fue la Batalla de Le\u00f3n\u00bb.<\/p>\n\n\n\n<p>Si bien las actividades comenzaron el pasado fin de semana con la Marcha de Postas, para los pr\u00f3ximos d\u00edas el cronograma se\u00f1ala el desarrollo de charlas taller relacionadas a la fecha, tanto en las escuelas de la jurisdicci\u00f3n como en algunos lugares de San Salvador de Jujuy y de El Carmen.&nbsp;<\/p>\n\n\n\n<p>\u00abDesde el municipio hacemos una especial invitaci\u00f3n para la recreaci\u00f3n de la Batalla de Le\u00f3n, el viernes 26 de abril, a las 20, -remarc\u00f3 Tiz\u00f3n-, pero tambi\u00e9n habr\u00e1 espect\u00e1culos musicales antes y despu\u00e9s, una feria gastron\u00f3mica, mientras que el d\u00eda s\u00e1bado ser\u00e1 el momento de los actos protocolares y el desfile c\u00edvico, militar y gaucho\u00bb.&nbsp;<\/p>\n\n\n\n<p>Por su parte, la directora provincial de Cultura, dijo que \u00abes destacable hacer notar como a\u00f1o tras a\u00f1o el municipio de Yala y la comunidad trabaja para dise\u00f1ar y concretar un buen programa cultural y deportivo, siendo el broche de esa agenda la reconstrucci\u00f3n de un hecho hist\u00f3rico, muy importante para los juje\u00f1os y es importante transmitirle a los j\u00f3venes y a los ni\u00f1os sobre nuestra Historia\u00bb, concluy\u00f3.<\/p>\n","protected":false},"excerpt":{"rendered":"<p>El municipio de Yala dio a conocer la agenda de actividades previstas con motivo de la celebraci\u00f3n por el 203 aniversario de la Batalla de Le\u00f3n, el D\u00eda Grande Jujuy. Los detalles fueron brindados en el marco de una conferencia de prensa realizada en C.A.J.A., encabezada por el jefe comunal, Santiago Tiz\u00f3n, acompa\u00f1ado por la [&hellip;]<\/p>\n","protected":false},"author":6,"featured_media":7839,"comment_status":"open","ping_status":"open","sticky":false,"template":"","format":"standard","meta":{"_themeisle_gutenberg_block_has_review":false,"footnotes":""},"categories":[32,4],"tags":[2085,58,2086],"class_list":["post-7835","post","type-post","status-publish","format-standard","has-post-thumbnail","hentry","category-locales","category-noticias","tag-dia-grande","tag-jujuy","tag-preparativos"],"_links":{"self":[{"href":"https:\/\/horapicodigital.com.ar\/index.php\/wp-json\/wp\/v2\/posts\/7835","targetHints":{"allow":["GET"]}}],"collection":[{"href":"https:\/\/horapicodigital.com.ar\/index.php\/wp-json\/wp\/v2\/posts"}],"about":[{"href":"https:\/\/horapicodigital.com.ar\/index.php\/wp-json\/wp\/v2\/types\/post"}],"author":[{"embeddable":true,"href":"https:\/\/horapicodigital.com.ar\/index.php\/wp-json\/wp\/v2\/users\/6"}],"replies":[{"embeddable":true,"href":"https:\/\/horapicodigital.com.ar\/index.php\/wp-json\/wp\/v2\/comments?post=7835"}],"version-history":[{"count":1,"href":"https:\/\/horapicodigital.com.ar\/index.php\/wp-json\/wp\/v2\/posts\/7835\/revisions"}],"predecessor-version":[{"id":7840,"href":"https:\/\/horapicodigital.com.ar\/index.php\/wp-json\/wp\/v2\/posts\/7835\/revisions\/7840"}],"wp:featuredmedia":[{"embeddable":true,"href":"https:\/\/horapicodigital.com.ar\/index.php\/wp-json\/wp\/v2\/media\/7839"}],"wp:attachment":[{"href":"https:\/\/horapicodigital.com.ar\/index.php\/wp-json\/wp\/v2\/media?parent=7835"}],"wp:term":[{"taxonomy":"category","embeddable":true,"href":"https:\/\/horapicodigital.com.ar\/index.php\/wp-json\/wp\/v2\/categories?post=7835"},{"taxonomy":"post_tag","embeddable":true,"href":"https:\/\/horapicodigital.com.ar\/index.php\/wp-json\/wp\/v2\/tags?post=7835"}],"curies":[{"name":"wp","href":"https:\/\/api.w.org\/{rel}","templated":true}]}}