{"id":7648,"date":"2024-04-11T00:44:27","date_gmt":"2024-04-11T03:44:27","guid":{"rendered":"https:\/\/horapicodigital.com.ar\/?p=7648"},"modified":"2024-04-11T00:44:57","modified_gmt":"2024-04-11T03:44:57","slug":"el-gobierno-acepto-negociar-con-la-cgt-como-sera-la-nueva-reforma-laboral-pero-no-le-alcanzaria-para-evitar-otro-paro-general","status":"publish","type":"post","link":"https:\/\/horapicodigital.com.ar\/index.php\/2024\/04\/11\/el-gobierno-acepto-negociar-con-la-cgt-como-sera-la-nueva-reforma-laboral-pero-no-le-alcanzaria-para-evitar-otro-paro-general\/","title":{"rendered":"El Gobierno acept\u00f3 negociar con la CGT c\u00f3mo ser\u00e1 la nueva reforma laboral, pero no le alcanzar\u00eda para evitar otro paro general"},"content":{"rendered":"\n<p>En su primera reuni\u00f3n oficial con el Gobierno, a la CGT le fue\u00a0mejor\u00a0de lo que pensaba, pero\u00a0no tanto\u00a0como para evitar que este jueves se decida un\u00a0paro general de 24 horas\u00a0cuando delibere el Consejo Directivo cegetista. Los sindicalistas salieron\u00a0conformes, en principio, porque fueron\u00a0escuchados\u00a0por dos ministros importantes del gabinete libertario, que les pidieron\u00a0disculpas\u00a0por algunos cortocircuitos en la relaci\u00f3n y les prometieron discutir en una mesa el contenido de una\u00a0\u201cmodernizaci\u00f3n\u201d\u00a0de la legislaci\u00f3n laboral (se acord\u00f3 no hablar de \u201creforma\u201d) para incluirla en la Ley Bases, pero\u00a0sin los art\u00edculos que irritaron a la dirigencia gremial\u00a0porque pon\u00edan en riesgo su andamiaje de poder.<\/p>\n\n\n\n<p>Fue una reuni\u00f3n de\u00a0casi tres horas,\u00a0en la que tuvo un inesperado protagonismo\u00a0Hugo Moyano,\u00a0el titular del Sindicato de Camioneros, que\u00a0reemplaz\u00f3 a su hijo Pablo, cotitular de la CGT, para plantearle a la primera plana del Gobierno los problemas que le genera la\u00a0no homologaci\u00f3n de su \u00faltima paritaria.\u00a0Su insistencia llev\u00f3 a que, al terminar la reuni\u00f3n, se quedara a solas con el secretario de Trabajo,\u00a0Julio Cordero,\u00a0para tratar de llegar a una soluci\u00f3n. Le dej\u00f3 una carpeta con los detalles del acuerdo salarial y\u00a0acordaron seguir hablando sobre el tema este jueves,\u00a0justo el d\u00eda en que est\u00e1 previsto un\u00a0plenario\u00a0de Camioneros para lanzar medidas de fuerza (que ahora se postergar\u00eda).<\/p>\n\n\n\n<p>La delegaci\u00f3n de la CGT les anticip\u00f3 al ministro del Interior,\u00a0Guillermo Francos;\u00a0el jefe de Gabinete,\u00a0Nicol\u00e1s Posse, y al asesor presidencial\u00a0Santiago Caputo\u00a0que organizar\u00e1n una movilizaci\u00f3n callejera el 1\u00b0 de mayo y que ma\u00f1ana seguramente se decidir\u00e1n\u00a0\u201cmedidas de acci\u00f3n directa\u201d.\u00a0Los funcionarios no pidieron que las suspendieran y s\u00ed, en cambio, les solicitaron un\u00a0\u201cacompa\u00f1amiento durante 2 o 3 meses\u201c\u00a0con acuerdos salariales que\u00a0no superen la inflaci\u00f3n prevista, para lo cual garantizaron, a trav\u00e9s de Cordero, que se acelerar\u00e1 el ritmo de las\u00a0homologaciones\u00a0que se acumulan sin aprobar.<\/p>\n\n\n\n<p><img loading=\"lazy\" decoding=\"async\" alt=\"Los representantes del Gobierno y la CGT estuvieron reunidos durante casi tres horas en la Casa Rosada\" height=\"2362\" width=\"3543\" class=\"\" src=\"https:\/\/www.infobae.com\/new-resizer\/iI7hXSQFQfK2NUC9IbhLJLtndr4=\/420x280\/filters:format(webp):quality(85)\/cloudfront-us-east-1.images.arcpublishing.com\/infobae\/RP7AAPNN3FCDHFG2Z3VRHR7FV4.jpeg%20420w\" srcset=\"https:\/\/www.infobae.com\/new-resizer\/iI7hXSQFQfK2NUC9IbhLJLtndr4=\/420x280\/filters:format(webp):quality(85)\/cloudfront-us-east-1.images.arcpublishing.com\/infobae\/RP7AAPNN3FCDHFG2Z3VRHR7FV4.jpeg 420w,https:\/\/www.infobae.com\/new-resizer\/3RllDZIoQx3FuLL3vbJXaaCd7EU=\/768x512\/filters:format(webp):quality(85)\/cloudfront-us-east-1.images.arcpublishing.com\/infobae\/RP7AAPNN3FCDHFG2Z3VRHR7FV4.jpeg 768w,https:\/\/www.infobae.com\/new-resizer\/xqTo4XetyJwcVk1WIGinN8zpgmc=\/992x661\/filters:format(webp):quality(85)\/cloudfront-us-east-1.images.arcpublishing.com\/infobae\/RP7AAPNN3FCDHFG2Z3VRHR7FV4.jpeg 992w,https:\/\/www.infobae.com\/new-resizer\/rdYCaUHj9rjpfQTLJUEVPw6ijDU=\/1200x800\/filters:format(webp):quality(85)\/cloudfront-us-east-1.images.arcpublishing.com\/infobae\/RP7AAPNN3FCDHFG2Z3VRHR7FV4.jpeg 1200w,https:\/\/www.infobae.com\/new-resizer\/URMuEib7H_0A4lD_tNo0BmrD_UE=\/1440x960\/filters:format(webp):quality(85)\/cloudfront-us-east-1.images.arcpublishing.com\/infobae\/RP7AAPNN3FCDHFG2Z3VRHR7FV4.jpeg 1440w\">Los representantes del Gobierno y la CGT estuvieron reunidos durante casi tres horas en la Casa Rosada<\/p>\n\n\n\n<p>Los dirigentes cegetistas advirtieron que negocian las paritarias con\u00a0\u201cresponsabilidad\u201d\u00a0y que \u201clos salarios no son el tema central de los problemas macroecon\u00f3micos de la Argentina\u201d, por lo cual\u00a0rechazan\u00a0la demora de la Secretar\u00eda de Trabajo en homologar algunos acuerdos. Cordero explic\u00f3 que reci\u00e9n ahora pudo completar su equipo y as\u00ed empezar a\u00a0ponerse al d\u00eda\u00a0con las homologaciones.\u00a0\u201cAhora se est\u00e1 normalizando todo\u201d, les asegur\u00f3. Pero all\u00ed fue cuando intervino\u00a0Hugo Moyano para quejarse de que su paritaria sigue sin homologarse. Fue el \u00fanico caso concreto que apareci\u00f3 sobre la mesa y el \u00fanico que finalmente consigui\u00f3 una\u00a0atenci\u00f3n personalizada\u00a0del secretario de Trabajo.<\/p>\n\n\n\n<p>El l\u00edder de Camioneros suele\u00a0desplazar\u00a0a su hijo Pablo, de car\u00e1cter explosivo, cuando los conflictos requieren de alguien de\u00a0mayor templanza y experiencia.\u00a0As\u00ed sucedi\u00f3 cuando el actual cotitular de la CGT llev\u00f3 peligrosamente al l\u00edmite la pelea con\u00a0Mercado Libre y Walmart,\u00a0en 2021. Y ahora, de la misma forma, Hugo Moyano lo\u00a0reemplaz\u00f3\u00a0en la reuni\u00f3n que la CGT tuvo esta ma\u00f1ana con senadores nacionales de Uni\u00f3n por la Patria y luego fue a la Casa de Gobierno, especialmente\u00a0invitado\u00a0por los otros cotitulares cegetistas, H\u00e9ctor Daer (Sanidad) y Carlos Acu\u00f1a (estaciones de servicio).<\/p>\n\n\n\n<p>La reuni\u00f3n con los funcionarios tuvo momentos de\u00a0tensi\u00f3n,\u00a0como cuando los dirigentes gremiales plantearon sus\u00a0quejas\u00a0por las consecuencias del ajuste, los despidos en el Estado, la falta de homologaci\u00f3n de las paritarias, la situaci\u00f3n de los jubilados y la \u201ccriminalizaci\u00f3n\u201d de la protesta. Uno de los que plante\u00f3 los reclamos con m\u00e1s dureza, e incluso protest\u00f3 por la crisis de las obras sociales, fue\u00a0Jos\u00e9 Luis Lingeri\u00a0(Obras Sanitarias), afectado por la reestructuraci\u00f3n prevista en AYSA.<\/p>\n\n\n\n<p><img loading=\"lazy\" decoding=\"async\" alt=\"Hugo Moyano, en la reuni\u00f3n con los senadores de Uni\u00f3n por la Patria que se hizo por la ma\u00f1ana en la CGT\" height=\"1080\" width=\"1920\" class=\"\" src=\"https:\/\/www.infobae.com\/new-resizer\/3zLy18mSc_lUA93wf6CcdzfaFnI=\/420x236\/filters:format(webp):quality(85)\/cloudfront-us-east-1.images.arcpublishing.com\/infobae\/AMUWB4JL4RBYDGE64NJATHKUXY.jpg%20420w\" srcset=\"https:\/\/www.infobae.com\/new-resizer\/3zLy18mSc_lUA93wf6CcdzfaFnI=\/420x236\/filters:format(webp):quality(85)\/cloudfront-us-east-1.images.arcpublishing.com\/infobae\/AMUWB4JL4RBYDGE64NJATHKUXY.jpg 420w,https:\/\/www.infobae.com\/new-resizer\/wCZXtTHmOe4k16TPTxKycz0-2Ik=\/768x432\/filters:format(webp):quality(85)\/cloudfront-us-east-1.images.arcpublishing.com\/infobae\/AMUWB4JL4RBYDGE64NJATHKUXY.jpg 768w,https:\/\/www.infobae.com\/new-resizer\/fa27zqZxSKYPZBRnIcOiTlHHgiY=\/992x558\/filters:format(webp):quality(85)\/cloudfront-us-east-1.images.arcpublishing.com\/infobae\/AMUWB4JL4RBYDGE64NJATHKUXY.jpg 992w,https:\/\/www.infobae.com\/new-resizer\/HAPyo-E4_rc1CfMwOSzaTDr99qs=\/1200x675\/filters:format(webp):quality(85)\/cloudfront-us-east-1.images.arcpublishing.com\/infobae\/AMUWB4JL4RBYDGE64NJATHKUXY.jpg 1200w,https:\/\/www.infobae.com\/new-resizer\/CzTYDVpT0AVYrGKHhO-W_YPKKJ4=\/1440x810\/filters:format(webp):quality(85)\/cloudfront-us-east-1.images.arcpublishing.com\/infobae\/AMUWB4JL4RBYDGE64NJATHKUXY.jpg 1440w\">Hugo Moyano, en la reuni\u00f3n con los senadores de Uni\u00f3n por la Patria que se hizo por la ma\u00f1ana en la CGT<\/p>\n\n\n\n<p>Aun as\u00ed, a los sindicalistas les cay\u00f3 bien que el Gobierno, apenas arranc\u00f3 la reuni\u00f3n, les pidiera\u00a0disculpas\u00a0por no haberlos llamado a dialogar antes y por no haber consensuado la reforma laboral del DNU 70. Les sorprendi\u00f3 que quien tuvo ese gesto no fue Francos ni Posse sino\u00a0Caputo,\u00a0el influyente asesor de Javier Milei, que se comport\u00f3 como si tuviera\u00a0m\u00e1s poder\u00a0que los ministros presentes.<\/p>\n\n\n\n<p>Cuando la charla se concentr\u00f3 en la reforma laboral, los funcionarios aclararon que el nuevo intento ser\u00e1\u00a0impulsado por los legisladores de la oposici\u00f3n dialoguista,\u00a0pero aseguraron que ahora se buscar\u00e1 consensuar su contenido con la CGT, por lo que les propusieron armar una\u00a0\u201cmesa t\u00e9cnica\u201d,\u00a0con el compromiso de\u00a0eliminar los art\u00edculos m\u00e1s irritativos para el sindicalismo,\u00a0como el que ponen trabas a la cuota solidaria, el que limita la ultraactividad de los convenios y el que establece que las empresas ya no est\u00e1n obligadas a ser agentes de retenci\u00f3n de la cuota sindical de su personal.<\/p>\n\n\n\n<p>En otra concesi\u00f3n a la CGT, seg\u00fan se jactaron sus dirigentes, el Gobierno\u00a0acept\u00f3 no hablar m\u00e1s de \u201creforma laboral\u201d,\u00a0una mala palabra en el diccionario sindical desde la llamada \u201cley Banelco\u201d en la administraci\u00f3n de la Alianza, sino referirse desde ahora a una\u00a0\u201cmodernizaci\u00f3n laboral\u201d.<\/p>\n\n\n\n<p><img loading=\"lazy\" decoding=\"async\" alt=\"Guillermo Francos, tras la reuni\u00f3n con la CGT en la Casa Rosada (Foto Nicol\u00e1s Stulberg)\" height=\"1080\" width=\"1920\" class=\"\" src=\"https:\/\/www.infobae.com\/new-resizer\/IALxRRVaerdxSiuY3bP_zfb5bcQ=\/420x236\/filters:format(webp):quality(85)\/cloudfront-us-east-1.images.arcpublishing.com\/infobae\/MT5CSK3NF5DVBKHDW6VRQQ4ZKA.jpg%20420w\" srcset=\"https:\/\/www.infobae.com\/new-resizer\/IALxRRVaerdxSiuY3bP_zfb5bcQ=\/420x236\/filters:format(webp):quality(85)\/cloudfront-us-east-1.images.arcpublishing.com\/infobae\/MT5CSK3NF5DVBKHDW6VRQQ4ZKA.jpg 420w,https:\/\/www.infobae.com\/new-resizer\/z6XYI6uY8lGMLXBlboBnVX5TrLg=\/768x432\/filters:format(webp):quality(85)\/cloudfront-us-east-1.images.arcpublishing.com\/infobae\/MT5CSK3NF5DVBKHDW6VRQQ4ZKA.jpg 768w,https:\/\/www.infobae.com\/new-resizer\/UG8ncjefVsxng_8IAo46krP7Peo=\/992x558\/filters:format(webp):quality(85)\/cloudfront-us-east-1.images.arcpublishing.com\/infobae\/MT5CSK3NF5DVBKHDW6VRQQ4ZKA.jpg 992w,https:\/\/www.infobae.com\/new-resizer\/v5sleREz6X5bFdbj51eDEZu6NIY=\/1200x675\/filters:format(webp):quality(85)\/cloudfront-us-east-1.images.arcpublishing.com\/infobae\/MT5CSK3NF5DVBKHDW6VRQQ4ZKA.jpg 1200w,https:\/\/www.infobae.com\/new-resizer\/hrP8bL9m9IV0-NTDQQTus9F2j9I=\/1440x810\/filters:format(webp):quality(85)\/cloudfront-us-east-1.images.arcpublishing.com\/infobae\/MT5CSK3NF5DVBKHDW6VRQQ4ZKA.jpg 1440w\">Guillermo Francos, tras la reuni\u00f3n con la CGT en la Casa Rosada (Foto Nicol\u00e1s Stulberg)<\/p>\n\n\n\n<p>M\u00e1s all\u00e1 de la cuesti\u00f3n sem\u00e1ntica, el proyecto de reforma o modernizaci\u00f3n laboral que el Gobierno incluir\u00e1 en la Ley Bases para apurar su sanci\u00f3n ser\u00e1 presentado este jueves por los\u00a0diputados nacionales de la UCR,\u00a0aunque, seg\u00fan trascendi\u00f3, reproducir\u00e1\u00a0el cap\u00edtulo laboral del DNU.\u00a0Es decir, su contenido ser\u00e1 el mismo que el Gobierno ahora prometi\u00f3 eliminar para buscar la aprobaci\u00f3n de la CGT. Un nuevo conflicto se perfila para un oficialismo que muestra algunas\u00a0posturas zigzagueantes.<\/p>\n\n\n\n<p>Adem\u00e1s de Daer, Acu\u00f1a, Moyano y Lingeri, del encuentro en la Casa de Gobierno participaron Andr\u00e9s Rodr\u00edguez (UPCN), Gerardo Mart\u00ednez (UOCRA), Jorge Sola (seguros), Cristian Jer\u00f3nimo (empleados del vidrio), Marina Jaureguiberry (SADOP), Susana Ben\u00edtez&nbsp;(SATSAID) y Oscar Rojas (maestranza), mientras que la delegaci\u00f3n oficial se complet\u00f3 con Lisandro Catal\u00e1n, secretario del Interior.<\/p>\n\n\n\n<p><img loading=\"lazy\" decoding=\"async\" alt=\"Gerardo Mart\u00ednez, l\u00edder de la UOCRA, fue otro de los jefes de la CGT que particip\u00f3 de la reuni\u00f3n en la Casa Rosada (Foto Nicol\u00e1s Stulberg)\" height=\"1280\" width=\"1920\" class=\"\" src=\"https:\/\/www.infobae.com\/new-resizer\/KxaSPd7_Wznc22vldiwPNU_cwtI=\/420x280\/filters:format(webp):quality(85)\/cloudfront-us-east-1.images.arcpublishing.com\/infobae\/3FQTTBRQ7ZFNFLHGETMWUSIPMM.jpg%20420w\" srcset=\"https:\/\/www.infobae.com\/new-resizer\/KxaSPd7_Wznc22vldiwPNU_cwtI=\/420x280\/filters:format(webp):quality(85)\/cloudfront-us-east-1.images.arcpublishing.com\/infobae\/3FQTTBRQ7ZFNFLHGETMWUSIPMM.jpg 420w,https:\/\/www.infobae.com\/new-resizer\/8XrJHTpff5dUj_S4kU79RkJtkkk=\/768x512\/filters:format(webp):quality(85)\/cloudfront-us-east-1.images.arcpublishing.com\/infobae\/3FQTTBRQ7ZFNFLHGETMWUSIPMM.jpg 768w,https:\/\/www.infobae.com\/new-resizer\/cT3snXWFp4d-J-ohPCJYY_qoRNg=\/992x661\/filters:format(webp):quality(85)\/cloudfront-us-east-1.images.arcpublishing.com\/infobae\/3FQTTBRQ7ZFNFLHGETMWUSIPMM.jpg 992w,https:\/\/www.infobae.com\/new-resizer\/v_kny-pJZM-axJRagLPiN3nHoAE=\/1200x800\/filters:format(webp):quality(85)\/cloudfront-us-east-1.images.arcpublishing.com\/infobae\/3FQTTBRQ7ZFNFLHGETMWUSIPMM.jpg 1200w,https:\/\/www.infobae.com\/new-resizer\/WpAoKmfpEbZFT3RP1FZPxF1Pn_Q=\/1440x960\/filters:format(webp):quality(85)\/cloudfront-us-east-1.images.arcpublishing.com\/infobae\/3FQTTBRQ7ZFNFLHGETMWUSIPMM.jpg 1440w\">Gerardo Mart\u00ednez, l\u00edder de la UOCRA, fue otro de los jefes de la CGT que particip\u00f3 de la reuni\u00f3n en la Casa Rosada (Foto Nicol\u00e1s Stulberg)<\/p>\n\n\n\n<p>\u201cNo hubo ni vencedores ni vencidos.\u00a0S\u00ed hubo sensatez, criterio, razonabilidad. Indudablemente el Gobierno se equivoc\u00f3 mucho y el hecho de invitar a la CGT es porque se da cuenta de que el nuevo paro va a ser masivo\u201d, dijo uno de los dirigentes que estuvo en la Casa Rosada. \u00bfEso quiere decir que ya da por sentado que las promesas oficiales no alcanzan? \u201cLas palabras est\u00e1n bien, pero ahora nosotros\u00a0necesitamos hechos,\u00a0algo concreto\u201d, complet\u00f3 otro de sus colegas cegetistas.<\/p>\n\n\n\n<p>Este jueves, a las 14.30, se escribir\u00e1 en la sede de Azopardo 802\u00a0otro cap\u00edtulo\u00a0de esta traum\u00e1tica relaci\u00f3n entre el Gobierno y la CGT. El oficialismo, resignado a digerir otro paro general y necesitado de consensos para concretar sus reformas sin que se abroquelen todos sus opositores,\u00a0abri\u00f3 las puertas\u00a0a un sindicalismo que sigue dividido, pero buscar\u00e1\u00a0aprovechar el incipiente di\u00e1logo.<\/p>\n","protected":false},"excerpt":{"rendered":"<p>En su primera reuni\u00f3n oficial con el Gobierno, a la CGT le fue\u00a0mejor\u00a0de lo que pensaba, pero\u00a0no tanto\u00a0como para evitar que este jueves se decida un\u00a0paro general de 24 horas\u00a0cuando delibere el Consejo Directivo cegetista. Los sindicalistas salieron\u00a0conformes, en principio, porque fueron\u00a0escuchados\u00a0por dos ministros importantes del gabinete libertario, que les pidieron\u00a0disculpas\u00a0por algunos cortocircuitos en la [&hellip;]<\/p>\n","protected":false},"author":6,"featured_media":6964,"comment_status":"open","ping_status":"open","sticky":false,"template":"","format":"standard","meta":{"_themeisle_gutenberg_block_has_review":false,"footnotes":""},"categories":[4,35],"tags":[1515,776,85,412],"class_list":["post-7648","post","type-post","status-publish","format-standard","has-post-thumbnail","hentry","category-noticias","category-pais","tag-cgt","tag-gobierno","tag-pais","tag-paro"],"_links":{"self":[{"href":"https:\/\/horapicodigital.com.ar\/index.php\/wp-json\/wp\/v2\/posts\/7648","targetHints":{"allow":["GET"]}}],"collection":[{"href":"https:\/\/horapicodigital.com.ar\/index.php\/wp-json\/wp\/v2\/posts"}],"about":[{"href":"https:\/\/horapicodigital.com.ar\/index.php\/wp-json\/wp\/v2\/types\/post"}],"author":[{"embeddable":true,"href":"https:\/\/horapicodigital.com.ar\/index.php\/wp-json\/wp\/v2\/users\/6"}],"replies":[{"embeddable":true,"href":"https:\/\/horapicodigital.com.ar\/index.php\/wp-json\/wp\/v2\/comments?post=7648"}],"version-history":[{"count":1,"href":"https:\/\/horapicodigital.com.ar\/index.php\/wp-json\/wp\/v2\/posts\/7648\/revisions"}],"predecessor-version":[{"id":7649,"href":"https:\/\/horapicodigital.com.ar\/index.php\/wp-json\/wp\/v2\/posts\/7648\/revisions\/7649"}],"wp:featuredmedia":[{"embeddable":true,"href":"https:\/\/horapicodigital.com.ar\/index.php\/wp-json\/wp\/v2\/media\/6964"}],"wp:attachment":[{"href":"https:\/\/horapicodigital.com.ar\/index.php\/wp-json\/wp\/v2\/media?parent=7648"}],"wp:term":[{"taxonomy":"category","embeddable":true,"href":"https:\/\/horapicodigital.com.ar\/index.php\/wp-json\/wp\/v2\/categories?post=7648"},{"taxonomy":"post_tag","embeddable":true,"href":"https:\/\/horapicodigital.com.ar\/index.php\/wp-json\/wp\/v2\/tags?post=7648"}],"curies":[{"name":"wp","href":"https:\/\/api.w.org\/{rel}","templated":true}]}}