{"id":7095,"date":"2024-03-12T01:34:46","date_gmt":"2024-03-12T04:34:46","guid":{"rendered":"https:\/\/horapicodigital.com.ar\/?p=7095"},"modified":"2024-03-12T01:34:47","modified_gmt":"2024-03-12T04:34:47","slug":"en-jujuy-y-todo-el-interior-del-pais-no-habra-colectivos-por-48-horas","status":"publish","type":"post","link":"https:\/\/horapicodigital.com.ar\/index.php\/2024\/03\/12\/en-jujuy-y-todo-el-interior-del-pais-no-habra-colectivos-por-48-horas\/","title":{"rendered":"En Jujuy y todo el interior del pa\u00eds no habr\u00e1 colectivos por 48 horas"},"content":{"rendered":"\n<p>El paro de colectivos previsto para el mi\u00e9rcoles 13 y jueves 14 en el interior del pa\u00eds qued\u00f3 ratificado este lunes tras un nuevo fracaso en las negociaciones de aumento salarial que llevan a cabo en paritarias las empresas del sector del transporte, la Uni\u00f3n Tranviaria Automotor (UTA) y el gobierno nacional. Debido a que el sector empresarial (Fatap) no present\u00f3 ninguna propuesta de incremento, los trabajadores concretar\u00e1n un paro por 48 horas.<\/p>\n\n\n\n<p>En la audiencia, Fatap present\u00f3 un detallado an\u00e1lisis de la situaci\u00f3n actual en cada jurisdicci\u00f3n, donde se pusieron sobre la mesa los ingresos previstos para el sector en materia de tarifas y asistencias locales, provinciales y municipales, ya que el gobierno nacional sostiene que no generar\u00e1 aporte alguno para la actividad, pese que est\u00e1 vigente el Presupuesto 2023 que contempla partidas para el Fondo Compensador al Transporte del Interior.<\/p>\n\n\n\n<p>\u201cEl resultado de dicha tarea arroja que, excepto muy pocas jurisdicciones en las que las autoridades han decidido solventar los mayores costos salariales, las recomposiciones tarifarias y asistencias vigentes, firmadas o prometidas, s\u00f3lo son paliativos para afrontar los costos vigentes al cierre del a\u00f1o anterior, sin que est\u00e9n previstos los mayores costos derivados de un eventual acuerdo paritario e incrementos de los costos de combustible y mantenimiento\u201d, remarcaron las empresas, y advirtieron que \u201cel principal aporte que las empresas de transporte urbano de pasajeros del interior del pa\u00eds puede efectuar hoy a la actividad es la continuidad de los servicios sin afectar a nuestro personal, manteniendo los puestos de trabajo, a pesar de que las empresas contin\u00faan descapitaliz\u00e1ndose y endeud\u00e1ndose, comprometiendo severamente su sustentabilidad econ\u00f3mico financiera\u201d. En ese contexto, Fatap reclam\u00f3 a la Secretar\u00eda de Trabajo de la Naci\u00f3n que convoque a las autoridades provinciales y municipales y al COFETRA a una audiencia ampliada, con el objetivo de exponer la situaci\u00f3n y encontrar un camino de soluci\u00f3n. Por su parte, desde UTA ratificaron la posici\u00f3n expresada en anteriores audiencias y lamentaron que \u201cnuevamente recibimos del sector empresarial una negativa a formular propuesta o aceptar la pretensi\u00f3n del sector so pretexto de cuestiones financieras que nos son ajenas\u201d.<\/p>\n\n\n\n<p>\u201cEl salario no es un costo por lo tanto no corresponde intentar una baja como ahora pareciera insinuar la patronal empresaria\u201d, se\u00f1alaron desde el sindicato y exigieron alcanzar un acuerdo sectorial \u201cacorde a la pretensi\u00f3n anteriormente expresada\u201d. Adem\u00e1s de ratificar el paro de 48 horas, UTA adelant\u00f3 que \u201cde no tener una respuesta adecuada a la pretensi\u00f3n sindical, las medidas continuaran profundiz\u00e1ndose hasta tanto se suscriba el acuerdo salarial que los trabajadores demandan\u201d.<\/p>\n\n\n\n<p>\u201cRequerimos a las autoridades p\u00fablicas que atiendan las necesidades del sector, cuyo servicio resulta trascendental y que como tal no puede ni debe suspenderse, como parece vislumbrarse de la manifestaci\u00f3n empresaria\u201d, expresaron. Desde la Secretar\u00eda de Trabajo convocaron a otra reuni\u00f3n para el d\u00eda martes 19 de marzo a las 15.<\/p>\n","protected":false},"excerpt":{"rendered":"<p>El paro de colectivos previsto para el mi\u00e9rcoles 13 y jueves 14 en el interior del pa\u00eds qued\u00f3 ratificado este lunes tras un nuevo fracaso en las negociaciones de aumento salarial que llevan a cabo en paritarias las empresas del sector del transporte, la Uni\u00f3n Tranviaria Automotor (UTA) y el gobierno nacional. Debido a que [&hellip;]<\/p>\n","protected":false},"author":6,"featured_media":6691,"comment_status":"open","ping_status":"open","sticky":false,"template":"","format":"standard","meta":{"_themeisle_gutenberg_block_has_review":false,"footnotes":""},"categories":[4,35],"tags":[245,85,412,260],"class_list":["post-7095","post","type-post","status-publish","format-standard","has-post-thumbnail","hentry","category-noticias","category-pais","tag-interior","tag-pais","tag-paro","tag-transporte"],"_links":{"self":[{"href":"https:\/\/horapicodigital.com.ar\/index.php\/wp-json\/wp\/v2\/posts\/7095","targetHints":{"allow":["GET"]}}],"collection":[{"href":"https:\/\/horapicodigital.com.ar\/index.php\/wp-json\/wp\/v2\/posts"}],"about":[{"href":"https:\/\/horapicodigital.com.ar\/index.php\/wp-json\/wp\/v2\/types\/post"}],"author":[{"embeddable":true,"href":"https:\/\/horapicodigital.com.ar\/index.php\/wp-json\/wp\/v2\/users\/6"}],"replies":[{"embeddable":true,"href":"https:\/\/horapicodigital.com.ar\/index.php\/wp-json\/wp\/v2\/comments?post=7095"}],"version-history":[{"count":1,"href":"https:\/\/horapicodigital.com.ar\/index.php\/wp-json\/wp\/v2\/posts\/7095\/revisions"}],"predecessor-version":[{"id":7096,"href":"https:\/\/horapicodigital.com.ar\/index.php\/wp-json\/wp\/v2\/posts\/7095\/revisions\/7096"}],"wp:featuredmedia":[{"embeddable":true,"href":"https:\/\/horapicodigital.com.ar\/index.php\/wp-json\/wp\/v2\/media\/6691"}],"wp:attachment":[{"href":"https:\/\/horapicodigital.com.ar\/index.php\/wp-json\/wp\/v2\/media?parent=7095"}],"wp:term":[{"taxonomy":"category","embeddable":true,"href":"https:\/\/horapicodigital.com.ar\/index.php\/wp-json\/wp\/v2\/categories?post=7095"},{"taxonomy":"post_tag","embeddable":true,"href":"https:\/\/horapicodigital.com.ar\/index.php\/wp-json\/wp\/v2\/tags?post=7095"}],"curies":[{"name":"wp","href":"https:\/\/api.w.org\/{rel}","templated":true}]}}