{"id":6959,"date":"2024-03-06T00:16:27","date_gmt":"2024-03-06T03:16:27","guid":{"rendered":"https:\/\/horapicodigital.com.ar\/?p=6959"},"modified":"2024-03-06T00:16:29","modified_gmt":"2024-03-06T03:16:29","slug":"paro-de-transporte-este-miercoles-el-servicio-sera-normal","status":"publish","type":"post","link":"https:\/\/horapicodigital.com.ar\/index.php\/2024\/03\/06\/paro-de-transporte-este-miercoles-el-servicio-sera-normal\/","title":{"rendered":"Paro de transporte: este mi\u00e9rcoles el servicio ser\u00e1 normal"},"content":{"rendered":"\n<p>Tras el\u00a0paro de transporte\u00a0convocado para este martes por la Uni\u00f3n Tranviarios Automotor, este mi\u00e9rcoles el servicio ser\u00e1 con normalidad tanto en la provincia de Jujuy como en el resto del pa\u00eds ya que la medida solamente era por un d\u00eda.<\/p>\n\n\n\n<p>Asimismo informaron que de acuerdo al fragmento del acta difundida hace varios d\u00edas, las partes volver\u00e1n a reunirse la pr\u00f3xima semana, m\u00e1s precisamente el 7 de marzo a las 13.<\/p>\n\n\n\n<h2 class=\"wp-block-heading\">Por qu\u00e9 hubo paro de transporte<\/h2>\n\n\n\n<p>Desde el gremio difundieron un comunicado en el que se\u00f1alaron que \u201ctras dos meses de audiencia en la Secretar\u00eda de Trabajo de la Naci\u00f3n, no ha acercado ofrecimiento salarial alguno\u201d.<\/p>\n\n\n\n<p>\u201cEn atenci\u00f3n a ello, informamos que se ha resuelto la adopci\u00f3n de una medida de acci\u00f3n gremial, consistente en un paro por 24 horas, durante toda la jornada del d\u00eda martes 5 de marzo de 2024\u2033, ampliaron.<\/p>\n\n\n\n<p>\u201cTal como lo expresamos, el conflicto se profundizar\u00e1 ante la inacci\u00f3n de los actores del presente proceso, ya sea empresarios y autoridades nacionales, provinciales y municipales,\u00a0al vencimiento del per\u00edodo de conciliaci\u00f3n laboral obligatoria\u201d, concluye el texto que lleva la firma del Consejo Directivo Nacional Juntas Ejecutivas Seccionales Uni\u00f3n Tranviarios Automotor.<\/p>\n\n\n\n<h2 class=\"wp-block-heading\">Paro de transporte: en qu\u00e9 provincias fue este martes<\/h2>\n\n\n\n<ul class=\"wp-block-list\">\n<li>Chaco<\/li>\n\n\n\n<li>C\u00f3rdoba<\/li>\n\n\n\n<li>Corrientes<\/li>\n\n\n\n<li>Entre R\u00edos<\/li>\n\n\n\n<li>Formosa<\/li>\n\n\n\n<li>Jujuy<\/li>\n\n\n\n<li>La Pampa<\/li>\n\n\n\n<li>La Rioja<\/li>\n\n\n\n<li>Misiones<\/li>\n\n\n\n<li>Neuqu\u00e9n<\/li>\n\n\n\n<li>R\u00edo Negro<\/li>\n\n\n\n<li>Salta<\/li>\n\n\n\n<li>San Juan<\/li>\n\n\n\n<li>San Luis<\/li>\n\n\n\n<li>Santa Cruz<\/li>\n\n\n\n<li>Santa Fe<\/li>\n\n\n\n<li>Santiago del Estero<\/li>\n\n\n\n<li>Tucum\u00e1n<\/li>\n<\/ul>\n","protected":false},"excerpt":{"rendered":"<p>Tras el\u00a0paro de transporte\u00a0convocado para este martes por la Uni\u00f3n Tranviarios Automotor, este mi\u00e9rcoles el servicio ser\u00e1 con normalidad tanto en la provincia de Jujuy como en el resto del pa\u00eds ya que la medida solamente era por un d\u00eda. Asimismo informaron que de acuerdo al fragmento del acta difundida hace varios d\u00edas, las partes [&hellip;]<\/p>\n","protected":false},"author":6,"featured_media":6691,"comment_status":"open","ping_status":"open","sticky":false,"template":"","format":"standard","meta":{"_themeisle_gutenberg_block_has_review":false,"footnotes":""},"categories":[32,4],"tags":[58,412,260],"class_list":["post-6959","post","type-post","status-publish","format-standard","has-post-thumbnail","hentry","category-locales","category-noticias","tag-jujuy","tag-paro","tag-transporte"],"_links":{"self":[{"href":"https:\/\/horapicodigital.com.ar\/index.php\/wp-json\/wp\/v2\/posts\/6959","targetHints":{"allow":["GET"]}}],"collection":[{"href":"https:\/\/horapicodigital.com.ar\/index.php\/wp-json\/wp\/v2\/posts"}],"about":[{"href":"https:\/\/horapicodigital.com.ar\/index.php\/wp-json\/wp\/v2\/types\/post"}],"author":[{"embeddable":true,"href":"https:\/\/horapicodigital.com.ar\/index.php\/wp-json\/wp\/v2\/users\/6"}],"replies":[{"embeddable":true,"href":"https:\/\/horapicodigital.com.ar\/index.php\/wp-json\/wp\/v2\/comments?post=6959"}],"version-history":[{"count":1,"href":"https:\/\/horapicodigital.com.ar\/index.php\/wp-json\/wp\/v2\/posts\/6959\/revisions"}],"predecessor-version":[{"id":6960,"href":"https:\/\/horapicodigital.com.ar\/index.php\/wp-json\/wp\/v2\/posts\/6959\/revisions\/6960"}],"wp:featuredmedia":[{"embeddable":true,"href":"https:\/\/horapicodigital.com.ar\/index.php\/wp-json\/wp\/v2\/media\/6691"}],"wp:attachment":[{"href":"https:\/\/horapicodigital.com.ar\/index.php\/wp-json\/wp\/v2\/media?parent=6959"}],"wp:term":[{"taxonomy":"category","embeddable":true,"href":"https:\/\/horapicodigital.com.ar\/index.php\/wp-json\/wp\/v2\/categories?post=6959"},{"taxonomy":"post_tag","embeddable":true,"href":"https:\/\/horapicodigital.com.ar\/index.php\/wp-json\/wp\/v2\/tags?post=6959"}],"curies":[{"name":"wp","href":"https:\/\/api.w.org\/{rel}","templated":true}]}}