{"id":6929,"date":"2024-03-05T00:11:36","date_gmt":"2024-03-05T03:11:36","guid":{"rendered":"https:\/\/horapicodigital.com.ar\/?p=6929"},"modified":"2024-03-05T00:11:37","modified_gmt":"2024-03-05T03:11:37","slug":"uta-paro-confirmado-para-manana-el-miercoles-servicio-normal","status":"publish","type":"post","link":"https:\/\/horapicodigital.com.ar\/index.php\/2024\/03\/05\/uta-paro-confirmado-para-manana-el-miercoles-servicio-normal\/","title":{"rendered":"UTA: paro confirmado para ma\u00f1ana, el mi\u00e9rcoles servicio normal"},"content":{"rendered":"\n<p>Tras concluir sin acuerdo la instancia de conciliaci\u00f3n obligatoria dictaminada por la Secretar\u00eda de Trabajo, la Uni\u00f3n Tranviarios Automotor (UTA) anunci\u00f3 un paro de 24 horas para el martes 5 de marzo en el interior del pa\u00eds.&nbsp;<\/p>\n\n\n\n<p>Desde UTA Seccional Jujuy adhieren a la medida, consultado por\u00a0El Tribuno de Jujuy, Sergio Lobo expres\u00f3 que si bien el martes no habr\u00e1 transporte p\u00fablico de pasajeros, el mi\u00e9rcoles el servicio se prestar\u00e1 con normalidad.<\/p>\n\n\n\n<p>Los servicios afectados ser\u00e1n los de corta y media distancia.<\/p>\n\n\n\n<p>A pesar que no se hizo efectivo el total del pago de los sueldos, van a seguir esperando hasta que se liquide el salario a todos los trabajadores.<\/p>\n\n\n\n<p><strong>\u00bfQui\u00e9nes se adhieren al paro de colectivos?<\/strong><\/p>\n\n\n\n<p>El paro de colectivos del martes 5 de marzo afectar\u00e1 a todos los servicios urbanos del interior del pa\u00eds.&nbsp;<\/p>\n\n\n\n<p>\u00abTal como lo expresamos, el conflicto se profundizar\u00e1 ante la inacci\u00f3n de los actores del presente proceso, ya sea empresarios y autoridades nacionales, provinciales y municipales, al vencimiento del per\u00edodo de conciliaci\u00f3n laboral obligatoria\u00bb, sentenci\u00f3 el gremio liderado por Roberto Fern\u00e1ndez a trav\u00e9s de un comunicado.&nbsp;<\/p>\n\n\n\n<p><strong>\u00bfPor qu\u00e9 habr\u00e1 paro de colectivos?<\/strong><\/p>\n\n\n\n<p>Seg\u00fan lo expresado en redes sociales, la UTA exige una mejora salarial equiparable a la obtenida por los choferes del \u00c1rea Metropolitana de Buenos Aires (AMBA), cuyos salarios b\u00e1sicos superaron los $600,000 en enero y los $700,000 en febrero.<\/p>\n\n\n\n<p>Las partes volver\u00e1n a reunirse el jueves 7 de marzo seg\u00fan el fragmento del acta difundida, mientras que desde el gremio se\u00f1alaron que el acuerdo salarial no fue actualizado desde diciembre, culminando en la adopci\u00f3n de la medida de paro.<\/p>\n","protected":false},"excerpt":{"rendered":"<p>Tras concluir sin acuerdo la instancia de conciliaci\u00f3n obligatoria dictaminada por la Secretar\u00eda de Trabajo, la Uni\u00f3n Tranviarios Automotor (UTA) anunci\u00f3 un paro de 24 horas para el martes 5 de marzo en el interior del pa\u00eds.&nbsp; Desde UTA Seccional Jujuy adhieren a la medida, consultado por\u00a0El Tribuno de Jujuy, Sergio Lobo expres\u00f3 que si [&hellip;]<\/p>\n","protected":false},"author":6,"featured_media":6691,"comment_status":"open","ping_status":"open","sticky":false,"template":"","format":"standard","meta":{"_themeisle_gutenberg_block_has_review":false,"footnotes":""},"categories":[4,35],"tags":[892,85,412,260,147],"class_list":["post-6929","post","type-post","status-publish","format-standard","has-post-thumbnail","hentry","category-noticias","category-pais","tag-colectivo","tag-pais","tag-paro","tag-transporte","tag-uta"],"_links":{"self":[{"href":"https:\/\/horapicodigital.com.ar\/index.php\/wp-json\/wp\/v2\/posts\/6929","targetHints":{"allow":["GET"]}}],"collection":[{"href":"https:\/\/horapicodigital.com.ar\/index.php\/wp-json\/wp\/v2\/posts"}],"about":[{"href":"https:\/\/horapicodigital.com.ar\/index.php\/wp-json\/wp\/v2\/types\/post"}],"author":[{"embeddable":true,"href":"https:\/\/horapicodigital.com.ar\/index.php\/wp-json\/wp\/v2\/users\/6"}],"replies":[{"embeddable":true,"href":"https:\/\/horapicodigital.com.ar\/index.php\/wp-json\/wp\/v2\/comments?post=6929"}],"version-history":[{"count":1,"href":"https:\/\/horapicodigital.com.ar\/index.php\/wp-json\/wp\/v2\/posts\/6929\/revisions"}],"predecessor-version":[{"id":6930,"href":"https:\/\/horapicodigital.com.ar\/index.php\/wp-json\/wp\/v2\/posts\/6929\/revisions\/6930"}],"wp:featuredmedia":[{"embeddable":true,"href":"https:\/\/horapicodigital.com.ar\/index.php\/wp-json\/wp\/v2\/media\/6691"}],"wp:attachment":[{"href":"https:\/\/horapicodigital.com.ar\/index.php\/wp-json\/wp\/v2\/media?parent=6929"}],"wp:term":[{"taxonomy":"category","embeddable":true,"href":"https:\/\/horapicodigital.com.ar\/index.php\/wp-json\/wp\/v2\/categories?post=6929"},{"taxonomy":"post_tag","embeddable":true,"href":"https:\/\/horapicodigital.com.ar\/index.php\/wp-json\/wp\/v2\/tags?post=6929"}],"curies":[{"name":"wp","href":"https:\/\/api.w.org\/{rel}","templated":true}]}}