{"id":6914,"date":"2024-03-02T02:17:39","date_gmt":"2024-03-02T05:17:39","guid":{"rendered":"https:\/\/horapicodigital.com.ar\/?p=6914"},"modified":"2024-03-02T02:17:40","modified_gmt":"2024-03-02T05:17:40","slug":"javier-milei-inicio-las-sesiones-ordinarias-en-el-congreso-detallo-la-herencia-recibida-y-anuncio-nuevas-medidas","status":"publish","type":"post","link":"https:\/\/horapicodigital.com.ar\/index.php\/2024\/03\/02\/javier-milei-inicio-las-sesiones-ordinarias-en-el-congreso-detallo-la-herencia-recibida-y-anuncio-nuevas-medidas\/","title":{"rendered":"Javier Milei inici\u00f3 las sesiones ordinarias en el Congreso: detall\u00f3 la herencia recibida y anunci\u00f3 nuevas medidas"},"content":{"rendered":"\n<p class=\"wp-block-paragraph\">El Presidente habl\u00f3 por primera vez ante la Asamblea Legislativa. Realiz\u00f3 un repaso de la econ\u00f3mica, tild\u00f3 al Estado de \u201corganizaci\u00f3n criminal\u201d, anunci\u00f3 el cierre de la agencia T\u00e9lam y lanz\u00f3 duras cr\u00edticas a los pol\u00edticos<\/p>\n\n\n\n<h2 class=\"wp-block-heading\" id=\"javier-milei-explico-por-que-eligio-cordoba-para-la-firma-del-pacto-del-25-de-mayo\">Javier Milei explic\u00f3 por qu\u00e9 eligi\u00f3 C\u00f3rdoba para la firma del Pacto del 25 de Mayo<\/h2>\n\n\n\n<p class=\"wp-block-paragraph\">Al t\u00e9rmino de su discurso en el Congreso, Javier Milei fue consultado sobre el motivo por el cual eligi\u00f3 la provincia de C\u00f3rdoba para la firma del Pacto del 25 de Mayo.<\/p>\n\n\n\n<p class=\"wp-block-paragraph\">\u201cC\u00f3rdoba porque creo que es el lugar fundacional en t\u00e9rminos de conocimiento, en\u00a0especial -no se olviden- porque Conan es cordob\u00e9s\u201d, respondi\u00f3 ante la consulta de los periodistas.<\/p>\n\n\n\n<p class=\"wp-block-paragraph\">Adem\u00e1s, el Presidente resalt\u00f3 que su convocatoria a los gobernadores es una \u201capuesta para que me demuestren que estoy equivocado y ver si pueden dejar sus privilegios de casta para seguir adelante\u201d.<\/p>\n\n\n\n<h2 class=\"wp-block-heading\" id=\"la-advertencia-de-milei-a-la-oposicion:-&quot;si-lo-que-buscan-es-el-conflicto-conflicto-tendran&quot;\">La advertencia de Milei a la oposici\u00f3n: \u201cSi lo que buscan es el conflicto, conflicto tendr\u00e1n\u201d<\/h2>\n\n\n\n<p class=\"wp-block-paragraph\">Javier Milei\u00a0resalt\u00f3 que desde La Libertad Avanza llegaron a la Casa Rosada para \u201cponer nuestra energ\u00eda en construir lo nuevo, pero quiero decirles a todos los que est\u00e1n ac\u00e1 y a\u00a0los que nos est\u00e1n mirando que si lo que buscan es el conflicto, conflicto tendr\u00e1n\u201d.<\/p>\n\n\n\n<p class=\"wp-block-paragraph\">\u201cA diferencia de algunos de ustedes, que est\u00e1n pensando en su pr\u00f3xima reelecci\u00f3n, o en sus propios intereses, nosotros s\u00f3lo pensamos en la causa de la libertad, en reconstruir nuestra naci\u00f3n y brindar un futuro de libertad a nuestros hijos a cualquier precio. Sin embargo, la confrontaci\u00f3n no es el camino que queremos ni el que elegimos, hay otro posible, distinto, de acuerdo y no de conflicto. Acuerdo s\u00ed, no al consenso contra el cambio\u201d, agreg\u00f3.<\/p>\n\n\n\n<p class=\"wp-block-paragraph\">Tambi\u00e9n reconoci\u00f3: \u201cNo tengo demasiadas esperanzas en que tomen este camino, creo que la corrupci\u00f3n, la mezquindad est\u00e1n demasiada extendidos. Pero si bien no las tengo, tampoco las he perdido. Es m\u00e1s, quiero que me demuestren que estoy equivocado, desafiarlos a que demuestren que la pol\u00edtica puede ser m\u00e1s de lo que es, que demuestren que podemos anteponer los intereses de la naci\u00f3n a los miserables intereses electorales\u201d.<\/p>\n\n\n\n<p class=\"wp-block-paragraph\">\u201cQuiero aprovechar para mandarles una invitaci\u00f3n: convocar tanto a gobernadores como a ex presidentes a que depongamos nuestros intereses personales y que nos encontremos en la provincia de C\u00f3rdoba el pr\u00f3ximo 25 de mayo para la firma de un nuevo contrato social, llamado pacto de Mayo, uno que establezca los 10 principios del nuevo orden econ\u00f3mico argentino\u201d, agreg\u00f3.<\/p>\n\n\n\n<p class=\"wp-block-paragraph\"><\/p>\n","protected":false},"excerpt":{"rendered":"<p>El Presidente habl\u00f3 por primera vez ante la Asamblea Legislativa. Realiz\u00f3 un repaso de la econ\u00f3mica, tild\u00f3 al Estado de \u201corganizaci\u00f3n criminal\u201d, anunci\u00f3 el cierre de la agencia T\u00e9lam y lanz\u00f3 duras cr\u00edticas a los pol\u00edticos Javier Milei explic\u00f3 por qu\u00e9 eligi\u00f3 C\u00f3rdoba para la firma del Pacto del 25 de Mayo Al t\u00e9rmino de [&hellip;]<\/p>\n","protected":false},"author":6,"featured_media":5229,"comment_status":"open","ping_status":"open","sticky":false,"template":"","format":"standard","meta":{"_themeisle_gutenberg_block_has_review":false,"footnotes":""},"categories":[35,33],"tags":[477,971,1800,85],"class_list":["post-6914","post","type-post","status-publish","format-standard","has-post-thumbnail","hentry","category-pais","category-politica","tag-congreso","tag-milei","tag-pacto-25-de-mayo","tag-pais"],"_links":{"self":[{"href":"https:\/\/horapicodigital.com.ar\/index.php\/wp-json\/wp\/v2\/posts\/6914","targetHints":{"allow":["GET"]}}],"collection":[{"href":"https:\/\/horapicodigital.com.ar\/index.php\/wp-json\/wp\/v2\/posts"}],"about":[{"href":"https:\/\/horapicodigital.com.ar\/index.php\/wp-json\/wp\/v2\/types\/post"}],"author":[{"embeddable":true,"href":"https:\/\/horapicodigital.com.ar\/index.php\/wp-json\/wp\/v2\/users\/6"}],"replies":[{"embeddable":true,"href":"https:\/\/horapicodigital.com.ar\/index.php\/wp-json\/wp\/v2\/comments?post=6914"}],"version-history":[{"count":1,"href":"https:\/\/horapicodigital.com.ar\/index.php\/wp-json\/wp\/v2\/posts\/6914\/revisions"}],"predecessor-version":[{"id":6915,"href":"https:\/\/horapicodigital.com.ar\/index.php\/wp-json\/wp\/v2\/posts\/6914\/revisions\/6915"}],"wp:featuredmedia":[{"embeddable":true,"href":"https:\/\/horapicodigital.com.ar\/index.php\/wp-json\/wp\/v2\/media\/5229"}],"wp:attachment":[{"href":"https:\/\/horapicodigital.com.ar\/index.php\/wp-json\/wp\/v2\/media?parent=6914"}],"wp:term":[{"taxonomy":"category","embeddable":true,"href":"https:\/\/horapicodigital.com.ar\/index.php\/wp-json\/wp\/v2\/categories?post=6914"},{"taxonomy":"post_tag","embeddable":true,"href":"https:\/\/horapicodigital.com.ar\/index.php\/wp-json\/wp\/v2\/tags?post=6914"}],"curies":[{"name":"wp","href":"https:\/\/api.w.org\/{rel}","templated":true}]}}