{"id":6884,"date":"2024-03-02T01:24:00","date_gmt":"2024-03-02T04:24:00","guid":{"rendered":"https:\/\/horapicodigital.com.ar\/?p=6884"},"modified":"2024-03-02T01:24:02","modified_gmt":"2024-03-02T04:24:02","slug":"mensaje-a-los-jujenos-sadir-anuncio-una-ley-de-coparticipacion-provincial-y-desahogo-financiero-para-los-municipios","status":"publish","type":"post","link":"https:\/\/horapicodigital.com.ar\/index.php\/2024\/03\/02\/mensaje-a-los-jujenos-sadir-anuncio-una-ley-de-coparticipacion-provincial-y-desahogo-financiero-para-los-municipios\/","title":{"rendered":"Mensaje a los juje\u00f1os.\u00a0Sadir anunci\u00f3 una ley de coparticipaci\u00f3n provincial y desahogo financiero para los municipios"},"content":{"rendered":"\n<p>El gobernador Carlos Sadir inaugur\u00f3 el 163\u00ba per\u00edodo de sesiones ordinarias de la legislatura de la Provincia, acto constitucional y democr\u00e1tico en el cual ratific\u00f3 su decisi\u00f3n de dar continuidad al modelo transformador iniciado en 2015 y que devolvi\u00f3 a los juje\u00f1os a la paz, el orden y la esperanza. \u201cLo hacemos con la convicci\u00f3n de que seguiremos trabajando por el progreso de Jujuy, afianzados en nuestra moderna Constituci\u00f3n y la institucionalidad que garantiza el sistema republicano de gobierno\u201d, apunt\u00f3.<\/p>\n\n\n\n<p>En este contexto, anunci\u00f3 que remitir\u00e1 a la C\u00e1mara de Diputados un proyecto de ley de coparticipaci\u00f3n provincial de recursos. Es oportuno recordar, que el R\u00e9gimen de Coparticipaci\u00f3n Municipal de la Provincia de Jujuy fue establecido en 1977 mediante Ley N\u00b0 3.484, pero se encuentra suspendido desde el a\u00f1o 1989. Desde entonces, la distribuci\u00f3n estuvo regida por diversos reg\u00edmenes transitorios que fueron derogados por la Ley N\u00b0 5.239 en el a\u00f1o 2002. \u201cCada municipio debe tener la facultad y capacidad para administrar sus recursos, en aras de un real principio de federalismo, autonom\u00eda y responsabilidad econ\u00f3mica y financiera\u201d, indic\u00f3. A esta iniciativa, sumar\u00e1 un proyecto para \u201cdesahogar financieramente a los municipios\u201d, mediante la cancelaci\u00f3n de las obligaciones emergentes de todos los juicios con condena y deducidos contra organismos de la administraci\u00f3n p\u00fablica.<\/p>\n\n\n\n<p>En esta l\u00ednea, anticip\u00f3 la inminente remisi\u00f3n a Diputados de un proyecto de ley declarativa de estado de emergencia p\u00fablica en materia econ\u00f3mica, financiera, fiscal, administrativa, social, ambiental, sanitaria y clim\u00e1tica, \u201cen funci\u00f3n de las vicisitudes que nos tocan vivir y de lo puede venir\u201d.<\/p>\n\n\n\n<p>Tras agradecer a los diputados y las diputadas por \u201cla tarea realizada en 2023\u201d e instarlos a \u201crenovar su compromiso legislativo con Jujuy\u201d, realiz\u00f3 un diagn\u00f3stico de la \u201ccomplicada situaci\u00f3n econ\u00f3mica que nos afecta como pa\u00eds\u201d y que impacta directamente en el d\u00eda a d\u00eda de cada uno\u201d, haciendo referencia a \u201cuna realidad que duele, con un indicador de pobreza del 57,4%, esto es aproximadamente 27 millones de personas en situaci\u00f3n de pobreza\u201d. \u201cSufrimos un deterioro econ\u00f3mico sin precedentes en Argentina, con una inflaci\u00f3n de 20,6% que marc\u00f3 el inicio de 2024 en enero, ello en un escenario adverso que se agudiza con el nuevo rumbo de las pol\u00edticas socio-econ\u00f3micas nacionales\u201d, a\u00f1adi\u00f3.&nbsp;<\/p>\n\n\n\n<p>No obstante el complejo escenario, sostuvo que \u201ctenemos las herramientas para salir adelante\u201d y se\u00f1al\u00f3 que \u201cen 2020 logramos estabilidad financiera, un bien al cual no cualquier provincia puede acceder\u201d, recordando que \u201cnos llev\u00f3 8 a\u00f1os de arduo ordenamiento, basado en decisiones valientes, impulsado por el compromiso de poner punto final a un d\u00e9ficit de 2 d\u00e9cadas, pudimos construir nuestro propio destino y lo hicimos\u201d. \u201cNo vamos a dejar de pedirle a la Naci\u00f3n por los recursos que nos corresponden y pertenecen a los juje\u00f1os, ll\u00e1mense Impuesto a las Ganancias, Fondo de Incentivo Docente o subsidio al transporte, que hacen a la previsibilidad, en consecuencia, a la certidumbre y la posibilidad de proyectar, sabiendo con qu\u00e9 recursos contamos\u201d, asever\u00f3 el mandatario.&nbsp;<\/p>\n\n\n\n<p>Continu\u00f3 puntualizando, que \u201ceste modelo de administraci\u00f3n eficiente, nos permiti\u00f3 disponer de los fondos para que este a\u00f1o inauguremos la Guardia Pedi\u00e1trica del hospital \u201cArturo Zabala\u201d de Perico, la Guardia del hospital Snopek de Alto Comedero, la obra civil del complejo cultural \u201cLola Mora\u201d, la obra civil de todo el Cabildo Hist\u00f3rico y el Museo de Malvinas en abril\u201d.&nbsp;<\/p>\n\n\n\n<p>Asimismo, reafirm\u00f3 el \u201ccompromiso de estar al lado de todos y cada uno de los juje\u00f1os\u201d, por cuanto \u201cfuimos elegidos para eso\u201d. \u201cVamos a hacer frente a la crisis, desde la paz recuperada, la capacidad de gesti\u00f3n, la uni\u00f3n, el orden, la solidaridad y un modelo de gobierno sobradamente probado, compromiso que est\u00e1 reflejado en la decisi\u00f3n de achicar la estructura pol\u00edtica del Estado provincial, ajustando al Poder Ejecutivo y reduciendo la cantidad de ministerios, lo que se tradujo en la disminuci\u00f3n de cargos pol\u00edticos\u201d, remarc\u00f3.&nbsp;<\/p>\n\n\n\n<p>SOSTENER LA AYUDA A QUIENES M\u00c1S LO NECESITAN&nbsp;<\/p>\n\n\n\n<p>En otro orden, asegur\u00f3 la continuidad de las pol\u00edticas de asistencia a las personas que se encuentran en situaciones de vulnerabilidad, a trav\u00e9s de los programas y proyectos con los que se viene trabajando para atender a las necesidades elementales.&nbsp;<\/p>\n\n\n\n<p>Al respecto, dijo que \u201casistimos a familias de escasos ingresos mediante Subsidios de Tarifa Social, Subsidio PYMES y Clubes de Barrios, que alcanza a unos 42.000 usuarios mensuales. Paralelamente se aplica el Subsidio Fondo Compensador Tarifario a los Usuarios Residentes de la Puna Juje\u00f1a\u201d.&nbsp;<\/p>\n\n\n\n<p>\u201cTambi\u00e9n brindamos subsidios a trav\u00e9s de la Secretaria de Energ\u00eda de la Provincia a unos 10.076 usuarios; y 3.767 usuarios reciben un subsidio otorgado por la Empresa EJSEDSA\u201d, complet\u00f3.&nbsp;<\/p>\n\n\n\n<p>Por otro lado, agradeci\u00f3 a los gremios que nuclean a los estatales por la disposici\u00f3n al di\u00e1logo, con los que se seguir\u00e1 conversando en el marco de paritarias permanentes, \u201ca fin de preservar el ingreso de los trabajadores y al mismo tiempo garantizar la normal prestaci\u00f3n de servicios elementales a los juje\u00f1os, apostando a la construcci\u00f3n de futuro a partir de la educaci\u00f3n p\u00fablica, seguridad y salud de calidad\u201d.&nbsp;<\/p>\n\n\n\n<p>Enfatiz\u00f3 que \u201ca pesar de la situaci\u00f3n econ\u00f3mica, decidimos efectivizar con el sueldo de febrero el aumento del 30% en un solo pago a los trabajadores de la Administraci\u00f3n P\u00fablica\u201d.&nbsp;<\/p>\n\n\n\n<p>\u201cLogramos una vez m\u00e1s contar un el Acuerdo Escolar junto al sector privado, buscando ayudar a las familias, garantizando precios accesibles en \u00fatiles escolares, indumentaria y servicios m\u00e9dicos para el regreso a clases. Hace unas semanas anunciamos que garantizamos plenamente el funcionamiento de los comedores escolares con el inicio del Ciclo Lectivo\u201d, expres\u00f3.&nbsp;<\/p>\n\n\n\n<p>\u201cNI UN PASO ATR\u00c1S\u201d&nbsp;<\/p>\n\n\n\n<p>En otro tramo de su mensaje, Sadir manifest\u00f3 que \u201ctransitar los actuales tiempos dif\u00edciles junto a los juje\u00f1os y las juje\u00f1as, implica ni un paso atr\u00e1s con el concepto de Estado presente y que cuida los recursos de la provincia para que lleguen a la gente, con pol\u00edticas de desarrollo humano\u201d y consider\u00f3 que \u201cpara ello, es fundamental profundizar el trabajo en equipo con los municipios y las comunas\u201d. \u201cObras p\u00fablicas, inversiones, producci\u00f3n, turismo, trabajo, energ\u00edas renovables, asistencia, innovaci\u00f3n, capacitaci\u00f3n, orden institucional y herramientas de desarrollo ser\u00e1n moneda corriente en la relaci\u00f3n Provincia \u2013 Municipios\u201d, asever\u00f3.&nbsp;<\/p>\n\n\n\n<p>A fin de ilustrar los resultados del estrecho v\u00ednculo con las comunas, cit\u00f3:&nbsp;<\/p>\n\n\n\n<p>Est\u00e1 en ejecuci\u00f3n la obra del Hospital Regional \u201cOscar Or\u00edas\u201d para cubrir la demanda de m\u00e1s de 100 mil personas de los departamentos Ledesma, Santa B\u00e1rbara y Valle Grande.&nbsp;<\/p>\n\n\n\n<p>Finaliz\u00f3 la hist\u00f3rica ampliaci\u00f3n del hospital Zabala de Perico. Incrementamos el nivel de complejidad y respuesta a la comunidad en Perico, Pampa Blanca, Aguas Calientes, Puesto Viejo y Manantiales.&nbsp;<\/p>\n\n\n\n<p>Agua Potable de Jujuy concluy\u00f3 una compleja obra de reingenier\u00eda hidr\u00e1ulica del arroyo Las Martas, que permitir\u00e1 abastecer de agua a la ciudad de Palpal\u00e1, sin que las futuras crecientes puedan arrastrar o da\u00f1ar la estructura del acueducto.&nbsp;<\/p>\n\n\n\n<p>Construcci\u00f3n de 3 nuevos pueblos solares: Catua, El Toro y San Juan de Quillaques. Se suman a Olaroz Chico, San Francisco de Santa Catalina, La Ci\u00e9naga de Santa Catalina, El Angosto de Santa Catalina, Lip\u00e1n de Moreno. Hay 2 m\u00e1s en construcci\u00f3n: Santa Ana y Caspal\u00e1.&nbsp;<\/p>\n\n\n\n<p>A trav\u00e9s de Jujuy Digital &#8211; SAPEM, se brinda conectividad a 20 localidades ubicadas sobre Ruta Nacional 40 y a 11 localidades ubicadas sobre Ruta Nacional 9. Estas redes fueron financiadas por ENACOM y Contraparte Provincial y comprenden redes de distribuci\u00f3n en las localidades y red troncal Susques- Jama, con un monto de inversi\u00f3n de 7.000.000 de d\u00f3lares.&nbsp;<\/p>\n\n\n\n<p>Entre tantos otros proyectos de infraestructura, se seguir\u00e1 trabajando en obras de cord\u00f3n cuneta y pavimentaci\u00f3n en distintos puntos de la provincia.&nbsp;<\/p>\n\n\n\n<p>ADMINISTRACI\u00d3N RESPONSABLE Y RECURSOS PROPIOS&nbsp;<\/p>\n\n\n\n<p>Destac\u00f3 que la mayor\u00eda de los proyectos de obras \u201cse ejecutan gracias a recursos propios, resultantes en gran medida de una pol\u00edtica tributaria equilibrada\u201d.&nbsp;<\/p>\n\n\n\n<p>Durante el a\u00f1o 2023 la administraci\u00f3n tributaria registr\u00f3 una variaci\u00f3n positiva en t\u00e9rminos nominales del 147% de la recaudaci\u00f3n con relaci\u00f3n al per\u00edodo anterior, siendo la tasa de inflaci\u00f3n el principal catalizador de este crecimiento, a lo cual se agrega una mayor eficiencia en la gesti\u00f3n de cobro, y acciones tendientes a promover el cumplimiento voluntario de los contribuyentes.&nbsp;<\/p>\n\n\n\n<p>Si se considera la recaudaci\u00f3n tributaria total acumulada a diciembre 2023 en valores constantes, la provincia de Jujuy ocupa el tercer lugar con una variaci\u00f3n positiva del 4.2% a nivel nacional, ubic\u00e1ndose dentro de las seis provincias que le ganaron a la inflaci\u00f3n en todo el per\u00edodo.&nbsp;<\/p>\n\n\n\n<p>Otro factor importante en la recaudaci\u00f3n fueron los Derechos de explotaci\u00f3n de minerales o regal\u00edas mineras, que registraron una suba nominal del 156% y 9 puntos por arriba de la inflaci\u00f3n. Dentro de ese grupo de aportantes se destacan con casi el 70% de recaudaci\u00f3n, las empresas productoras de litio. Actualmente son dos los proyectos que producen y venden litio en la provincia.&nbsp;<\/p>\n\n\n\n<p>AUTONOM\u00cdA, FEDERALISMO Y RESPONSABILIDAD&nbsp;<\/p>\n\n\n\n<p>El gobernador anunci\u00f3 que enviar\u00e1 a la Legislatura un proyecto de LEY DE COPARTICIPACI\u00d3N PROVINCIAL, de manera que cada municipio y comuna de Jujuy cuenten con recursos propios y tengan autonom\u00eda y responsabilidad econ\u00f3mica para desarrollar sus gestiones. En este marco, pidi\u00f3 a los legisladores que, al momento de tratar el proyecto, abran el debate para que participen todos los jefes comunales y municipales.&nbsp;<\/p>\n\n\n\n<p>Tambi\u00e9n anticip\u00f3 la remisi\u00f3n de un proyecto de ley para la cancelaci\u00f3n de las obligaciones emergentes de todos los juicios con condena, deducidos contra organismos de la administraci\u00f3n p\u00fablica, para que los municipios y comunas puedan terminar con el ahogo financiero que sufren.&nbsp;<\/p>\n\n\n\n<p>SOBRE LA NUEVA CONSTITUCI\u00d3N&nbsp;<\/p>\n\n\n\n<p>Hizo especial referencia a la Constituci\u00f3n Provincial, cuya redacci\u00f3n \u201cconsagra y crea nuevos derechos e institutos en beneficio de los juje\u00f1os y juje\u00f1as y estableci\u00f3 mayores obligaciones y controles para los funcionarios p\u00fablicos, como as\u00ed tambi\u00e9n la limitaci\u00f3n de privilegios para los pol\u00edticos\u201d. \u201cNuestra Constituci\u00f3n va a demandar del Poder Legislativo su correcta aplicaci\u00f3n\u201d, afirm\u00f3.&nbsp;<\/p>\n\n\n\n<p>ENERG\u00cdAS RENOVABLES &#8211; JUJUY VERDE&nbsp;<\/p>\n\n\n\n<p>Subray\u00f3 que el proyecto clave en el campo de las energ\u00edas renovables, es el parque fotovoltaico Cauchari, cuya ampliaci\u00f3n con Cauchari IV y V, llevar\u00e1 su actual capacidad productiva de 300 Mw a 500 Mw. Los 200 Mw que generar\u00e1n Cauchari IV y V, ser\u00e1n comercializados con la empresa CAMMESA, con la cual ya se acord\u00f3 el correspondiente Contrato de Suministro a Largo Plazo (PPA). Adem\u00e1s, v\u00eda EXIMBANK, est\u00e1 disponible la l\u00ednea de financiamiento. \u201cLo \u00fanico que nos falta es la garant\u00eda soberana que estamos gestionando ante la Naci\u00f3n\u201d, precis\u00f3.&nbsp;<\/p>\n\n\n\n<p>Jujuy cuenta con UN GRAN PROYECTO SOLAR DISTRIBUIDO, con 6 parques solares que est\u00e1n en construcci\u00f3n, ubicados en Cannava, Rodeito, El Carmen, Parque Industrial Perico, Chalic\u00e1n y Los Lapachos y, uno m\u00e1s a iniciar obras en Humahuaca. En total, los 7 parques, sumar\u00e1n 48MW que se inyectar\u00e1n en la red provincial de EJESA, para el abastecimiento de los juje\u00f1os.&nbsp;<\/p>\n\n\n\n<p>Asimismo, se repotenciar\u00e1 33 escuelas rurales.&nbsp;<\/p>\n\n\n\n<p>Hay 8 pueblos solares: Catua, El Toro, San Juan de Quillaques, Olaroz Chico, San Francisco de Santa Catalina, La Ci\u00e9naga de Santa Catalina, El Angosto de Santa Catalina y Lip\u00e1n de Moreno, con 2 m\u00e1s en construcci\u00f3n: Santa Ana y Caspal\u00e1.&nbsp;<\/p>\n\n\n\n<p>En cuanto al TREN SOLAR DE LA QUEBRADA, recalc\u00f3 que \u201ctenemos el \u00fanico en Latinoam\u00e9rica y funcionar\u00e1 de manera autosustentable, movilizado con energ\u00eda solar y sistema de acumulaci\u00f3n en base a bater\u00edas de litio, las cuales deben ser recargadas en cada estaci\u00f3n con energ\u00eda fotovoltaica\u201d. \u201cEl Tren Solar comenzar\u00e1 a funcionar el pr\u00f3ximo 20 de marzo\u201d, anunci\u00f3.&nbsp;<\/p>\n\n\n\n<p>MINER\u00cdA RESPONSABLE ENFOCADA EN PRODUCCI\u00d3N, TRABAJO Y AMBIENTE&nbsp;<\/p>\n\n\n\n<p>En el \u00e1mbito del Ministerio de Desarrollo Econ\u00f3mico y Producci\u00f3n, por Decreto 290-DEYP\/24, se cre\u00f3 el Registro Provincial de Proveedores Locales de Productores Mineros, siendo dicha cartera la autoridad de aplicaci\u00f3n del mismo.&nbsp;<\/p>\n\n\n\n<p>Se cumplieron estrictos controles ambientales a la actividad minera, garantizando que la misma se ajuste a la normativa vigente, priorizando principios preventivos y precautorios a fin de proteger el medio ambiente para las generaciones presentes y futuras y que la producci\u00f3n minera sustentable sea ejecutada garantizando el cuidado del medio ambiente y de la sociedad. \u201cEsto lo vamos a reforzar fuertemente, en estos a\u00f1os, con m\u00e1s controles estrictos\u201d, garantiz\u00f3.&nbsp;<\/p>\n\n\n\n<p>En 2023 se realizaron 89 inspecciones en terreno. Se labraron 9 multas por incumplimientos a obligaciones ambientales.&nbsp;<\/p>\n\n\n\n<p>Durante 2023 se realizaron 107 Monitoreos Ambientales Participativos (MAP), los mismos son participativos y acompa\u00f1an comunidades, municipios y las reparticiones del Estado Provincial que gestionan en su conjunto la actividad minera.&nbsp;<\/p>\n\n\n\n<p>Con la producci\u00f3n de litio se emple\u00f3 a m\u00e1s de 6.500 trabajadores entre directos e indirectos, de los cuales el 70% son Juje\u00f1os y cerca de 500 son de las comunidades abor\u00edgenes donde se asienta la miner\u00eda.&nbsp;<\/p>\n\n\n\n<p>LITIO JUJE\u00d1O PARA LA TRANSICI\u00d3N ENERG\u00c9TICA&nbsp;<\/p>\n\n\n\n<p>Refiri\u00f3 que desde 2015 se trabaja intensamente para posicionar a Jujuy a la vanguardia de la lucha contra el cambio clim\u00e1tico y el cuidado del planeta, apostando sostenidamente a la transici\u00f3n energ\u00e9tica. \u201cTenemos dos proyectos que producen en el orden de las 82.500 toneladas y estamos exportando\u201d, resalt\u00f3 y apunt\u00f3 que \u201chay adem\u00e1s seis proyectos en proceso de exploraci\u00f3n y en breve comenzaremos las pruebas de extracci\u00f3n directa de litio en el Salar de Jama\u201d. \u201cCada emprendimiento se encuentra bajo un estricto esquema de monitoreo y control ambiental\u201d, insisti\u00f3.&nbsp;<\/p>\n\n\n\n<p>JUJUY POLO DE DESARROLLO&nbsp;<\/p>\n\n\n\n<p>Sadir abord\u00f3 la conformaci\u00f3n de \u201cJujuy Polo de Desarrollo\u201d como modelo de crecimiento sustentable para atraer inversiones, ejecutar proyectos innovadores y estimular el crecimiento regional, a fin de generar empleo genuino. Este polo de desarrollo se compone de la Zona Franca Industrial de Perico y el Parque Industrial de Perico. En abril pr\u00f3ximo haremos la apertura operativa de la Zona Franca de Perico.&nbsp;<\/p>\n\n\n\n<p>En relaci\u00f3n al Parque Industrial Perico, explic\u00f3 que \u201cvamos hacia la cuarta ampliaci\u00f3n para sumar 50 nuevas hect\u00e1reas, incorporando 20 nuevas empresas y generando 450 nuevos puestos de trabajo\u201d y agreg\u00f3 que \u201ctenemos previsto avanzar en el proyecto de un nuevo parque industrial en San Pedro\u201d.&nbsp;<\/p>\n\n\n\n<p>\u201cIniciaremos la construcci\u00f3n de la Zona Franca de La Quiaca, ya tenemos las autorizaciones correspondientes, y estamos convencidos que tendr\u00e1 un gran impacto positivo en la ciudad\u201d, consign\u00f3.&nbsp;<\/p>\n\n\n\n<p>En cuanto al aporte a peque\u00f1os emprendedores, hizo saber que durante el 2023 el Consejo de la Microempresa financi\u00f3 a emprendedores de la provincia y entreg\u00f3 cr\u00e9ditos Microsol por la suma global de $1.441,68 millones, beneficiando a m\u00e1s de 1.300 emprendedores.&nbsp;<\/p>\n\n\n\n<p>CUIDADO DEL AMBIENTE ANTE EL CAMBIO CLIM\u00c1TICO&nbsp;<\/p>\n\n\n\n<p>\u201cSomos un gobierno comprometido con la preservaci\u00f3n ambiental, la generaci\u00f3n de una econom\u00eda circular y el desarrollo sostenible para mejorar la calidad de vida de la sociedad juje\u00f1a, logramos el cierre de 22 basurales a cielo abierto\u201d, enfatiz\u00f3 e indic\u00f3 que \u201cJujuy es la primera provincia en presentar a Naci\u00f3n su Plan Provincial de Respuesta al Cambio Clim\u00e1tico en el marco de la Ley 27.520 de presupuestos m\u00ednimos de lucha contra el cambio clim\u00e1tico\u201d.&nbsp;<\/p>\n\n\n\n<p>Se dispone de 3 plantas de tratamiento de residuos: Centro Ambiental Jujuy, Estaci\u00f3n de Clasificaci\u00f3n y Transferencia de San Pedro y la Estaci\u00f3n de Clasificaci\u00f3n y Transferencia de Libertador, construidas con fondos del Gobierno Provincial y el BEI. Hoy alcanzan con sus servicios a 29 municipios, representan el 75 % de los Residuos S\u00f3lidos Urbanos (RSu) generados en la provincia.&nbsp;<\/p>\n\n\n\n<p>Un 80 % de los municipios cuenta con su Plan Girsu \u2013con diversos grados de avance- e iniciativa de diversas escalas de separaci\u00f3n de residuos.&nbsp;<\/p>\n\n\n\n<p>Increment\u00f3 un 20,1% de recuperaci\u00f3n de residuos recuperables entre el a\u00f1o 2022 y a\u00f1o 2023.&nbsp;<\/p>\n\n\n\n<p>Ingresaron a disposici\u00f3n final 111.490 toneladas de residuos s\u00f3lidos urbanos que fueron gestionadas y tratadas de forma correcta en el Centro Ambiental Jujuy en 2023.&nbsp;<\/p>\n\n\n\n<p>Este a\u00f1o, Jujuy comenzar\u00e1 el tratamiento de residuos pat\u00f3genos, que son desechos t\u00f3xicos con un alto grado de contaminaci\u00f3n, gracias a que ya contamos con una Planta de Tratamiento de Residuos Patog\u00e9nicos con horno pirol\u00edtico y autoclave fundamental en este proceso.&nbsp;<\/p>\n\n\n\n<p>Se avanzar\u00e1 en la comercializaci\u00f3n de los servicios de GIRSU Jujuy S.E. e implementaremos un sistema de tarifas que abarque la gesti\u00f3n y comercializaci\u00f3n de residuos, incluyendo disposici\u00f3n final, con el objetivo de mejorar la tasa de recuperaci\u00f3n de reutilizables.&nbsp;<\/p>\n\n\n\n<p>Se ofrecer\u00e1 servicios a grandes generadores de residuos, estableceremos puntos verdes y brindaremos asesoramiento a sectores industriales clave.&nbsp;<\/p>\n\n\n\n<p>\u201cVamos a continuar m\u00e1s que nunca con nuestras pol\u00edticas de cuidado ambiental como GIRSU\u201d, afirm\u00f3.&nbsp;<\/p>\n\n\n\n<p>\u00c1REAS NATURALES PROTEGIDAS&nbsp;<\/p>\n\n\n\n<p>Jujuy tiene actualizado el Ordenamiento Territorial de Bosques Nativos, que identifica las \u00e1reas boscosas bajo criterios de conservaci\u00f3n y aprovechamiento sostenible y las propiedades comunitarias.&nbsp;<\/p>\n\n\n\n<p>El Sistema Provincial de \u00c1reas Naturales Protegidas, creado por Ley 6.080, tiene como objetivo conservar, preservar y desarrollar bajo criterios de sustentabilidad ambiental la integridad de los bienes naturales y funciones ambientales de las \u00e1reas protegidas.&nbsp;<\/p>\n\n\n\n<p>Adem\u00e1s se trabaja con un Sistema de Alerta Temprana de Deforestaci\u00f3n, que permite conocer y controlar cada 15 d\u00edas si hubo alguna modificaci\u00f3n de la masa boscosa.&nbsp;<\/p>\n\n\n\n<p>Jujuy acceder\u00e1 a 2,5 millones de d\u00f3lares por la reducci\u00f3n de emisiones generada por la reducci\u00f3n de la deforestaci\u00f3n. Se trata de recursos del Fondo Verde del Clima de la ONU que entre 2016 y 2024 monitore\u00f3 las selvas chaque\u00f1as, de yungas, selva paranaense y espinal.&nbsp;<\/p>\n\n\n\n<p>Se promovi\u00f3 el desarrollo de la cosecha sustentable de vicu\u00f1a en silvestr\u00eda y la sanci\u00f3n para la protecci\u00f3n de fauna nativa.&nbsp;<\/p>\n\n\n\n<p>En Jujuy el 40% de la superficie se encuentra bajo diversas categor\u00edas de protecci\u00f3n municipal, provincial, nacional e internacionales.&nbsp;<\/p>\n\n\n\n<p>EDUCACI\u00d3N P\u00daBLICA DE CALIDAD&nbsp;<\/p>\n\n\n\n<p>Avanza sostenidamente el Programa de Mejora del Acceso y la Calidad Educativa (PROMACE), financiado por CAF-BCIE con fondos de las rentas de la Planta de Energ\u00eda Solar Cauchari, transformando energ\u00eda limpia en educaci\u00f3n p\u00fablica de calidad.&nbsp;<\/p>\n\n\n\n<p>En infraestructura educativa, se lleva invertidos U$D 83.384.138 para la construcci\u00f3n de edificios escolares nuevos y la refacci\u00f3n integral de otros 700 ya existentes. Ya terminamos la construcci\u00f3n de 59 nuevas escuelas y continuaremos con las obras y los procesos licitatorios correspondientes.&nbsp;<\/p>\n\n\n\n<p>Se adquiri\u00f3 Recursos Tecnol\u00f3gicos Educativos-Aulas Digitales M\u00f3viles (ADM). 2.060 entregadas y en proceso de entrega, beneficiando a 1.119 escuelas y 184.319 estudiantes.&nbsp;<\/p>\n\n\n\n<p>El componente de Formaci\u00f3n Docente Contin\u00faa en Desarrollo Curricular y Educaci\u00f3n Digital, lleva capacitados a 28.765 docentes.&nbsp;<\/p>\n\n\n\n<p>Las escuelas primarias con Jornada Completa en 2023 son el 64%. Hay 270 escuelas primarias con jornada completa y se crearon 663 cargos docentes y no docentes.&nbsp;<\/p>\n\n\n\n<p>El Boleto Estudiantil Gratuito Universal y Provincial (BEGUP) en 2023 alcanz\u00f3 a 35.364 estudiantes.&nbsp;<\/p>\n\n\n\n<p>\u201cEste a\u00f1o continuaremos con la construcci\u00f3n de m\u00e1s escuelas, colegios y jardines maternales, garantizando el acceso igualitario a una educaci\u00f3n p\u00fablica de calidad en cada rinc\u00f3n de la provincia\u201d, manifest\u00f3 el mandatario.&nbsp;<\/p>\n\n\n\n<p>POL\u00cdTICAS PARA EL DEPORTE&nbsp;<\/p>\n\n\n\n<p>Se pondr\u00e1 el foco en el desarrollo y fomento de pol\u00edticas p\u00fablicas deportivas, considerando al deporte como herramienta de contenci\u00f3n para los ni\u00f1os, ni\u00f1as y j\u00f3venes juje\u00f1os, cuidando su salud f\u00edsica y mental.&nbsp;<\/p>\n\n\n\n<p>Se apoyar\u00e1 tanto al deporte local, de barrio, y a nuestros deportistas de elite con participaci\u00f3n en instancias nacionales e internacionales, \u201cquienes llevan la bandera del deporte de Jujuy al mundo\u201d, acot\u00f3.&nbsp;<\/p>\n\n\n\n<p>As\u00ed tambi\u00e9n, a los clubes que hoy representan a la provincia a nivel nacional en distintas categor\u00edas como Gimnasia y Esgrima de Jujuy, Altos Hornos Zapla y Talleres de Perico.&nbsp;<\/p>\n\n\n\n<p>Se impulsar\u00e1 a Jujuy B\u00e1squet en la Liga Federal (tercera divisi\u00f3n del b\u00e1squet argentino) que nos representa en los primeros planos de esta categor\u00eda. \u201cEl mejor b\u00e1squet del pa\u00eds llega a nuestra provincia gracias a la obra del moderno Estadio Federaci\u00f3n de B\u00e1squet\u201d, remarc\u00f3.&nbsp;<\/p>\n\n\n\n<p>Adelant\u00f3 que se lanzar\u00e1 un programa de deporte en los barrios, apoyando a clubes e instituciones deportivas, \u201cpara que sigan sumando j\u00f3venes a las distintas disciplinas deportivas, alej\u00e1ndolos de adicciones y conteni\u00e9ndolos\u201d, argument\u00f3.&nbsp;<\/p>\n\n\n\n<p>En el marco del Plan Maestro, est\u00e1 en marcha una obra hist\u00f3rica para el deporte de la provincia, el proyecto de Ciudad Deportiva en Alto Comedero. Se trata de 40 hect\u00e1reas destinadas al desarrollo de deporte, entretenimiento y grandes eventos. La etapa 1 se encuentra en ejecuci\u00f3n: cubierta para estadio flexible (25% de avance) y pista de atletismo (90%).&nbsp;<\/p>\n\n\n\n<p>SEGUIMOS INVIERTENDO EN UN SISTEMA DE SALUD P\u00daBLICA PRESENTE&nbsp;<\/p>\n\n\n\n<p>Se realiz\u00f3 una inversi\u00f3n total de $940.726.332, entre centros de atenci\u00f3n primaria (CAPS) y hospitales. Entre esas obras, figuran los CAPS recientemente inaugurados en las localidades de Normenta y Uqu\u00eda. Se ampli\u00f3 y acondicion\u00f3 centros en Caimancito, Paso de Jama y en el barrio Coronel Arias de Capital. Adem\u00e1s de las grandes obras en hospitales.&nbsp;<\/p>\n\n\n\n<p>\u201cSeguiremos dando respuesta sanitaria a los usuarios en el interior de la provincia, a fin de evitar el desarraigo y descentralizar los servicios que son elementales\u201d, recalc\u00f3.&nbsp;<\/p>\n\n\n\n<p>En otro orden, se firm\u00f3 un convenio marco con la Universidad Nacional de Jujuy y la Universidad Nacional de Tucum\u00e1n, para crear la Agencia Provincial para la Implementaci\u00f3n de la Carrera de Medicina y Formaci\u00f3n de Recursos Humanos en Salud, con miras a revertir el d\u00e9ficit de recursos humanos, espec\u00edficamente m\u00e9dico. El hospital \u201cDr. Oscar Or\u00edas\u201d ser\u00e1 sede de la carrera.&nbsp;<\/p>\n\n\n\n<p>INNOVACI\u00d3N CIENT\u00cdFICA Y BIOTECNOL\u00d3GICA DE JUJUY PARA EL MUNDO&nbsp;<\/p>\n\n\n\n<p>La determinaci\u00f3n de ampliar el proceso de transformaci\u00f3n de nuestra matriz productiva, desarrollada de la mano de la ciencia y la biotecnolog\u00eda de vanguardia, llev\u00f3 a la empresa estatal Cannava a obtener de ANMAT la certificaci\u00f3n de buenas pr\u00e1cticas de manufactura farmac\u00e9utica (GMP Argentina) y la Marca Pa\u00eds.&nbsp;<\/p>\n\n\n\n<p>Se complet\u00f3 el establecimiento de post cosecha con c\u00e1maras de secado en fr\u00edo que cumplen est\u00e1ndares pharma internacionales, convirti\u00e9ndonos en el mayor Complejo Biotecnol\u00f3gico de Cannabis de Am\u00e9rica Latina.&nbsp;<\/p>\n\n\n\n<p>Se obtuvo de ANMAT el permiso para vender en todo el pa\u00eds el primer producto vegetal de cannabis para uso en medicina humana. Esto permite que, el aceite Cannava CBD10 ya se encuentre disponible en farmacias de todo el pa\u00eds.&nbsp;<\/p>\n\n\n\n<p>Se abrieron las puertas del mercado europeo con las primeras exportaciones de inflorescencias de grado farmac\u00e9utico. Llegamos a Macedonia, Alemania, Portugal, Suiza, Australia y Brasil.&nbsp;<\/p>\n\n\n\n<p>Este a\u00f1o se comenz\u00f3 a tramitar los primeros permisos de exportaci\u00f3n de destilados farmac\u00e9uticos e inflorescencias a los Estados Unidos, Alemania y Portugal.&nbsp;<\/p>\n\n\n\n<p>VIVIENDA: UN DERECHO ESENCIAL&nbsp;<\/p>\n\n\n\n<p>Subray\u00f3 que la vivienda es \u201cuno de los temas que me resulta fundamental, con vistas a los pr\u00f3ximos 4 a\u00f1os de gesti\u00f3n\u201d, por cuanto \u201cla casa propia no solo hace a la dignidad y la calidad de vida de las personas, sino que es un derecho esencial\u201d.&nbsp;<\/p>\n\n\n\n<p>A pesar que desde el a\u00f1o 2020 el gobierno nacional dej\u00f3 de enviar los fondos para finalizar las viviendas que estaban en obra, mediante el Instituto de Vivienda y Urbanismo de Jujuy se implement\u00f3 el Programa Provincial de Viviendas para continuar con las obras p\u00fablicas y responder a la sentida demanda de la familia juje\u00f1a.&nbsp;<\/p>\n\n\n\n<p>En 2023, se registr\u00f3 un total de 1.028 viviendas en ejecuci\u00f3n, distribuidas en San Pedro, Caimancito, Calilegua, Purmamarca, La Quiaca, Puesto del Marquez, Abra Pampa, Palma Sola, San Salvador de Jujuy y Palpal\u00e1.&nbsp;<\/p>\n\n\n\n<p>Adem\u00e1s, 429 viviendas fueron finalizadas y entregadas en San Salvador de Jujuy, Caimancito, San Pedro y Palpal\u00e1.&nbsp;<\/p>\n\n\n\n<p>Se regul\u00f3 la adjudicaci\u00f3n en viviendas con situaci\u00f3n irregular de un total de 761 viviendas y se escrituraron 1.160 unidades en distintos programas habitacionales ubicados en toda la provincia.&nbsp;<\/p>\n\n\n\n<p>En 2023, se recuper\u00f3 27 unidades habitacionales, hoy est\u00e1n en tr\u00e1mites de regularizaci\u00f3n dominial y otras para asignar a familias beneficiarias.&nbsp;<\/p>\n\n\n\n<p>La infraestructura de todas las viviendas en ejecuci\u00f3n durante el a\u00f1o 2023 (nexos de red de gas, conexi\u00f3n de agua potable, estaciones de bombeo cloacal, cordones cuneta, enripiado, traslado de acequia de riego y movimiento de suelo) se ejecutaron con fondos propios.&nbsp;<\/p>\n\n\n\n<p>Para este a\u00f1o, el IVUJ se encuentra gestionando con recursos propios, cerca de mil viviendas, a fin de llegar con respuestas, mediante sorteo p\u00fablico y transparente a las familias juje\u00f1as.&nbsp;<\/p>\n\n\n\n<p>\u201cAnte la alta demanda de viviendas, vamos a trabajar en un PLAN P\u00daBLICO-PRIVADO DE CONSTRUCCI\u00d3N DE VIVIENDAS, donde propiciaremos la participaci\u00f3n p\u00fablica y privada, que incluir\u00e1 c\u00e1maras, empresas y gremios, contemplando, a su vez, un modelo de construcci\u00f3n de similares caracter\u00edsticas al implementado con las Torres del Alto, para que personas que no pueden acceder a viviendas sociales tambi\u00e9n tenga la posibilidad de tener su casa propia\u201d, anunci\u00f3 el gobernador y anticip\u00f3 que \u201cconvocaremos a los gremios para avanzar juntos en un plan de viviendas para sus afiliados\u201d.&nbsp;<\/p>\n\n\n\n<p>EL ACCESO AL AGUA&nbsp;<\/p>\n\n\n\n<p>El agua potable es un derecho humano. De all\u00ed la importancia de contar con una empresa propia que lleve agua potable a cada pueblo, haciendo las inversiones que debemos hacer, sin importar distancias ni costos. \u201cNo vamos a renunciar a este desaf\u00edo\u201d, asever\u00f3.&nbsp;<\/p>\n\n\n\n<p>Por otro lado, se comprometi\u00f3 a trabajar fuertemente para garantizar los recursos h\u00eddricos que son fundamentales para la actividad productiva.&nbsp;<\/p>\n\n\n\n<p>Cobertura de agua potable y cloacas:&nbsp;<\/p>\n\n\n\n<p>Se producen 10.776.474 metros c\u00fabicos de agua potable por mes.&nbsp;<\/p>\n\n\n\n<p>Hay 76 municipios y comunas con servicio.&nbsp;<\/p>\n\n\n\n<p>Hay 552 parajes, sitios dispersos y dem\u00e1s con servicio.&nbsp;<\/p>\n\n\n\n<p>183.531 nuevos beneficiarios desde 2016.&nbsp;<\/p>\n\n\n\n<p>53.279 nuevas conexiones domiciliarias desde 2016.&nbsp;<\/p>\n\n\n\n<p>3 nuevas Plantas Potabilizadoras (Juan Gal\u00e1n, Perico y El Establo).&nbsp;<\/p>\n\n\n\n<p>Para 2024 el programa de gesti\u00f3n se enriquece con proyectos de obras de alto impacto en el sistema de provisi\u00f3n de agua potable y saneamiento cloacal de la provincia, siendo ellos:&nbsp;<\/p>\n\n\n\n<p>Nueva planta de tratamiento de l\u00edquidos cloacales para San Pedro y La Mendieta.&nbsp;<\/p>\n\n\n\n<p>Colectores a la nueva planta de tratamiento de l\u00edquidos cloacales de San Pedro.&nbsp;<\/p>\n\n\n\n<p>Pozos en Fraile Pintado, San Pedro y Monterrico.&nbsp;<\/p>\n\n\n\n<p>Redes y ampliaci\u00f3n de planta Los Alisos.&nbsp;<\/p>\n\n\n\n<p>Refuncionalizaci\u00f3n planta Volc\u00e1n.&nbsp;<\/p>\n\n\n\n<p>Provisi\u00f3n de agua potable perilago dique Las Maderas.&nbsp;<\/p>\n\n\n\n<p>Adem\u00e1s, se gestionar\u00e1 de forma inteligente acciones conjuntas con Agua Potable, Recursos H\u00eddricos y los trabajadores de riego de la producci\u00f3n.&nbsp;<\/p>\n\n\n\n<p>\u201cVamos a trabajar en un Plan Maestro del Agua. En los pr\u00f3ximos meses vamos a firmar un convenio marco con el Consejo Federal de Inversiones, para trabajar con una consultora israel\u00ed, que realice una planificaci\u00f3n integral de los recursos h\u00eddricos de la provincia, teniendo en cuenta la demanda y la oferta h\u00eddrica actual y a futuro, optimizando la disponibilidad del recurso (renovable, escaso y vulnerable), y planificar sobre la infraestructura h\u00eddrica\u201d, destac\u00f3 Sadir y explic\u00f3 que \u201cel objetivo es abastecer con agua potable a sectores considerados vulnerables y atender a las necesidades del sector productivo de Jujuy ante la escases del recurso y las consecuencias del cambio clim\u00e1tico\u201d.&nbsp;<\/p>\n\n\n\n<p>\u201cVamos a reforzar una gesti\u00f3n integrada y sustentable de los recursos h\u00eddricos con un horizonte de 20 a\u00f1os. Esto es fundamental para poder planificar y avanzar sobre el crecimiento de las ciudades\u201d, complet\u00f3.&nbsp;<\/p>\n\n\n\n<p>SEGURIDAD&nbsp;<\/p>\n\n\n\n<p>Sostuvo que \u201cla seguridad es uno de los pilares fundamentales para esta gesti\u00f3n\u201d y por este motivo \u201cvamos a cuidar y preservar la vida e integridad de los juje\u00f1os\u201d.&nbsp;<\/p>\n\n\n\n<p>En 2017 junto al Gobierno Nacional, en una primera etapa, se inaugur\u00f3 un sistema de control de fronteras y Centro de Video Vigilancia en La Quiaca. La segunda etapa del proyecto consist\u00eda en la incorporaci\u00f3n de drones y nuevo equipamiento tecnol\u00f3gico, lo cual nunca lleg\u00f3 a la provincia. \u201cAhora vamos a pedirle a Naci\u00f3n que se reactive esta segunda etapa del proyecto\u201d, apunt\u00f3.&nbsp;<\/p>\n\n\n\n<p>Continuar\u00e1 la colocaci\u00f3n de c\u00e1maras lectoras de dominios o patentes en los destacamentos de Pampa Blanca, R\u00edo Piedras, Le\u00f3n, Barro Negro y Puesto del Marqu\u00e9s.&nbsp;<\/p>\n\n\n\n<p>Se instalar\u00e1n Sistemas de Radares por tramos en RN 66, RN 9 y RN 34, con la finalidad de disminuir los \u00edndices de morbimortalidad vial en puntos cr\u00edticos de las mencionadas v\u00edas.&nbsp;<\/p>\n\n\n\n<p>En 2023 se colocaron 231 alarmas comunitarias.&nbsp;<\/p>\n\n\n\n<p>Se cuenta con 254 agentes y 74 oficiales para Polic\u00eda de la Provincia egresados del Instituto Universitario Provincial de Seguridad ciclo 2023 y 98 agentes y un oficial para el Servicio Penitenciario. En tanto, la primera cohorte de la Licenciatura en Gesti\u00f3n de las Instituciones de Seguridad tuvo 63 egresados. Seguiremos apostando a fuerzas de seguridad capacitadas.&nbsp;<\/p>\n\n\n\n<p>Estim\u00f3 valioso \u201cel rol y el trabajo que realiza el Comit\u00e9 Interinstitucional Permanente de Actuaci\u00f3n ante la Desaparici\u00f3n y Extrav\u00edo de Mujeres y Ni\u00f1as o personas de la Diversidad\u201d. Destacando el rol conjunto del Ministerio de Seguridad, la Polic\u00eda de Jujuy y el Consejo de la Mujer.&nbsp;<\/p>\n\n\n\n<p>JUJUY ES UN ORGULLO: TURISMO, CULTURA Y TRABAJO&nbsp;<\/p>\n\n\n\n<p>La cantidad de turistas que visit\u00f3 Jujuy en 2015 fue de 954.716, mientras que en el 2023 culmin\u00f3 con 1.537.000, lo cual gener\u00f3 25.000 puestos de trabajo en 2023. En 2022 el Turismo gener\u00f3 un impacto econ\u00f3mico de USD 340.000.000, logrando un PBI del 7,5. Pronto se conocer\u00e1n los n\u00fameros que nos dejar\u00e1 la \u00faltima temporada tur\u00edstica 2023-2024.&nbsp;<\/p>\n\n\n\n<p>La oferta de alojamientos y plazas increment\u00f3 a 414 alojamientos correspondientes a 12.090 plazas en el 2023. En 2024, Jujuy apuesta a seguir creciendo en inversiones ya que pr\u00f3ximamente arribar\u00e1n a la provincia las cadenas AMERIAN, WYNDHAM y HILTON.&nbsp;<\/p>\n\n\n\n<p>Respecto a la conectividad de Jujuy en 2023, la cantidad de vuelos fue de 4.600 entre partidas y arribos, evidenciando un crecimiento del 93%. Hubo 599.000 pasajeros entre partidas y arribos, dando lugar a un incremento del 201,7%. Marcando un r\u00e9cord de movimientos de pasajeros.&nbsp;<\/p>\n\n\n\n<p>Hist\u00f3ricamente Jujuy solo contaba con dos destinos: Buenos Aires y C\u00f3rdoba. En 2022, sum\u00f3 Mendoza e Iguaz\u00fa, aumentando as\u00ed, las frecuencias y l\u00edneas a\u00e9reas que apuestan en la provincia. Actualmente, Jujuy mantiene su conectividad con dichos destinos y se sum\u00f3 a\u00fan m\u00e1s frecuencias, principalmente a Buenos Aires y C\u00f3rdoba.&nbsp;<\/p>\n\n\n\n<p>Se consensu\u00f3 e impuls\u00f3 la sanci\u00f3n de leyes fundamentales para el desarrollo de la actividad, tales como la Ley 6041\/17 de Turismo Activo y la Ley 6308\/22 de Gu\u00edas de Turismo.&nbsp;<\/p>\n\n\n\n<p>\u201cSeguiremos apoyando a las microempresas familiares y comunitarias que hoy ofrecen servicios tur\u00edsticos y seguiremos apostando al posicionamiento de destinos en el interior profundo de Jujuy\u201d, se\u00f1al\u00f3.&nbsp;<\/p>\n\n\n\n<p>En cuanto a inversiones, entre el a\u00f1o 2015 y el a\u00f1o 2023 se est\u00e1 invirtiendo en infraestructura tur\u00edstica en distintos destinos dentro de la provincia un total de $2.674.150.400 pesos, de los cuales algunas de las mismas se encuentran en ejecuci\u00f3n y pr\u00f3ximas a ser inauguradas y otras ya en funcionamiento.&nbsp;<\/p>\n\n\n\n<p>Entre las distinciones m\u00e1s destacadas recibimos:&nbsp;<\/p>\n\n\n\n<p>Premio FED a la provincia m\u00e1s innovadora en comunicaci\u00f3n y promoci\u00f3n a\u00f1o 2023.&nbsp;<\/p>\n\n\n\n<p>Destino nacional mejor promocionado: Jujuy obtuvo el premio de oro en los a\u00f1os 2022 y 2023.&nbsp;<\/p>\n\n\n\n<p>En cuanto a nuestra cultura, se trabaja en:&nbsp;<\/p>\n\n\n\n<p>Proyecto de investigaci\u00f3n sitio Pucar\u00e1 de Alto Padilla: Se est\u00e1 llevando adelante el estudio del sitio, con un equipo de investigadores especialistas en el campo.&nbsp;<\/p>\n\n\n\n<p>Registro relevamiento y plan de manejo sitio Inca Cueva.&nbsp;<\/p>\n\n\n\n<p>Se llev\u00f3 adelante la restauraci\u00f3n y reinauguraci\u00f3n del Teatro Mitre.&nbsp;<\/p>\n\n\n\n<p>Restauramos y modernizamos el Museo Hist\u00f3rico Provincial Juan Galo Lavalle.&nbsp;<\/p>\n\n\n\n<p>En construcci\u00f3n, el nuevo edificio para el Archivo Hist\u00f3rico de la provincia y un centro de digitalizaci\u00f3n de \u00faltima generaci\u00f3n. A finalizar en 2024.&nbsp;<\/p>\n\n\n\n<p>Registro y catalogaci\u00f3n 287 bienes culturales de las iglesias en la Puna y Quebrada de la provincia.&nbsp;<\/p>\n\n\n\n<p>Se crear\u00e1 Ente de Patrimonio Mundial. Jerarquizaci\u00f3n del sector. 10 A\u00f1os de Qhapaq \u00d1an y construir\u00e1 el Mercado Artesanal.&nbsp;<\/p>\n\n\n\n<p>\u201cPara el 2024, junto a los municipios, apuntalaremos al sector privado, de las econom\u00edas populares y en la b\u00fasqueda de nuevas inversiones\u201d, afirm\u00f3.&nbsp;<\/p>\n\n\n\n<p>\u201cQUEREMOS ESTAR MEJOR\u201d&nbsp;<\/p>\n\n\n\n<p>Por otra parte, Sadir expres\u00f3 que \u201catento a las dificultades econ\u00f3micas y sociales por las cuales estamos atravesando como pa\u00eds, el proceso de cambio que estamos viviendo y que nos afecta, queremos estar mejor y que las familias juje\u00f1as tengan los ingresos para llevar una calidad de vida digna\u201d y enfatiz\u00f3 que \u201cpor eso transitaremos este proceso nacional con la fuerza, la inteligencia y las acciones necesarias\u201d.&nbsp;<\/p>\n\n\n\n<p>\u201cNo vamos a dejar de exigir los recursos que nos corresponden a todos los juje\u00f1os, sabemos que el pa\u00eds necesita salir adelante, dejar el pasado de deterioro econ\u00f3mico atr\u00e1s, que al Gobierno Nacional le vaya bien porque as\u00ed a todos nos ir\u00e1 bien, siempre vamos a apostar al di\u00e1logo, al respeto y al consenso, entendemos que hay mucho que modificar, pero desde ese lugar\u201d, subray\u00f3.&nbsp;<\/p>\n\n\n\n<p>Hizo una particular referencia a \u201clos diputados y las diputadas de Jujuy, por cuanto saldr\u00e1n de esta c\u00e1mara los instrumentos legales que la provincia necesita para seguir forjando un futuro mejor\u201d y los convoc\u00f3 a \u201cprivilegiar el di\u00e1logo, priorizando el respeto por las mayor\u00edas y escuchando a las minor\u00edas, ya que en el entendimiento y la tolerancia tendremos la mejor plataforma pol\u00edtica para dar respuestas a las necesidades de la gente\u201d.&nbsp;<\/p>\n\n\n\n<p>Hizo extensivo su reconocimiento \u201cal trabajo del gabinete de funcionarios que me acompa\u00f1an\u201d a quienes alent\u00f3 a \u201credoblar m\u00e1s que nunca sus esfuerzos y su compromiso con la responsabilidad que tenemos\u201d.&nbsp;<\/p>\n\n\n\n<p>\u201cVoy a representar y a defender Jujuy, con una actitud racional y una mirada federal. Mi prioridad ser\u00e1n siempre los intereses de mi provincia y de cada juje\u00f1o y juje\u00f1a\u201d, finaliz\u00f3 el gobernador<\/p>\n","protected":false},"excerpt":{"rendered":"<p>El gobernador Carlos Sadir inaugur\u00f3 el 163\u00ba per\u00edodo de sesiones ordinarias de la legislatura de la Provincia, acto constitucional y democr\u00e1tico en el cual ratific\u00f3 su decisi\u00f3n de dar continuidad al modelo transformador iniciado en 2015 y que devolvi\u00f3 a los juje\u00f1os a la paz, el orden y la esperanza. \u201cLo hacemos con la convicci\u00f3n [&hellip;]<\/p>\n","protected":false},"author":6,"featured_media":6885,"comment_status":"open","ping_status":"open","sticky":false,"template":"","format":"standard","meta":{"_themeisle_gutenberg_block_has_review":false,"footnotes":""},"categories":[6,32],"tags":[1787,38,58,1788,1088],"class_list":["post-6884","post","type-post","status-publish","format-standard","has-post-thumbnail","hentry","category-economia","category-locales","tag-cooparticipacion","tag-economia","tag-jujuy","tag-municipios","tag-sadir"],"_links":{"self":[{"href":"https:\/\/horapicodigital.com.ar\/index.php\/wp-json\/wp\/v2\/posts\/6884","targetHints":{"allow":["GET"]}}],"collection":[{"href":"https:\/\/horapicodigital.com.ar\/index.php\/wp-json\/wp\/v2\/posts"}],"about":[{"href":"https:\/\/horapicodigital.com.ar\/index.php\/wp-json\/wp\/v2\/types\/post"}],"author":[{"embeddable":true,"href":"https:\/\/horapicodigital.com.ar\/index.php\/wp-json\/wp\/v2\/users\/6"}],"replies":[{"embeddable":true,"href":"https:\/\/horapicodigital.com.ar\/index.php\/wp-json\/wp\/v2\/comments?post=6884"}],"version-history":[{"count":1,"href":"https:\/\/horapicodigital.com.ar\/index.php\/wp-json\/wp\/v2\/posts\/6884\/revisions"}],"predecessor-version":[{"id":6886,"href":"https:\/\/horapicodigital.com.ar\/index.php\/wp-json\/wp\/v2\/posts\/6884\/revisions\/6886"}],"wp:featuredmedia":[{"embeddable":true,"href":"https:\/\/horapicodigital.com.ar\/index.php\/wp-json\/wp\/v2\/media\/6885"}],"wp:attachment":[{"href":"https:\/\/horapicodigital.com.ar\/index.php\/wp-json\/wp\/v2\/media?parent=6884"}],"wp:term":[{"taxonomy":"category","embeddable":true,"href":"https:\/\/horapicodigital.com.ar\/index.php\/wp-json\/wp\/v2\/categories?post=6884"},{"taxonomy":"post_tag","embeddable":true,"href":"https:\/\/horapicodigital.com.ar\/index.php\/wp-json\/wp\/v2\/tags?post=6884"}],"curies":[{"name":"wp","href":"https:\/\/api.w.org\/{rel}","templated":true}]}}