{"id":6541,"date":"2024-01-27T16:48:49","date_gmt":"2024-01-27T19:48:49","guid":{"rendered":"https:\/\/horapicodigital.com.ar\/?p=6541"},"modified":"2024-01-27T16:48:51","modified_gmt":"2024-01-27T19:48:51","slug":"comunicado-de-prensa-carnaval-de-los-tekis","status":"publish","type":"post","link":"https:\/\/horapicodigital.com.ar\/index.php\/2024\/01\/27\/comunicado-de-prensa-carnaval-de-los-tekis\/","title":{"rendered":"Comunicado de Prensa \u00abCarnaval de los Tekis\u00bb"},"content":{"rendered":"\n<p>El Carnaval de Los Tekis se llevar\u00e1 a cabo del 9 al 12 de febrero en el predio de Ciudad Cultural, San Salvador de Jujuy.<\/p>\n\n\n\n<p>Este espacio que se transformar\u00e1 otro a\u00f1o m\u00e1s en el epicentro de la celebraci\u00f3n de la cultura y el carnaval, una experiencia \u00fanica.<\/p>\n\n\n\n<p>Las entradas ya est\u00e1n a la venta en&nbsp;<a href=\"http:\/\/www.paseshow.com.ar\/\">http:\/\/www.Paseshow.com.ar<\/a>, no te quedes sin la tuya, ven\u00ed a disfrutar del carnaval m\u00e1s grande del norte argentino.<\/p>\n\n\n\n<p>Este Carnaval va m\u00e1s all\u00e1 de lo com\u00fan; no solo es una celebraci\u00f3n de cultura y tradici\u00f3n a nivel producci\u00f3n es una experiencia 360 como espect\u00e1culo.<\/p>\n\n\n\n<p>Atrae a personas no solo de todas las provincias argentinas, sino tambi\u00e9n de pa\u00edses vecinos.<\/p>\n\n\n\n<p>El Carnaval de Los Tekis no solo es uno de los eventos m\u00e1s grandes del pa\u00eds de renombre, sino tambi\u00e9n un catalizador econ\u00f3mico para la provincia de Jujuy.<\/p>\n\n\n\n<p>Impacta positivamente en diversos sectores, desde la hoteler\u00eda hasta la gastronom\u00eda, el transporte y los negocios locales. Este a\u00f1o, el escenario del Carnaval de Los Tekis contar\u00e1 con la presencia de destacados artistas que garantizan 4 noches inolvidables.<\/p>\n\n\n\n<p>Artistas confirmados: Los Tekis, La Mosca, L\u00e1zaro Caballero, Q\u2019Lokura ,Los Nocheros, La Beriso, Sergio Galleguillo, D\u00fao Coplanacu, Dale Q* Va, Tambo Tambo, Franco Barrionuevo, Coroico, Sabor Canela, Los del Portezuelo, Diableros, Cesar y su grupo Felicidad Tunay, Lu Araya, Bandy2 , Carlita Celeste, La kostumbre , Tupac?7, Dj Treekoo y djs extras \u00a1Te Esperamos para Carnavalear! <\/p>\n\n\n\n<p>Para m\u00e1s informaci\u00f3n Redes Sociales: @Vcarnavaldelostekis, Contacto de prensa: Castillo M Soledad tel:3816703524<\/p>\n","protected":false},"excerpt":{"rendered":"<p>El Carnaval de Los Tekis se llevar\u00e1 a cabo del 9 al 12 de febrero en el predio de Ciudad Cultural, San Salvador de Jujuy. Este espacio que se transformar\u00e1 otro a\u00f1o m\u00e1s en el epicentro de la celebraci\u00f3n de la cultura y el carnaval, una experiencia \u00fanica. Las entradas ya est\u00e1n a la venta [&hellip;]<\/p>\n","protected":false},"author":6,"featured_media":6542,"comment_status":"open","ping_status":"open","sticky":false,"template":"","format":"standard","meta":{"_themeisle_gutenberg_block_has_review":false,"footnotes":""},"categories":[32,4],"tags":[82,58,507,1600],"class_list":["post-6541","post","type-post","status-publish","format-standard","has-post-thumbnail","hentry","category-locales","category-noticias","tag-carnaval","tag-jujuy","tag-prensa","tag-tekis"],"_links":{"self":[{"href":"https:\/\/horapicodigital.com.ar\/index.php\/wp-json\/wp\/v2\/posts\/6541","targetHints":{"allow":["GET"]}}],"collection":[{"href":"https:\/\/horapicodigital.com.ar\/index.php\/wp-json\/wp\/v2\/posts"}],"about":[{"href":"https:\/\/horapicodigital.com.ar\/index.php\/wp-json\/wp\/v2\/types\/post"}],"author":[{"embeddable":true,"href":"https:\/\/horapicodigital.com.ar\/index.php\/wp-json\/wp\/v2\/users\/6"}],"replies":[{"embeddable":true,"href":"https:\/\/horapicodigital.com.ar\/index.php\/wp-json\/wp\/v2\/comments?post=6541"}],"version-history":[{"count":1,"href":"https:\/\/horapicodigital.com.ar\/index.php\/wp-json\/wp\/v2\/posts\/6541\/revisions"}],"predecessor-version":[{"id":6543,"href":"https:\/\/horapicodigital.com.ar\/index.php\/wp-json\/wp\/v2\/posts\/6541\/revisions\/6543"}],"wp:featuredmedia":[{"embeddable":true,"href":"https:\/\/horapicodigital.com.ar\/index.php\/wp-json\/wp\/v2\/media\/6542"}],"wp:attachment":[{"href":"https:\/\/horapicodigital.com.ar\/index.php\/wp-json\/wp\/v2\/media?parent=6541"}],"wp:term":[{"taxonomy":"category","embeddable":true,"href":"https:\/\/horapicodigital.com.ar\/index.php\/wp-json\/wp\/v2\/categories?post=6541"},{"taxonomy":"post_tag","embeddable":true,"href":"https:\/\/horapicodigital.com.ar\/index.php\/wp-json\/wp\/v2\/tags?post=6541"}],"curies":[{"name":"wp","href":"https:\/\/api.w.org\/{rel}","templated":true}]}}