{"id":6513,"date":"2024-01-27T15:36:23","date_gmt":"2024-01-27T18:36:23","guid":{"rendered":"https:\/\/horapicodigital.com.ar\/?p=6513"},"modified":"2024-01-27T15:36:24","modified_gmt":"2024-01-27T18:36:24","slug":"turismo-en-jujuy-esperan-entre-30-y-40-de-ocupacion-hotelera-para-febrero","status":"publish","type":"post","link":"https:\/\/horapicodigital.com.ar\/index.php\/2024\/01\/27\/turismo-en-jujuy-esperan-entre-30-y-40-de-ocupacion-hotelera-para-febrero\/","title":{"rendered":"Turismo en Jujuy: esperan entre 30 y 40% de ocupaci\u00f3n hotelera para febrero"},"content":{"rendered":"\n<p>La crisis econ\u00f3mica que gener\u00f3 en la Argentina la devaluaci\u00f3n y la fuerte suba de precios repercute de manera directa en lo que respeta al turismo y acaba de conocerse en la provincia de Jujuy existe preocupaci\u00f3n por la baja cantidad de reservas que se est\u00e1n registrando para el fin de semana del carnaval, una fecha hist\u00f3ricamente fuerte para este distrito.<\/p>\n\n\n\n<p>Seg\u00fan destac\u00f3&nbsp;Carolina Pedano, referente de la Asociaci\u00f3n de Hoteles de Turismo local, \u201cse est\u00e1 barajando entre un 30 y 40% de ocupaci\u00f3n para febrero\u201d y \u201cpara carnaval, a diferencia de otros a\u00f1os en los que para esta fecha ya no hab\u00eda lugar, s\u00ed hay disponibilidad\u201d.<\/p>\n\n\n\n<p>Asimismo desde la entidad hotelera juje\u00f1a destacaron que durante enero \u201clos valores de ocupaci\u00f3n rondaron en torno al 50%\u201d y que si bien existen m\u00e1s consultas sobre posibles reservas, los n\u00fameros que se est\u00e1n manejando para las semanas venideras \u201cson m\u00e1s bajos en la comparaci\u00f3n hist\u00f3rica\u201d.<\/p>\n\n\n\n<p>En las redes sociales algunos usuarios se pronunciaron y destacaron: \u201c180 mil pesos la noche, d\u00e9jense de embromar\u201d, fue uno de los comentarios que hizo referencia al precio que est\u00e1n manejando algunos hoteles juje\u00f1os para estas fechas.<\/p>\n\n\n\n<p>Desde el otro lado del oc\u00e9ano una internauta comparti\u00f3 su experiencia: \u201cEstoy en Espa\u00f1a y busqu\u00e9 para alquilar: por dos noches me ped\u00edan 550 euros, con esa plata ac\u00e1 te vas a un hotel en Barcelona, Ibiza e incluso Par\u00eds\u201d.<br><br>Para paliar la baja cantidad de reservas desde el Ministerio de Cultura y Turismo de Jujuy lanzaron el programa \u201cTriplic\u00e1 tus ganas de viajar a Jujuy\u201d, que cuenta con el apoyo del sector privado y les ofrece a los turistas alojarse durante tres noches pero pagar solamente dos.<br><br>Estas ofertas est\u00e1n disponibles desde el 14 de febrero hasta el 30 de junio y al momento est\u00e1n adheridos unos 60 emprendimientos hoteleros y tambi\u00e9n se sumaron 30 restoranes que realizan descuentos para los turistas.<\/p>\n","protected":false},"excerpt":{"rendered":"<p>La crisis econ\u00f3mica que gener\u00f3 en la Argentina la devaluaci\u00f3n y la fuerte suba de precios repercute de manera directa en lo que respeta al turismo y acaba de conocerse en la provincia de Jujuy existe preocupaci\u00f3n por la baja cantidad de reservas que se est\u00e1n registrando para el fin de semana del carnaval, una [&hellip;]<\/p>\n","protected":false},"author":6,"featured_media":2946,"comment_status":"open","ping_status":"open","sticky":false,"template":"","format":"standard","meta":{"_themeisle_gutenberg_block_has_review":false,"footnotes":""},"categories":[32,4],"tags":[1650,337,58,139],"class_list":["post-6513","post","type-post","status-publish","format-standard","has-post-thumbnail","hentry","category-locales","category-noticias","tag-febrero","tag-hotel","tag-jujuy","tag-turismo"],"_links":{"self":[{"href":"https:\/\/horapicodigital.com.ar\/index.php\/wp-json\/wp\/v2\/posts\/6513","targetHints":{"allow":["GET"]}}],"collection":[{"href":"https:\/\/horapicodigital.com.ar\/index.php\/wp-json\/wp\/v2\/posts"}],"about":[{"href":"https:\/\/horapicodigital.com.ar\/index.php\/wp-json\/wp\/v2\/types\/post"}],"author":[{"embeddable":true,"href":"https:\/\/horapicodigital.com.ar\/index.php\/wp-json\/wp\/v2\/users\/6"}],"replies":[{"embeddable":true,"href":"https:\/\/horapicodigital.com.ar\/index.php\/wp-json\/wp\/v2\/comments?post=6513"}],"version-history":[{"count":1,"href":"https:\/\/horapicodigital.com.ar\/index.php\/wp-json\/wp\/v2\/posts\/6513\/revisions"}],"predecessor-version":[{"id":6514,"href":"https:\/\/horapicodigital.com.ar\/index.php\/wp-json\/wp\/v2\/posts\/6513\/revisions\/6514"}],"wp:featuredmedia":[{"embeddable":true,"href":"https:\/\/horapicodigital.com.ar\/index.php\/wp-json\/wp\/v2\/media\/2946"}],"wp:attachment":[{"href":"https:\/\/horapicodigital.com.ar\/index.php\/wp-json\/wp\/v2\/media?parent=6513"}],"wp:term":[{"taxonomy":"category","embeddable":true,"href":"https:\/\/horapicodigital.com.ar\/index.php\/wp-json\/wp\/v2\/categories?post=6513"},{"taxonomy":"post_tag","embeddable":true,"href":"https:\/\/horapicodigital.com.ar\/index.php\/wp-json\/wp\/v2\/tags?post=6513"}],"curies":[{"name":"wp","href":"https:\/\/api.w.org\/{rel}","templated":true}]}}