{"id":6484,"date":"2024-01-24T00:14:28","date_gmt":"2024-01-24T03:14:28","guid":{"rendered":"https:\/\/horapicodigital.com.ar\/?p=6484"},"modified":"2024-01-24T00:14:29","modified_gmt":"2024-01-24T03:14:29","slug":"ley-omnibus-tras-aceptar-mas-cambios-el-oficialismo-se-encamina-a-lograr-el-dictamen-de-mayoria-pero-con-disidencias","status":"publish","type":"post","link":"https:\/\/horapicodigital.com.ar\/index.php\/2024\/01\/24\/ley-omnibus-tras-aceptar-mas-cambios-el-oficialismo-se-encamina-a-lograr-el-dictamen-de-mayoria-pero-con-disidencias\/","title":{"rendered":"Ley \u00d3mnibus: tras aceptar m\u00e1s cambios, el oficialismo se encamina a lograr el dictamen de mayor\u00eda, pero con disidencias"},"content":{"rendered":"\n<p>A su turno, el legislador formose\u00f1o de la UCR\u00a0Fernando Carabajal\u00a0dispar\u00f3 contra las \u201cmalas pr\u00e1cticas\u201d legislativas. \u201cLo que hemos visto hasta ahora son solamente malas noticias, no solo a trav\u00e9s del dictado de un DNU, que no tiene precedentes, sino por las pr\u00e1cticas que luego el Poder Ejecutivo y el Presidente de la C\u00e1mara hicieron de ese DNU porque hicieron una lectura tramposa respecto a cu\u00e1l era el paso para remitir el\u00a0DNU. Un Presidente de buena fe debi\u00f3 enviarlo a las 24 horas, hicieron una lectura tramposa, lo presentaron el \u00faltimo d\u00eda posible y encima tarde\u201d, aleg\u00f3 en su intervenci\u00f3n.<\/p>\n\n\n\n<p>Luego, tom\u00f3 la palabra su compa\u00f1ero\u00a0Atilio Benedetti, quien dijo: \u201cTenemos muchas veces distintas miradas, m\u00e1s all\u00e1 de que compartimos el fondo, los principios, nuestra historia y la responsabilidad\u201d. \u201cUn grupo de radicales estamos dispuestos a colaborar para que el Presidente pueda llevar adelante su tarea de Gobierno, pero as\u00ed como digo que hay un Presidente leg\u00edtimamente elegido hay un Congreso y cada uno de los que estamos ac\u00e1 tienen una responsabilidad pol\u00edtica\u201d, afirm\u00f3.<\/p>\n\n\n\n<p>As\u00ed, confirm\u00f3 que acompa\u00f1ar\u00e1 el proyecto de mayor\u00eda para que pueda ser tratado, destac\u00f3 que tienen serias disidencias con el proyecto. \u201cVa a ser una larga tarea en la sesi\u00f3n en la C\u00e1mara. Ha habido un dictamen que tiene modificaciones, pero ese dictamen tampoco satisface a qui\u00e9nes van a dar consentimiento\u201d, indic\u00f3 y aclar\u00f3: \u201cDesde la UCR no vamos a avalar ninguna suba de retenciones, no vamos acompa\u00f1ar esa pretensi\u00f3n porque estamos seguros de que es contraproducente. Solo sirve para dibujar n\u00fameros\u201d.<\/p>\n\n\n\n<p>En concordancia con Palazzo, el diputado\u00a0Leandro Santoro\u00a0apunt\u00f3 contra la Presidencia del Plenario por no difundir el dictamen. \u201c\u00bfQu\u00e9 estamos discutiendo? En los \u00faltimos tres d\u00edas, tuvimos acceso a tres documentos distintos\u201d, comenz\u00f3 preguntando el legislador sobre las reiteradas modificaciones que se hicieron al borrador de la Ley \u00d3mnibus. \u201cAhora no es serio que a esta hora de la noche estemos discutiendo sobre generalidades\u201d, sostuvo.<\/p>\n\n\n\n<p>Santoro se sum\u00f3 tambi\u00e9n a los cuestionamientos de otros de sus compa\u00f1eros de la C\u00e1mara al exigir la presencia de los funcionarios de las carteras en las que se proponen las reformas m\u00e1s grande, entre ellas Econom\u00eda. Por otro lado, cuestion\u00f3 las negociaciones que se llevaron a cabo durante los d\u00edas anteriores y critic\u00f3 las reformas en materia previsional que impulsan desde el Gobierno.<\/p>\n\n\n\n<p>Sobre la cuesti\u00f3n tributaria, Santoro rechaz\u00f3 la idea de volver a imponer el Impuesto a las Ganancias y mencion\u00f3 que \u201cla Ley \u00d3mnibus deroga m\u00e1s de 300 leyes y ni una es un impuesto\u201d.<\/p>\n","protected":false},"excerpt":{"rendered":"<p>A su turno, el legislador formose\u00f1o de la UCR\u00a0Fernando Carabajal\u00a0dispar\u00f3 contra las \u201cmalas pr\u00e1cticas\u201d legislativas. \u201cLo que hemos visto hasta ahora son solamente malas noticias, no solo a trav\u00e9s del dictado de un DNU, que no tiene precedentes, sino por las pr\u00e1cticas que luego el Poder Ejecutivo y el Presidente de la C\u00e1mara hicieron de [&hellip;]<\/p>\n","protected":false},"author":6,"featured_media":6291,"comment_status":"open","ping_status":"open","sticky":false,"template":"","format":"standard","meta":{"_themeisle_gutenberg_block_has_review":false,"footnotes":""},"categories":[4,35],"tags":[588,1551,85],"class_list":["post-6484","post","type-post","status-publish","format-standard","has-post-thumbnail","hentry","category-noticias","category-pais","tag-cambios","tag-ley-omnibus","tag-pais"],"_links":{"self":[{"href":"https:\/\/horapicodigital.com.ar\/index.php\/wp-json\/wp\/v2\/posts\/6484","targetHints":{"allow":["GET"]}}],"collection":[{"href":"https:\/\/horapicodigital.com.ar\/index.php\/wp-json\/wp\/v2\/posts"}],"about":[{"href":"https:\/\/horapicodigital.com.ar\/index.php\/wp-json\/wp\/v2\/types\/post"}],"author":[{"embeddable":true,"href":"https:\/\/horapicodigital.com.ar\/index.php\/wp-json\/wp\/v2\/users\/6"}],"replies":[{"embeddable":true,"href":"https:\/\/horapicodigital.com.ar\/index.php\/wp-json\/wp\/v2\/comments?post=6484"}],"version-history":[{"count":1,"href":"https:\/\/horapicodigital.com.ar\/index.php\/wp-json\/wp\/v2\/posts\/6484\/revisions"}],"predecessor-version":[{"id":6485,"href":"https:\/\/horapicodigital.com.ar\/index.php\/wp-json\/wp\/v2\/posts\/6484\/revisions\/6485"}],"wp:featuredmedia":[{"embeddable":true,"href":"https:\/\/horapicodigital.com.ar\/index.php\/wp-json\/wp\/v2\/media\/6291"}],"wp:attachment":[{"href":"https:\/\/horapicodigital.com.ar\/index.php\/wp-json\/wp\/v2\/media?parent=6484"}],"wp:term":[{"taxonomy":"category","embeddable":true,"href":"https:\/\/horapicodigital.com.ar\/index.php\/wp-json\/wp\/v2\/categories?post=6484"},{"taxonomy":"post_tag","embeddable":true,"href":"https:\/\/horapicodigital.com.ar\/index.php\/wp-json\/wp\/v2\/tags?post=6484"}],"curies":[{"name":"wp","href":"https:\/\/api.w.org\/{rel}","templated":true}]}}