{"id":6482,"date":"2024-01-24T00:10:38","date_gmt":"2024-01-24T03:10:38","guid":{"rendered":"https:\/\/horapicodigital.com.ar\/?p=6482"},"modified":"2024-01-24T00:10:39","modified_gmt":"2024-01-24T03:10:39","slug":"anses-cuanto-cobraran-los-jubilados-desde-febrero","status":"publish","type":"post","link":"https:\/\/horapicodigital.com.ar\/index.php\/2024\/01\/24\/anses-cuanto-cobraran-los-jubilados-desde-febrero\/","title":{"rendered":"ANSES: cu\u00e1nto cobrar\u00e1n los jubilados desde febrero"},"content":{"rendered":"\n<p>Este martes, la\u00a0Administraci\u00f3n Nacional de la Seguridad Social (ANSES)\u00a0dio a conocer el calendario de pagos para\u00a0jubilados\u00a0y\u00a0pensionados\u00a0para el mes de febrero: el haber m\u00ednimo se encuentra en $105.713 y el pr\u00f3ximo mes se sumar\u00e1 un refuerzo el organismo previsional de $22.207 que contempla la \u00faltima reforma jubilatoria.<\/p>\n\n\n\n<p>El Gobierno en paralelo analiza cu\u00e1l ser\u00e1 el monto del\u00a0bono\u00a0que pagar\u00e1 en febrero para compensar el impacto de la\u00a0inflaci\u00f3n.<\/p>\n\n\n\n<p>El art\u00edculo quinto de la\u00a0Ley 27.426\u00a0prev\u00e9 que los jubilados y pensionados de la m\u00ednima y los que cuentan con 30 a\u00f1os de aportes deber\u00e1n percibir haberes equivalentes al 82% del\u00a0Salario M\u00ednimo Vital y M\u00f3vil (SMVM)\u00a0($156.000). Es por eso que Anses otorgar\u00e1 un suplemento de $22.207 sobre los $105.713 para alcanzar los $127.920 que prev\u00e9 la normativa vigente.<\/p>\n\n\n\n<p>Mientras tanto, el Gobierno tiene en mente un nuevo bono para los haberes previsionales por lo que se encuentra en estudio cu\u00e1l ser\u00e1 el monto. Seg\u00fan trascendi\u00f3, el efecto de la inflaci\u00f3n podr\u00eda llevar ese refuerzo por encima del \u00faltimo que se otorg\u00f3 y, como es habitual, se repartir\u00e1 de manera escalonada y con foco en quienes perciben la\u00a0jubilaci\u00f3n m\u00ednima, aunque no est\u00e1 confirmado de manera oficial.<\/p>\n\n\n\n<p>El vocero presidencial,\u00a0Manuel Adorni, adelant\u00f3 que habr\u00e1 un adicional en febrero, tras el plus de $55.000 que se abon\u00f3 en enero, aunque todav\u00eda no se conozca de cu\u00e1nto ser\u00e1. \u201cYa hab\u00edamos hablado de un bono para enero y para febrero.\u00a0La f\u00f3rmula de movilidad ha sido da\u00f1ina para los jubilados, de hecho hace tiempo que no se respeta, donde se les tiene que compensar a los jubilados con un bono\u201d, dijo.<\/p>\n\n\n\n<figure class=\"wp-block-image\"><img decoding=\"async\" src=\"https:\/\/media.todojujuy.com\/p\/f8a33e961c6fe0e0af439efa3f94c483\/adjuntos\/227\/imagenes\/003\/304\/0003304075\/770x0\/smart\/anses-el-aumento-cuanto-cobra-suaf-septiembre.jpg\" alt=\"Jubilaciones de ANSES.\" title=\"Jubilaciones de ANSES.\"\/><\/figure>\n\n\n\n<p>Jubilaciones de ANSES.<\/p>\n\n\n\n<p>\u201cEst\u00e1 claro que la f\u00f3rmula no s\u00f3lo no ha servido para que el jubilado mantenga su poder adquisitivo, siempre se lo ha tenido que compensar con un bono\u201d, agreg\u00f3.<\/p>\n\n\n\n<h2 class=\"wp-block-heading\">Ley \u00d3mnibus: cambios en las jubilaciones<\/h2>\n\n\n\n<p>Dentro de los cambios en el proyecto de la\u00a0Ley \u00d3mnibus, incluyeron mantener el ajuste trimestral a las\u00a0jubilaciones\u00a0en marzo, respetando la f\u00f3rmula actual, aunque tendr\u00e1 una actualizaci\u00f3n autom\u00e1tica\u00a0por inflaci\u00f3n mensual a partir de abril.<\/p>\n\n\n\n<p>Teniendo en cuenta las modificaciones dentro del proyecto de la Ley \u00d3mnibus, el texto detalla c\u00f3mo ser\u00e1 la f\u00f3rmula de movilidad jubilatoria. En esa l\u00ednea indican que \u00abel Gobierno va a cumplir con el\u00a0ajuste trimestral\u00a0que les corresponde a todos los jubilados en marzo respetando la f\u00f3rmula actual\u00bb.<\/p>\n\n\n\n<p>Mientras que tambi\u00e9n asegura que \u00aba partir de abril, comienza una actualizaci\u00f3n autom\u00e1tica por\u00a0inflaci\u00f3n mensual\u00a0en base al \u00faltimo dato de inflaci\u00f3n disponible del Indec. As\u00ed se les garantiza a los jubilados que mantengan su poder adquisitivo\u00bb.<\/p>\n\n\n\n<p>Asimismo, se establece la\u00a0eliminaci\u00f3n de las jubilaciones de privilegio\u00a0para Presidente y Vicepresidente que se aplicar\u00e1\u00a0desde 2027.<\/p>\n","protected":false},"excerpt":{"rendered":"<p>Este martes, la\u00a0Administraci\u00f3n Nacional de la Seguridad Social (ANSES)\u00a0dio a conocer el calendario de pagos para\u00a0jubilados\u00a0y\u00a0pensionados\u00a0para el mes de febrero: el haber m\u00ednimo se encuentra en $105.713 y el pr\u00f3ximo mes se sumar\u00e1 un refuerzo el organismo previsional de $22.207 que contempla la \u00faltima reforma jubilatoria. El Gobierno en paralelo analiza cu\u00e1l ser\u00e1 el monto [&hellip;]<\/p>\n","protected":false},"author":6,"featured_media":5106,"comment_status":"open","ping_status":"open","sticky":false,"template":"","format":"standard","meta":{"_themeisle_gutenberg_block_has_review":false,"footnotes":""},"categories":[6,35],"tags":[75,38,557,85,437],"class_list":["post-6482","post","type-post","status-publish","format-standard","has-post-thumbnail","hentry","category-economia","category-pais","tag-anses","tag-economia","tag-jubilados","tag-pais","tag-salario"],"_links":{"self":[{"href":"https:\/\/horapicodigital.com.ar\/index.php\/wp-json\/wp\/v2\/posts\/6482","targetHints":{"allow":["GET"]}}],"collection":[{"href":"https:\/\/horapicodigital.com.ar\/index.php\/wp-json\/wp\/v2\/posts"}],"about":[{"href":"https:\/\/horapicodigital.com.ar\/index.php\/wp-json\/wp\/v2\/types\/post"}],"author":[{"embeddable":true,"href":"https:\/\/horapicodigital.com.ar\/index.php\/wp-json\/wp\/v2\/users\/6"}],"replies":[{"embeddable":true,"href":"https:\/\/horapicodigital.com.ar\/index.php\/wp-json\/wp\/v2\/comments?post=6482"}],"version-history":[{"count":1,"href":"https:\/\/horapicodigital.com.ar\/index.php\/wp-json\/wp\/v2\/posts\/6482\/revisions"}],"predecessor-version":[{"id":6483,"href":"https:\/\/horapicodigital.com.ar\/index.php\/wp-json\/wp\/v2\/posts\/6482\/revisions\/6483"}],"wp:featuredmedia":[{"embeddable":true,"href":"https:\/\/horapicodigital.com.ar\/index.php\/wp-json\/wp\/v2\/media\/5106"}],"wp:attachment":[{"href":"https:\/\/horapicodigital.com.ar\/index.php\/wp-json\/wp\/v2\/media?parent=6482"}],"wp:term":[{"taxonomy":"category","embeddable":true,"href":"https:\/\/horapicodigital.com.ar\/index.php\/wp-json\/wp\/v2\/categories?post=6482"},{"taxonomy":"post_tag","embeddable":true,"href":"https:\/\/horapicodigital.com.ar\/index.php\/wp-json\/wp\/v2\/tags?post=6482"}],"curies":[{"name":"wp","href":"https:\/\/api.w.org\/{rel}","templated":true}]}}