{"id":6401,"date":"2024-01-18T02:07:48","date_gmt":"2024-01-18T05:07:48","guid":{"rendered":"https:\/\/horapicodigital.com.ar\/?p=6401"},"modified":"2024-01-18T02:07:49","modified_gmt":"2024-01-18T05:07:49","slug":"el-gobierno-demora-la-respuesta-sobre-los-cambios-a-la-ley-omnibus-y-tensa-la-relacion-con-la-oposicion-dialoguista","status":"publish","type":"post","link":"https:\/\/horapicodigital.com.ar\/index.php\/2024\/01\/18\/el-gobierno-demora-la-respuesta-sobre-los-cambios-a-la-ley-omnibus-y-tensa-la-relacion-con-la-oposicion-dialoguista\/","title":{"rendered":"El Gobierno demora la respuesta sobre los cambios a la Ley \u00d3mnibus y tensa la relaci\u00f3n con la oposici\u00f3n dialoguista"},"content":{"rendered":"\n<p>\u201cSeguimos esperando\u201d. Los diputados de la\u00a0oposici\u00f3n dialoguista\u00a0estuvieron gran parte del d\u00eda en estado de alerta, aguardando una respuesta del Gobierno. El lunes y el martes se sucedieron las reuniones para proponer cambios a la Ley \u00d3mnibus y los representantes del oficialismo se comprometieron a volver con\u00a0una respuesta\u00a0hoy. Pero\u00a0nunca lleg\u00f3. Ahora dicen que ser\u00e1 este jueves por la ma\u00f1ana y ya casi no queda margen para sesionar el s\u00e1bado como pretenden en la Casa Rosada.<\/p>\n\n\n\n<p>La primera reuni\u00f3n de la tarde con\u00a0Mart\u00edn Menem\u00a0la protagonizaron Miguel \u00c1ngel Pichetto, Emilio Monz\u00f3, Juan Manuel L\u00f3pez y Carlos Guti\u00e9rrez, del bloque\u00a0Hacemos Coalici\u00f3n Federal, y Carlos Fern\u00e1ndez y Agust\u00edn Domingo de\u00a0Innovaci\u00f3n Federal.<\/p>\n\n\n\n<p>La oposici\u00f3n dialoguista discuti\u00f3 con el presidente de la C\u00e1mara estrictamente sobre el procedimiento parlamentario para que\u00a0la sesi\u00f3n de la mega ley no termine sumida en el caos.\u00a0En concreto, pidieron que el oficialismo\u00a0no se apure a sesionar este s\u00e1bado\u00a0y confeccione un dictamen bien trabajado porque eso permitir\u00e1 ordenar la sesi\u00f3n (que promete ser marat\u00f3nica). Creen que lo m\u00e1s l\u00f3gico ser\u00eda\u00a0posponer el dictamen para el martes\u00a0de la semana que viene y apuntar a sesionar entre\u00a0jueves y viernes.<\/p>\n\n\n\n<p>Ante la falta de respuestas del oficialismo, tanto el bloque de Miguel \u00c1ngel Pichetto (Hacemos Coalici\u00f3n Federal) como el\u00a0radicalismo\u00a0trabajan en la redacci\u00f3n de\u00a0dict\u00e1menes propios\u00a0para avanzar en caso de que el Poder Ejecutivo rechace todas sus propuestas. Seg\u00fan explicaron, no existen diferencias insalvables entre ambos espacios por lo que es probable que\u00a0terminen unificando un texto com\u00fan. \u201cEl dictamen pas\u00f3 a ser algo muy importante\u201d, explic\u00f3 un hombre de HCF con mucha experiencia parlamentaria.<\/p>\n\n\n\n<p><img loading=\"lazy\" decoding=\"async\" alt=\"Mart\u00edn Menem\" height=\"2000\" width=\"3000\" src=\"https:\/\/www.infobae.com\/new-resizer\/axCZ0TcMPZMI8q2ffpSZrimWjzQ=\/420x280\/filters:format(webp):quality(85)\/cloudfront-us-east-1.images.arcpublishing.com\/infobae\/IPDSJVU77VGDRIZLEMSDTBE67I.jpg%20420w\" srcset=\"https:\/\/www.infobae.com\/new-resizer\/axCZ0TcMPZMI8q2ffpSZrimWjzQ=\/420x280\/filters:format(webp):quality(85)\/cloudfront-us-east-1.images.arcpublishing.com\/infobae\/IPDSJVU77VGDRIZLEMSDTBE67I.jpg 420w,https:\/\/www.infobae.com\/new-resizer\/r0PQqCfRsRBJOwVqzqwq-bnpHIw=\/768x512\/filters:format(webp):quality(85)\/cloudfront-us-east-1.images.arcpublishing.com\/infobae\/IPDSJVU77VGDRIZLEMSDTBE67I.jpg 768w,https:\/\/www.infobae.com\/new-resizer\/Rc1i4jo3VvErHSUgdPauiSiOhg4=\/992x661\/filters:format(webp):quality(85)\/cloudfront-us-east-1.images.arcpublishing.com\/infobae\/IPDSJVU77VGDRIZLEMSDTBE67I.jpg 992w,https:\/\/www.infobae.com\/new-resizer\/oQTFcLYe3j9JLFX_K7Oe0MEfSuk=\/1200x800\/filters:format(webp):quality(85)\/cloudfront-us-east-1.images.arcpublishing.com\/infobae\/IPDSJVU77VGDRIZLEMSDTBE67I.jpg 1200w,https:\/\/www.infobae.com\/new-resizer\/2HAsOVSkZhlfarEK00SK-x4QX2I=\/1440x960\/filters:format(webp):quality(85)\/cloudfront-us-east-1.images.arcpublishing.com\/infobae\/IPDSJVU77VGDRIZLEMSDTBE67I.jpg 1440w\">Mart\u00edn Menem<\/p>\n\n\n\n<p>Esta situaci\u00f3n plantea un escenario con\u00a0tres dict\u00e1menes. Uno de\u00a0los libertarios y el PRO\u00a0que respete los lineamientos del proyecto original; otro del resto de la\u00a0oposici\u00f3n dialoguista\u00a0(UCR, HCF e Innovaci\u00f3n Federal), con importantes modificaciones; y finalmente uno de rechazo, impulsado por\u00a0Uni\u00f3n por la Patria y la Izquierda.<\/p>\n\n\n\n<p>\u201cTener dos dict\u00e1menes aunque sea va a servir para ordenar la votaci\u00f3n en particular porque\u00a0los proyectos van a tener un 80% de coincidencias, y eso se va a poder votar de forma m\u00e1s \u00e1gil\u201d, detallaron.<\/p>\n\n\n\n<p>La oposici\u00f3n dialoguista\u00a0rechaza la eliminaci\u00f3n de la f\u00f3rmula jubilatoria\u00a0(el Gobierno pretende dar aumentos por decreto), el aumento de las\u00a0retenciones\u00a0a las econom\u00edas regionales y a las exportaciones industriales, la\u00a0delegaci\u00f3n de facultades, tratar todas las\u00a0privatizaciones\u00a0en un \u00fanico paquete, que el Gobierno pueda tomar\u00a0deuda\u00a0sin l\u00edmites sin pasar por el Congreso, e incluir la\u00a0ratificaci\u00f3n del mega DNU\u00a0en la ley.<\/p>\n\n\n\n<p><img loading=\"lazy\" decoding=\"async\" alt=\"Diputados de la UCR y de Hacemos Coalici\u00f3n Federal\" height=\"1192\" width=\"1800\" src=\"https:\/\/www.infobae.com\/new-resizer\/2_3x3BAAvhebtbwvJhEq9kB4rhI=\/420x280\/filters:format(webp):quality(85)\/cloudfront-us-east-1.images.arcpublishing.com\/infobae\/WRS7JWYKYZGOBAXKEPQPANYHD4.jpg%20420w\" srcset=\"https:\/\/www.infobae.com\/new-resizer\/2_3x3BAAvhebtbwvJhEq9kB4rhI=\/420x280\/filters:format(webp):quality(85)\/cloudfront-us-east-1.images.arcpublishing.com\/infobae\/WRS7JWYKYZGOBAXKEPQPANYHD4.jpg 420w,https:\/\/www.infobae.com\/new-resizer\/rbme8K-4QWRi6nSjKG7uF4EXE30=\/768x512\/filters:format(webp):quality(85)\/cloudfront-us-east-1.images.arcpublishing.com\/infobae\/WRS7JWYKYZGOBAXKEPQPANYHD4.jpg 768w,https:\/\/www.infobae.com\/new-resizer\/veupajCKIfzHc3AiejI_asSl3I8=\/992x661\/filters:format(webp):quality(85)\/cloudfront-us-east-1.images.arcpublishing.com\/infobae\/WRS7JWYKYZGOBAXKEPQPANYHD4.jpg 992w,https:\/\/www.infobae.com\/new-resizer\/tVT4vAw4J60PrAwEFTbIYMflQiE=\/1200x800\/filters:format(webp):quality(85)\/cloudfront-us-east-1.images.arcpublishing.com\/infobae\/WRS7JWYKYZGOBAXKEPQPANYHD4.jpg 1200w,https:\/\/www.infobae.com\/new-resizer\/RI0xeLXYsq_55HDKhL3IyNZv8WM=\/1440x960\/filters:format(webp):quality(85)\/cloudfront-us-east-1.images.arcpublishing.com\/infobae\/WRS7JWYKYZGOBAXKEPQPANYHD4.jpg 1440w\">Diputados de la UCR y de Hacemos Coalici\u00f3n Federal<\/p>\n\n\n\n<p>Seg\u00fan se\u00f1alaron fuentes del Poder Ejecutivo, hay voluntad de negociar siempre y cuando \u201cse respete el esp\u00edritu del proyecto\u201d.<\/p>\n\n\n\n<p>Respecto a las\u00a0jubilaciones, probablemente\u00a0el tema m\u00e1s sensible para la oposici\u00f3n, el PRO propuso actualizarlas todos los meses en base al IPC (\u00cdndice de precios del consumidor). Esto le permitir\u00eda al gobierno lograr cierto ahorro fiscal, ya que la actualizaci\u00f3n llegar\u00eda siempre con un mes de atraso, al mismo tiempo que evitar\u00eda que se licuen completamente los ingresos de los jubilados.<\/p>\n\n\n\n<p>El Gobierno apunta a dar aumentos por decreto que no est\u00e9n atados a ninguna f\u00f3rmula autom\u00e1tica, aunque esbozaron la posibilidad de incluir el compromiso de \u201cproteger el poder adquisitivo\u201d de los jubilados que menos ganan.<\/p>\n\n\n\n<p>Tanto radicales como diputados del PRO sospechan que esto podr\u00eda tener un efecto negativo sobre la \u201cpir\u00e1mide\u201d previsional, ya que se\u00a0\u201cachatar\u00eda\u201d\u00a0la diferencia entre los que menos ganan y los que cobran haberes m\u00e1s altos. \u201cSi le das aumentos solo a los que cobran la m\u00ednima termin\u00e1s\u00a0perjudicando a los que m\u00e1s aportaron al sistema, ser\u00eda injusto y no lo vamos a votar\u201d, dijo un referente econ\u00f3mico del PRO.<\/p>\n\n\n\n<p><img loading=\"lazy\" decoding=\"async\" alt=\"Reuni\u00f3n del bloque PRO en la C\u00e1mara de Diputados\" height=\"1080\" width=\"1920\" src=\"https:\/\/www.infobae.com\/new-resizer\/tbB8mPmIs1w4j48N_szcNeeA8VY=\/420x236\/filters:format(webp):quality(85)\/cloudfront-us-east-1.images.arcpublishing.com\/infobae\/QYAURRR4LZHVJFHL5JDPPMF7CY.jpg%20420w\" srcset=\"https:\/\/www.infobae.com\/new-resizer\/tbB8mPmIs1w4j48N_szcNeeA8VY=\/420x236\/filters:format(webp):quality(85)\/cloudfront-us-east-1.images.arcpublishing.com\/infobae\/QYAURRR4LZHVJFHL5JDPPMF7CY.jpg 420w,https:\/\/www.infobae.com\/new-resizer\/Yek9GfFeH9jJv-Vgcg01F3gr6a8=\/768x432\/filters:format(webp):quality(85)\/cloudfront-us-east-1.images.arcpublishing.com\/infobae\/QYAURRR4LZHVJFHL5JDPPMF7CY.jpg 768w,https:\/\/www.infobae.com\/new-resizer\/mcDJ0Qn_7bHdc6FxQ0-Lc6EK23I=\/992x558\/filters:format(webp):quality(85)\/cloudfront-us-east-1.images.arcpublishing.com\/infobae\/QYAURRR4LZHVJFHL5JDPPMF7CY.jpg 992w,https:\/\/www.infobae.com\/new-resizer\/5TydKEwI0N1XrsrVEsDKNmK4_tY=\/1200x675\/filters:format(webp):quality(85)\/cloudfront-us-east-1.images.arcpublishing.com\/infobae\/QYAURRR4LZHVJFHL5JDPPMF7CY.jpg 1200w,https:\/\/www.infobae.com\/new-resizer\/bTJO_cGOqIrg-tGtsJPKkEPYr-Y=\/1440x810\/filters:format(webp):quality(85)\/cloudfront-us-east-1.images.arcpublishing.com\/infobae\/QYAURRR4LZHVJFHL5JDPPMF7CY.jpg 1440w\">Reuni\u00f3n del bloque PRO en la C\u00e1mara de Diputados<\/p>\n\n\n\n<p>Durante la tarde el radicalismo y el PRO tuvieron\u00a0reuniones de bloque\u00a0para analizar los pasos a seguir. Ante la consulta, desde el partido amarillo reconocieron que las condiciones no est\u00e1n dadas para avanzar con el dictamen esta semana.<\/p>\n\n\n\n<p>\u201cHay muchas cosas con las que no estamos de acuerdo y pedimos sacarlas, como la reforma electoral o la reforma del C\u00f3digo Civil. Tampoco hay un criterio coherente sobre las retenciones.\u00a0Todo se encamina para una derrota si seguimos as\u00ed\u201d, se lament\u00f3 uno de los participantes de la reuni\u00f3n.<\/p>\n\n\n\n<p>Sin embargo, reconocieron que\u00a0no est\u00e1n trabajando en un dictamen separado junto a la UCR, HCF e IF. \u201cApostamos a que el Gobierno cambie de posici\u00f3n, que acepte los cambios que le pedimos y a que haya un dictamen de mayor\u00eda consensuado\u201d, sintetizaron.<\/p>\n\n\n\n<p><img loading=\"lazy\" decoding=\"async\" alt=\"Reuni\u00f3n del bloque radical en la C\u00e1mara de Diputados\" height=\"1080\" width=\"1920\" src=\"https:\/\/www.infobae.com\/new-resizer\/x4AinSvL6v23FrmDdYDK3mKe8Kc=\/420x236\/filters:format(webp):quality(85)\/cloudfront-us-east-1.images.arcpublishing.com\/infobae\/7CXJDBPOTNC2ZKYOS3YTFVBKCE.jpg%20420w\" srcset=\"https:\/\/www.infobae.com\/new-resizer\/x4AinSvL6v23FrmDdYDK3mKe8Kc=\/420x236\/filters:format(webp):quality(85)\/cloudfront-us-east-1.images.arcpublishing.com\/infobae\/7CXJDBPOTNC2ZKYOS3YTFVBKCE.jpg 420w,https:\/\/www.infobae.com\/new-resizer\/NaaWZulNxFdo-eFcr4epHfRFrF0=\/768x432\/filters:format(webp):quality(85)\/cloudfront-us-east-1.images.arcpublishing.com\/infobae\/7CXJDBPOTNC2ZKYOS3YTFVBKCE.jpg 768w,https:\/\/www.infobae.com\/new-resizer\/_bmLfHTcH4_o9BTQGj2JDleWz1A=\/992x558\/filters:format(webp):quality(85)\/cloudfront-us-east-1.images.arcpublishing.com\/infobae\/7CXJDBPOTNC2ZKYOS3YTFVBKCE.jpg 992w,https:\/\/www.infobae.com\/new-resizer\/4lfX2L-paM8qdDkanw6n0KVoTZA=\/1200x675\/filters:format(webp):quality(85)\/cloudfront-us-east-1.images.arcpublishing.com\/infobae\/7CXJDBPOTNC2ZKYOS3YTFVBKCE.jpg 1200w,https:\/\/www.infobae.com\/new-resizer\/GUBAP1CfNueQlKedgd3gygWXKWo=\/1440x810\/filters:format(webp):quality(85)\/cloudfront-us-east-1.images.arcpublishing.com\/infobae\/7CXJDBPOTNC2ZKYOS3YTFVBKCE.jpg 1440w\">Reuni\u00f3n del bloque radical en la C\u00e1mara de Diputados<\/p>\n\n\n\n<p>Casi en simult\u00e1neo, los\u00a0radicales\u00a0tambi\u00e9n tuvieron su c\u00f3nclave. All\u00ed resolvieron que\u00a0dar\u00e1n qu\u00f3rum\u00a0ante una eventual sesi\u00f3n y se inclinan -por estas horas- a ir con un\u00a0dictamen propio junto con HCF e Innovaci\u00f3n Federal.<\/p>\n\n\n\n<p>Por el lado libertario, ya bien entrada la tarde hubo otro encuentro de alto perfil.\u00a0Mart\u00edn Menem\u00a0recibi\u00f3 a\u00a0Santiago Caputo, el principal estratega de La Libertad Avanza, en el m\u00e1s absoluto\u00a0hermetismo.<\/p>\n\n\n\n<p>Desde el entorno de Menem explicaron que la respuesta a la oposici\u00f3n posiblemente llegar\u00e1 ma\u00f1ana y adelantaron que siguen trabajando \u201cen mejorar el proyecto\u201d para sesionar lo antes posible. De forma casi cr\u00edptica, no adelantaron si rechazar\u00e1n los planteos opositores, pero tampoco confirmaron si aceptar\u00e1n cambios sustanciales.<\/p>\n","protected":false},"excerpt":{"rendered":"<p>\u201cSeguimos esperando\u201d. Los diputados de la\u00a0oposici\u00f3n dialoguista\u00a0estuvieron gran parte del d\u00eda en estado de alerta, aguardando una respuesta del Gobierno. El lunes y el martes se sucedieron las reuniones para proponer cambios a la Ley \u00d3mnibus y los representantes del oficialismo se comprometieron a volver con\u00a0una respuesta\u00a0hoy. Pero\u00a0nunca lleg\u00f3. Ahora dicen que ser\u00e1 este jueves [&hellip;]<\/p>\n","protected":false},"author":6,"featured_media":6369,"comment_status":"open","ping_status":"open","sticky":false,"template":"","format":"standard","meta":{"_themeisle_gutenberg_block_has_review":false,"footnotes":""},"categories":[4,35],"tags":[588,1551,85],"class_list":["post-6401","post","type-post","status-publish","format-standard","has-post-thumbnail","hentry","category-noticias","category-pais","tag-cambios","tag-ley-omnibus","tag-pais"],"_links":{"self":[{"href":"https:\/\/horapicodigital.com.ar\/index.php\/wp-json\/wp\/v2\/posts\/6401","targetHints":{"allow":["GET"]}}],"collection":[{"href":"https:\/\/horapicodigital.com.ar\/index.php\/wp-json\/wp\/v2\/posts"}],"about":[{"href":"https:\/\/horapicodigital.com.ar\/index.php\/wp-json\/wp\/v2\/types\/post"}],"author":[{"embeddable":true,"href":"https:\/\/horapicodigital.com.ar\/index.php\/wp-json\/wp\/v2\/users\/6"}],"replies":[{"embeddable":true,"href":"https:\/\/horapicodigital.com.ar\/index.php\/wp-json\/wp\/v2\/comments?post=6401"}],"version-history":[{"count":1,"href":"https:\/\/horapicodigital.com.ar\/index.php\/wp-json\/wp\/v2\/posts\/6401\/revisions"}],"predecessor-version":[{"id":6402,"href":"https:\/\/horapicodigital.com.ar\/index.php\/wp-json\/wp\/v2\/posts\/6401\/revisions\/6402"}],"wp:featuredmedia":[{"embeddable":true,"href":"https:\/\/horapicodigital.com.ar\/index.php\/wp-json\/wp\/v2\/media\/6369"}],"wp:attachment":[{"href":"https:\/\/horapicodigital.com.ar\/index.php\/wp-json\/wp\/v2\/media?parent=6401"}],"wp:term":[{"taxonomy":"category","embeddable":true,"href":"https:\/\/horapicodigital.com.ar\/index.php\/wp-json\/wp\/v2\/categories?post=6401"},{"taxonomy":"post_tag","embeddable":true,"href":"https:\/\/horapicodigital.com.ar\/index.php\/wp-json\/wp\/v2\/tags?post=6401"}],"curies":[{"name":"wp","href":"https:\/\/api.w.org\/{rel}","templated":true}]}}