{"id":6363,"date":"2024-01-18T01:13:23","date_gmt":"2024-01-18T04:13:23","guid":{"rendered":"https:\/\/horapicodigital.com.ar\/?p=6363"},"modified":"2024-01-18T01:13:24","modified_gmt":"2024-01-18T04:13:24","slug":"lu-araya-llevara-toda-su-musica-al-carnaval-de-los-tekis-2024","status":"publish","type":"post","link":"https:\/\/horapicodigital.com.ar\/index.php\/2024\/01\/18\/lu-araya-llevara-toda-su-musica-al-carnaval-de-los-tekis-2024\/","title":{"rendered":"Lu Araya llevar\u00e1 toda su m\u00fasica al Carnaval de Los Tekis 2024"},"content":{"rendered":"\n<p>La reconocida artista juje\u00f1a, Lu Araya, se prepara para su tercera participaci\u00f3n en el Carnaval de Los Tekis 2024, un evento que marc\u00f3 su trayectoria y es una ventana invaluable para los artistas de la regi\u00f3n. En una entrevista exclusiva, expres\u00f3 su entusiasmo y agradecimiento por volver a ser parte de este espect\u00e1culo que ha transformado su carrera.<\/p>\n\n\n\n<p>\u00abPara m\u00ed, siempre es un placer estar en el Carnaval de Los Tekis.\u00a0Estamos muy contentos de ser convocados nuevamente, es la tercera vez consecutiva que participo y estoy feliz de tener esta oportunidad. Agradezco mucho a Los Tekis por brindarme esta plataforma tan importante\u00bb, coment\u00f3 la artista.<\/p>\n\n\n\n<p>La cantante reflexion\u00f3 sobre la relevancia del carnaval en su vida y la de su banda, destacando el impacto positivo que ha tenido en su carrera. \u00abEl carnaval cambi\u00f3 nuestra vida, nos dio much\u00edsimo trabajo. Es algo que discutimos mucho con mi banda. Siempre estar\u00e9 agradecida a Los Tekis porque es una ventana muy grande para los artistas juje\u00f1os\u00bb, afirm\u00f3 Araya.<\/p>\n\n\n\n<p>Sin embargo, esta edici\u00f3n del Carnaval podr\u00eda marcar un punto de inflexi\u00f3n en la participaci\u00f3n de Lu Araya. Con sinceridad, comparti\u00f3: \u00abEstoy feliz de haber estado dos a\u00f1os, pero quiz\u00e1s sea mi \u00faltimo carnaval\u00bb<\/p>\n\n\n\n<p>Un cambio notorio en la presentaci\u00f3n de este a\u00f1o ser\u00e1 la ausencia de las bailarinas en el escenario. Araya explic\u00f3: \u00abUna de ellas est\u00e1 embarazada, as\u00ed que decidimos darle otro lugar a los m\u00fasicos. Siempre buscamos adaptarnos a las circunstancias y mantener la calidad de nuestra presentaci\u00f3n\u00bb.<\/p>\n\n\n\n<p>Finalmente, Lu Araya invit\u00f3 a todos sus seguidores y amantes de la m\u00fasica a unirse a ella el s\u00e1bado 10 de febrero en el Carnaval de Los Tekis en Ciudad Cultural. \u00abEstoy feliz de poder compartir con mi p\u00fablico este momento tan especial. Estamos armando un nuevo repertorio para ofrecer una experiencia \u00fanica\u00bb, concluy\u00f3 la artista, emocionada por lo que promete ser una presentaci\u00f3n inolvidable.<\/p>\n\n\n\n<h2 class=\"wp-block-heading\">Lu Araya buscar\u00e1 nuevos rumbos<\/h2>\n\n\n\n<p>La cantante tambi\u00e9n anunci\u00f3 que, tras el Carnaval, tiene planes de trabajar en Buenos Aires por un tiempo, explorando nuevas oportunidades y retomando proyectos con otros m\u00fasicos. \u00abQueremos agarrar no tantos eventos porque quiero cuidar mi voz. Vamos a probar suerte en Buenos Aires con un nuevo proyecto\u00bb, revel\u00f3 Araya.<\/p>\n\n\n\n<h2 class=\"wp-block-heading\">Carnaval de Los Tekis 2024: c\u00f3mo comprar entradas digitales<\/h2>\n\n\n\n<p>Para adquirir\u00a0las entradas de forma online,\u00a0pueden ingresar a la web de\u00a0<strong><a href=\"https:\/\/www.paseshow.com.ar\/#\/\" target=\"_blank\" rel=\"noreferrer noopener\">Paseshow,<\/a><\/strong>\u00a0siguiendo estos pasos:<\/p>\n\n\n\n<ul class=\"wp-block-list\">\n<li>Ingresa a\u00a0<a href=\"https:\/\/www.paseshow.com.ar\/\" target=\"_blank\" rel=\"noreferrer noopener\">www.Paseshow.com.ar<\/a>\u00a0y registrate con un usuario y contrase\u00f1a (si ya ten\u00e9s de a\u00f1os anteriores, podes ingresar con esa cuenta).<\/li>\n\n\n\n<li>Una vez que te registres, eleg\u00ed el d\u00eda (o los d\u00edas) del evento que te interese.<\/li>\n\n\n\n<li>Seleccionar\u00e1s el servicio o sector que deseas (general &#8211; No Somos Nada &#8211; Vip Diablo).<\/li>\n\n\n\n<li>Antes de pagar, vas a elegir la cantidad de entradas que quieras comprar (record\u00e1 que la web te cobrar\u00e1 un recargo en el servicio).<\/li>\n\n\n\n<li>Los pagos pueden ser con: Tarjeta de Debito, Cr\u00e9dito o en un Pago F\u00e1cil.<\/li>\n\n\n\n<li>Y listo! ya podes descargar tus entradas o tickets de manera digital, a trav\u00e9s del mail que te env\u00edan.<\/li>\n\n\n\n<li>Tambi\u00e9n podr\u00e1s descargarlas desde tu cuenta de Paseshow.<\/li>\n<\/ul>\n\n\n\n<p>Precios de las entradas para el Carnaval de Los Tekis 2024<\/p>\n\n\n\n<p>Las entradas generales se venden por tramos hasta agotar dicha tanda. Los precios del primer tramo son:<\/p>\n\n\n\n<ul class=\"wp-block-list\">\n<li>Viernes 9 de febrero:&nbsp;<strong>$8.000<\/strong><\/li>\n\n\n\n<li>10, 11 y 12 de febrero:&nbsp;<strong>$10.000 (tramo 1) &#8211; $12.000 (tramo 2)<\/strong><\/li>\n\n\n\n<li>Espacio \u00abNo somos nada\u00bb:<strong>&nbsp;$25.000<\/strong><\/li>\n\n\n\n<li>Vip Diablo:&nbsp;<strong>$140.000<\/strong><\/li>\n<\/ul>\n\n\n\n<p>Para el espacio \u00abNo somos nada\u00bb,\u00a0es importante resaltar que se trata de un servicio adicional dentro del Carnaval de Los Tekis. En caso de querer adquirir este servicio, se deber\u00e1 pagar un adicional al valor de la entrada general.<\/p>\n","protected":false},"excerpt":{"rendered":"<p>La reconocida artista juje\u00f1a, Lu Araya, se prepara para su tercera participaci\u00f3n en el Carnaval de Los Tekis 2024, un evento que marc\u00f3 su trayectoria y es una ventana invaluable para los artistas de la regi\u00f3n. En una entrevista exclusiva, expres\u00f3 su entusiasmo y agradecimiento por volver a ser parte de este espect\u00e1culo que ha [&hellip;]<\/p>\n","protected":false},"author":6,"featured_media":6364,"comment_status":"open","ping_status":"open","sticky":false,"template":"","format":"standard","meta":{"_themeisle_gutenberg_block_has_review":false,"footnotes":""},"categories":[32],"tags":[82,58,1604,1600],"class_list":["post-6363","post","type-post","status-publish","format-standard","has-post-thumbnail","hentry","category-locales","tag-carnaval","tag-jujuy","tag-lu-arraya","tag-tekis"],"_links":{"self":[{"href":"https:\/\/horapicodigital.com.ar\/index.php\/wp-json\/wp\/v2\/posts\/6363","targetHints":{"allow":["GET"]}}],"collection":[{"href":"https:\/\/horapicodigital.com.ar\/index.php\/wp-json\/wp\/v2\/posts"}],"about":[{"href":"https:\/\/horapicodigital.com.ar\/index.php\/wp-json\/wp\/v2\/types\/post"}],"author":[{"embeddable":true,"href":"https:\/\/horapicodigital.com.ar\/index.php\/wp-json\/wp\/v2\/users\/6"}],"replies":[{"embeddable":true,"href":"https:\/\/horapicodigital.com.ar\/index.php\/wp-json\/wp\/v2\/comments?post=6363"}],"version-history":[{"count":1,"href":"https:\/\/horapicodigital.com.ar\/index.php\/wp-json\/wp\/v2\/posts\/6363\/revisions"}],"predecessor-version":[{"id":6365,"href":"https:\/\/horapicodigital.com.ar\/index.php\/wp-json\/wp\/v2\/posts\/6363\/revisions\/6365"}],"wp:featuredmedia":[{"embeddable":true,"href":"https:\/\/horapicodigital.com.ar\/index.php\/wp-json\/wp\/v2\/media\/6364"}],"wp:attachment":[{"href":"https:\/\/horapicodigital.com.ar\/index.php\/wp-json\/wp\/v2\/media?parent=6363"}],"wp:term":[{"taxonomy":"category","embeddable":true,"href":"https:\/\/horapicodigital.com.ar\/index.php\/wp-json\/wp\/v2\/categories?post=6363"},{"taxonomy":"post_tag","embeddable":true,"href":"https:\/\/horapicodigital.com.ar\/index.php\/wp-json\/wp\/v2\/tags?post=6363"}],"curies":[{"name":"wp","href":"https:\/\/api.w.org\/{rel}","templated":true}]}}