{"id":6263,"date":"2024-01-09T00:44:17","date_gmt":"2024-01-09T03:44:17","guid":{"rendered":"https:\/\/horapicodigital.com.ar\/?p=6263"},"modified":"2024-01-09T00:44:18","modified_gmt":"2024-01-09T03:44:18","slug":"violencia-en-las-carceles-de-ecuador-declaran-estado-de-excepcion-tras-motines-y-la-fuga-de-un-lider-criminal","status":"publish","type":"post","link":"https:\/\/horapicodigital.com.ar\/index.php\/2024\/01\/09\/violencia-en-las-carceles-de-ecuador-declaran-estado-de-excepcion-tras-motines-y-la-fuga-de-un-lider-criminal\/","title":{"rendered":"Violencia en las c\u00e1rceles de Ecuador:\u00a0declaran Estado de Excepci\u00f3n tras motines y la fuga de un l\u00edder criminal"},"content":{"rendered":"\n<p class=\"wp-block-paragraph\">Los niveles de\u00a0violencia en Ecuador\u00a0sufrieron un fuerte incremento en los \u00faltimos a\u00f1os, con una innumerable cantidad de episodios tr\u00e1gicos. En esta ocasi\u00f3n, se registraron\u00a0incidentes en seis c\u00e1rceles\u00a0a lo largo del pa\u00eds, sumado a la\u00a0retenci\u00f3n de un n\u00famero indeterminado de guardias penitenciarios.<\/p>\n\n\n\n<p class=\"wp-block-paragraph\">Un grupo de presos quemaron colchones en el patio de un centro de privaci\u00f3n de la libertad en la provincia de Pichincha. Ante estos hechos, se tom\u00f3 la decisi\u00f3n de\u00a0activar los protocolos de seguridad\u00a0establecidos para estos casos.<\/p>\n\n\n\n<p class=\"wp-block-paragraph\">A\u00fan no hay informaci\u00f3n sobre las causas de los incidentes, pero fuentes policiales indicaron que los reos de una c\u00e1rcel del Tena (Amazon\u00eda) retuvieron a guardias en\u00a0protesta por el presunto traslado de presos.<\/p>\n\n\n\n<h2 class=\"wp-block-heading\">A todo esto&#8230; \u00bfY Fito?<\/h2>\n\n\n\n<p class=\"wp-block-paragraph\">Los incidentes ocurren mientras contin\u00faa la b\u00fasqueda de Jos\u00e9 Adolfo Mac\u00edas Salazar, alias\u00a0\u00abFito\u00bb, l\u00edder de\u00a0\u00abLos Choneros\u00bb, considerada una de las bandas criminales m\u00e1s peligrosas del pa\u00eds por sus presuntos nexos con carteles mexicanos.<\/p>\n\n\n\n<p class=\"wp-block-paragraph\">Aparentemente, el criminal\u00a0se fug\u00f3 de la c\u00e1rcel\u00a0en la que se encontraba, por lo que unos\u00a03.000 polic\u00edas y militares iniciaron una operaci\u00f3n de b\u00fasqueda\u00a0en el interior de la c\u00e1rcel donde estaba recluido Fito, un \u00abdelincuente con caracter\u00edsticas sumamente peligrosas, con actividades que tienen caracter\u00edsticas de terrorismo\u00bb.<\/p>\n\n\n\n<p class=\"wp-block-paragraph\">El secretario general de Comunicaci\u00f3n de la Presidencia, Roberto Izurieta, coment\u00f3 que fue \u00abcuesti\u00f3n de horas\u00bb antes de movilizar a los guardias en la c\u00e1rcel el domingo, cuando descubrieron que\u00a0el \u00abprisionero no estaba en su lugar\u00bb.<\/p>\n\n\n\n<p class=\"wp-block-paragraph\"><img decoding=\"async\" src=\"https:\/\/www.canal26.com\/media\/image\/2024\/01\/08\/582226.jpg\" alt=\"Agentes del servicio penitenciario vigilan el mot\u00edn. Foto: EFE\"><strong><em>Agentes del servicio penitenciario vigilan el mot\u00edn. Foto: EFE<\/em><\/strong><\/p>\n\n\n\n<h2 class=\"wp-block-heading\">Daniel Noboa declar\u00f3 Estado de Excepci\u00f3n<\/h2>\n\n\n\n<p class=\"wp-block-paragraph\">Ante la situaci\u00f3n, el presidente de Ecuador, Daniel Noboa,\u00a0decret\u00f3 este lunes un Estado de Excepci\u00f3n,\u00a0el primero desde que inici\u00f3 su mandato el pasado 23 de noviembre. Esto implica la la actuaci\u00f3n de las Fuerzas Armadas, en apoyo a la Polic\u00eda, para el control de la seguridad interna, sobre todo en los centros carcelarios, como ya lo han hecho en anteriores ocasiones.<\/p>\n\n\n\n<p class=\"wp-block-paragraph\">\u00abAcabo de firmar el decreto de estado de excepci\u00f3n para que las Fuerzas Armadas tengan todo el respaldo pol\u00edtico y legal en su accionar\u00bb,\u00a0asegur\u00f3 Noboa en un mensaje a trav\u00e9s de Instagram.<\/p>\n\n\n\n<p class=\"wp-block-paragraph\"><img decoding=\"async\" src=\"https:\/\/www.canal26.com\/media\/image\/2023\/12\/15\/578259.jpg\" alt=\"Daniel Noboa, presidente de Ecuador. Foto: Reuters\"><strong><em>Daniel Noboa, presidente de Ecuador. Foto: Reuters<\/em><\/strong><\/p>\n\n\n\n<h2 class=\"wp-block-heading\">El pol\u00e9mico mensaje de un reo<\/h2>\n\n\n\n<p class=\"wp-block-paragraph\">Desde la c\u00e1rcel, donde se encuentra recluido desde la semana pasada,\u00a0Fabricio Colon Pico,<strong>\u00a0<\/strong>detenido luego de que la fiscal general del Estado,\u00a0Diana Salazar, denunciase un\u00a0presunto plan para atentar en su contra, responsabiliz\u00f3 al Gobierno por su integridad.<\/p>\n\n\n\n<p class=\"wp-block-paragraph\">Aunque fue mencionado por Salazar, Colon Pico fue detenido por una investigaci\u00f3n por un caso de secuestro ocurrido meses atr\u00e1s.<\/p>\n\n\n\n<p class=\"wp-block-paragraph\">\u00abHoy, 8 de enero dejo constancia de este v\u00eddeo, si me llega a pasar algo,\u00a0si me llegan a matar, hago responsable directamente al presidente\u00a0y directamente a esta se\u00f1ora Diana Salazar porque me est\u00e1n inculpando de algo que no he hecho\u00bb, se\u00f1ala en el v\u00eddeo que circula en redes sociales.<\/p>\n","protected":false},"excerpt":{"rendered":"<p>Los niveles de\u00a0violencia en Ecuador\u00a0sufrieron un fuerte incremento en los \u00faltimos a\u00f1os, con una innumerable cantidad de episodios tr\u00e1gicos. En esta ocasi\u00f3n, se registraron\u00a0incidentes en seis c\u00e1rceles\u00a0a lo largo del pa\u00eds, sumado a la\u00a0retenci\u00f3n de un n\u00famero indeterminado de guardias penitenciarios. Un grupo de presos quemaron colchones en el patio de un centro de privaci\u00f3n [&hellip;]<\/p>\n","protected":false},"author":6,"featured_media":6264,"comment_status":"open","ping_status":"open","sticky":false,"template":"","format":"standard","meta":{"_themeisle_gutenberg_block_has_review":false,"footnotes":""},"categories":[7,4],"tags":[1575,1242,19,504],"class_list":["post-6263","post","type-post","status-publish","format-standard","has-post-thumbnail","hentry","category-mundo","category-noticias","tag-carceles","tag-ecuador","tag-mundo","tag-violencia"],"_links":{"self":[{"href":"https:\/\/horapicodigital.com.ar\/index.php\/wp-json\/wp\/v2\/posts\/6263","targetHints":{"allow":["GET"]}}],"collection":[{"href":"https:\/\/horapicodigital.com.ar\/index.php\/wp-json\/wp\/v2\/posts"}],"about":[{"href":"https:\/\/horapicodigital.com.ar\/index.php\/wp-json\/wp\/v2\/types\/post"}],"author":[{"embeddable":true,"href":"https:\/\/horapicodigital.com.ar\/index.php\/wp-json\/wp\/v2\/users\/6"}],"replies":[{"embeddable":true,"href":"https:\/\/horapicodigital.com.ar\/index.php\/wp-json\/wp\/v2\/comments?post=6263"}],"version-history":[{"count":1,"href":"https:\/\/horapicodigital.com.ar\/index.php\/wp-json\/wp\/v2\/posts\/6263\/revisions"}],"predecessor-version":[{"id":6265,"href":"https:\/\/horapicodigital.com.ar\/index.php\/wp-json\/wp\/v2\/posts\/6263\/revisions\/6265"}],"wp:featuredmedia":[{"embeddable":true,"href":"https:\/\/horapicodigital.com.ar\/index.php\/wp-json\/wp\/v2\/media\/6264"}],"wp:attachment":[{"href":"https:\/\/horapicodigital.com.ar\/index.php\/wp-json\/wp\/v2\/media?parent=6263"}],"wp:term":[{"taxonomy":"category","embeddable":true,"href":"https:\/\/horapicodigital.com.ar\/index.php\/wp-json\/wp\/v2\/categories?post=6263"},{"taxonomy":"post_tag","embeddable":true,"href":"https:\/\/horapicodigital.com.ar\/index.php\/wp-json\/wp\/v2\/tags?post=6263"}],"curies":[{"name":"wp","href":"https:\/\/api.w.org\/{rel}","templated":true}]}}