{"id":5523,"date":"2023-11-26T23:56:43","date_gmt":"2023-11-27T02:56:43","guid":{"rendered":"https:\/\/horapicodigital.com.ar\/?p=5523"},"modified":"2023-11-26T23:56:44","modified_gmt":"2023-11-27T02:56:44","slug":"aumentan-los-casos-de-neumonia-en-china-que-se-sabe-de-la-evolucion-de-la-enfermedad","status":"publish","type":"post","link":"https:\/\/horapicodigital.com.ar\/index.php\/2023\/11\/26\/aumentan-los-casos-de-neumonia-en-china-que-se-sabe-de-la-evolucion-de-la-enfermedad\/","title":{"rendered":"Aumentan los casos de neumon\u00eda en China:\u00a0\u00bfqu\u00e9 se sabe de la evoluci\u00f3n de la enfermedad?"},"content":{"rendered":"\n<p>China\u00a0vuelve a estar en el ojo de la tormenta por el\u00a0\u00a0incremento de casos de enfermedades respiratorias\u00a0que afecta, principalmente, a los ni\u00f1os. De hecho, la\u00a0Organizaci\u00f3n Mundial de la Salud (OMS) alert\u00f3 sobre la afecci\u00f3n que circula en el pa\u00eds asi\u00e1tico y pidi\u00f3 m\u00e1s informaci\u00f3n epidemiol\u00f3gica y cl\u00ednica al gobierno chino, como as\u00ed tambi\u00e9n, an\u00e1lisis realizados a los pacientes y los datos sobre las tendencias recientes de los pat\u00f3genos respiratorios.<\/p>\n\n\n\n<p>Adem\u00e1s, el\u00a0Programa de Monitoreo de Enfermedades Emergentes (ProMED),\u00a0tambi\u00e9n gener\u00f3 una alerta sobre los grupos de neumon\u00eda no diagnosticada en ni\u00f1os en el norte del gigante asi\u00e1tico.<\/p>\n\n\n\n<p><img decoding=\"async\" src=\"https:\/\/www.canal26.com\/media\/image\/2023\/11\/26\/574683.jpg\" alt=\"Aumentan los casos de neumon\u00eda en China. Un hombre carga a su hijo hac\u00eda el hospital. Reuters.\"><strong><em>Aumentan los casos de neumon\u00eda en China. Foto: Reuters<\/em><\/strong><\/p>\n\n\n\n<h2 class=\"wp-block-heading\">\u00bfQu\u00e9 se sabe de la enfermedad?<\/h2>\n\n\n\n<p>El 13 de noviembre, la\u00a0Comisi\u00f3n Nacional de Salud de China, inform\u00f3 que el norte del pa\u00eds hab\u00eda registrado\u00a0un n\u00famero elevado de enfermedades respiratorias\u00a0y que los menores de edad eran los m\u00e1s afectados.\u00a0<\/p>\n\n\n\n<p>La sorpresa de\u00a0los contagios colapsaron los hospitales de Pek\u00edn y Liaoning, donde los empleados dieron aviso de las \u00ablargas esperas\u00bb para atender a los pacientes.\u00a0Por eso, el organismo inst\u00f3 a a las autoridades locales a que\u00a0aumenten el n\u00famero de cl\u00ednicas\u00a0para atender los casos de fiebre.<\/p>\n\n\n\n<h2 class=\"wp-block-heading\">\u00bfPor qu\u00e9 aumentan los casos?<\/h2>\n\n\n\n<p>La\u00a0Comisi\u00f3n de Sanidad de China\u00a0atribuy\u00f3 el aumento de casos al levantamiento de las medidas preventivas que fueron impuestas en los \u00faltimos a\u00f1os para combatir la\u00a0Covid-19\u00a0y llaman a accionar en la prevenci\u00f3n y el control de epidemias en lugares concurridos.<\/p>\n\n\n\n<p>Adem\u00e1s, las\u00a0autoridades sanitarias chinas comentaron a la OMS\u00a0que la circulaci\u00f3n de pat\u00f3genos conocidos como los virus gripales, la\u00a0Mycoplasma pneumoniae\u00a0(una bacteria que suele infectar a las infancias), el\u00a0virus respiratorio sincicial (RSV) y el SARS-CoV-2, contribuyeron al repunte de enfermedades respiratorias en la poblaci\u00f3n.<\/p>\n\n\n\n<p>Hasta el momento, el pa\u00eds asi\u00e1tico destaca\u00a0el aumento de ingresos de menores de edad con neumon\u00eda por Mycoplasma pneumoniae\u00a0desde mayo y por el\u00a0virus respiratorio sincitial, adenovirus y virus de la gripe\u00a0desde octubre a hospitales de la zona norte.<\/p>\n\n\n\n<p>Por otro lado,\u00a0descarta que la enfermedad evolucione o que el pat\u00f3geno presente nuevas variaciones.<\/p>\n","protected":false},"excerpt":{"rendered":"<p>China\u00a0vuelve a estar en el ojo de la tormenta por el\u00a0\u00a0incremento de casos de enfermedades respiratorias\u00a0que afecta, principalmente, a los ni\u00f1os. De hecho, la\u00a0Organizaci\u00f3n Mundial de la Salud (OMS) alert\u00f3 sobre la afecci\u00f3n que circula en el pa\u00eds asi\u00e1tico y pidi\u00f3 m\u00e1s informaci\u00f3n epidemiol\u00f3gica y cl\u00ednica al gobierno chino, como as\u00ed tambi\u00e9n, an\u00e1lisis realizados a [&hellip;]<\/p>\n","protected":false},"author":6,"featured_media":5524,"comment_status":"open","ping_status":"open","sticky":false,"template":"","format":"standard","meta":{"_themeisle_gutenberg_block_has_review":false,"footnotes":""},"categories":[7,11],"tags":[53,19,1324,292,14],"class_list":["post-5523","post","type-post","status-publish","format-standard","has-post-thumbnail","hentry","category-mundo","category-salud","tag-china","tag-mundo","tag-neumonia","tag-oms","tag-salud"],"_links":{"self":[{"href":"https:\/\/horapicodigital.com.ar\/index.php\/wp-json\/wp\/v2\/posts\/5523","targetHints":{"allow":["GET"]}}],"collection":[{"href":"https:\/\/horapicodigital.com.ar\/index.php\/wp-json\/wp\/v2\/posts"}],"about":[{"href":"https:\/\/horapicodigital.com.ar\/index.php\/wp-json\/wp\/v2\/types\/post"}],"author":[{"embeddable":true,"href":"https:\/\/horapicodigital.com.ar\/index.php\/wp-json\/wp\/v2\/users\/6"}],"replies":[{"embeddable":true,"href":"https:\/\/horapicodigital.com.ar\/index.php\/wp-json\/wp\/v2\/comments?post=5523"}],"version-history":[{"count":1,"href":"https:\/\/horapicodigital.com.ar\/index.php\/wp-json\/wp\/v2\/posts\/5523\/revisions"}],"predecessor-version":[{"id":5525,"href":"https:\/\/horapicodigital.com.ar\/index.php\/wp-json\/wp\/v2\/posts\/5523\/revisions\/5525"}],"wp:featuredmedia":[{"embeddable":true,"href":"https:\/\/horapicodigital.com.ar\/index.php\/wp-json\/wp\/v2\/media\/5524"}],"wp:attachment":[{"href":"https:\/\/horapicodigital.com.ar\/index.php\/wp-json\/wp\/v2\/media?parent=5523"}],"wp:term":[{"taxonomy":"category","embeddable":true,"href":"https:\/\/horapicodigital.com.ar\/index.php\/wp-json\/wp\/v2\/categories?post=5523"},{"taxonomy":"post_tag","embeddable":true,"href":"https:\/\/horapicodigital.com.ar\/index.php\/wp-json\/wp\/v2\/tags?post=5523"}],"curies":[{"name":"wp","href":"https:\/\/api.w.org\/{rel}","templated":true}]}}