{"id":4997,"date":"2023-11-10T02:51:46","date_gmt":"2023-11-10T05:51:46","guid":{"rendered":"https:\/\/horapicodigital.com.ar\/?p=4997"},"modified":"2023-11-10T02:51:47","modified_gmt":"2023-11-10T05:51:47","slug":"en-medio-del-tenso-conflicto-italia-se-ofrecio-a-recibir-ninos-palestinos-heridos-por-los-ataques-de-israel","status":"publish","type":"post","link":"https:\/\/horapicodigital.com.ar\/index.php\/2023\/11\/10\/en-medio-del-tenso-conflicto-italia-se-ofrecio-a-recibir-ninos-palestinos-heridos-por-los-ataques-de-israel\/","title":{"rendered":"En medio del tenso conflicto, Italia se ofreci\u00f3 a recibir ni\u00f1os palestinos heridos por los ataques de Israel"},"content":{"rendered":"\n<p class=\"wp-block-paragraph\">El\u00a0Gobierno de\u00a0Italia\u00a0se declar\u00f3 dispuesto a tratar a los\u00a0ni\u00f1os palestinos\u00a0de la\u00a0Franja de Gaza\u00a0que necesitan\u00a0atenci\u00f3n hospitalaria\u00a0por haber sido heridos a causa de los ataques del\u00a0Ej\u00e9rcito de\u00a0Israel\u00a0en medio de la guerra con el grupo islamista\u00a0Hamas.<\/p>\n\n\n\n<p class=\"wp-block-paragraph\">La informaci\u00f3n fue dada a conocer por el viceprimer ministro y ministro de Asuntos Exteriores de Italia,\u00a0Antonio Tajani, durante una cumbre en\u00a0Par\u00eds. Seg\u00fan report\u00f3 la agencia de noticias &#8216;<em>ANSA<\/em>&#8216;, el funcionario asegur\u00f3 que la primera ministra,\u00a0Giorgia Meloni, aval\u00f3 la inquietud.<\/p>\n\n\n\n<figure class=\"wp-block-image\"><img decoding=\"async\" src=\"https:\/\/www.canal26.com\/media\/image\/2023\/11\/09\/571711.jpg\" alt=\"Antonio Tajani, ministro de Asuntos Exteriores de Italia. Foto: Reuters.\"\/><\/figure>\n\n\n\n<p class=\"wp-block-paragraph\"><strong><em>Antonio Tajani, ministro de Asuntos Exteriores de Italia. Foto: Reuters.<\/em><\/strong><\/p>\n\n\n\n<p class=\"wp-block-paragraph\">En sinton\u00eda, Tajani record\u00f3 que su pa\u00eds ya envi\u00f3\u00a0dos aviones militares que transportan ayuda humanitaria desde Gaza a Al-Arish\u00a0(Egipto), para su distribuci\u00f3n a trav\u00e9s de la\u00a0Medialuna Roja, signo internacional utilizado como equivalente al de la\u00a0Cruz Roja\u00a0en el \u00e1mbito musulm\u00e1n.<\/p>\n\n\n\n<p class=\"wp-block-paragraph\">\u00abTenemos previsto reforzar a\u00fan m\u00e1s nuestras actividades humanitarias en nombre de los palestinos, pero\u00a0es esencial subrayar que Hamas y su ideolog\u00eda fan\u00e1tica no representan a la poblaci\u00f3n palestina\u00bb, aclar\u00f3 el funcionario italiano de 70 a\u00f1os.<\/p>\n\n\n\n<p class=\"wp-block-paragraph\">Tajani consider\u00f3 que la comunidad internacional \u00abdebe reflejar inequ\u00edvocamente este hecho\u00bb y \u00abes imperativo proteger a todos los civiles en todo momento, en estricta conformidad con el derecho internacional humanitario\u00bb.<\/p>\n\n\n\n<p class=\"wp-block-paragraph\">Adem\u00e1s de los dos vuelos de ayuda humanitaria, el ministro de Defensa,\u00a0Guido Crosetto, ya hab\u00eda anunciado el de un\u00a0buque hospital de la Armada a Medio Oriente, en lo que calific\u00f3 de \u00abse\u00f1al concreta\u00bb de que Italia est\u00e1 \u00abcerca del pueblo palestino, no solo con palabras, sino tambi\u00e9n con acciones\u00bb.<\/p>\n\n\n\n<p class=\"wp-block-paragraph\"><img decoding=\"async\" src=\"https:\/\/www.canal26.com\/media\/image\/2023\/11\/09\/571710.jpg\" alt=\"La desolaci\u00f3n de una peque\u00f1a en Gaza. Foto: Reuters.\"><strong><em>La desolaci\u00f3n de una peque\u00f1a en Gaza. Foto: Reuters.<\/em><\/strong><\/p>\n\n\n\n<p class=\"wp-block-paragraph\">\u00abActualmente estamos evaluando posibles formas de\u00a0intervenci\u00f3n y financiaci\u00f3n de actividades humanitarias\u00a0en funci\u00f3n de las condiciones de acceso a la ayuda\u00bb, precis\u00f3 Tajani.<\/p>\n\n\n\n<h2 class=\"wp-block-heading\">Apoyo de vital importancia<\/h2>\n\n\n\n<p class=\"wp-block-paragraph\">A modo de cierre, viceprimer ministro dijo que para Italia, es de \u00abvital importancia reforzar el apoyo a la Autoridad Nacional Palestina, principalmente porque la reanudaci\u00f3n de un proceso pol\u00edtico es la \u00fanica perspectiva cre\u00edble de una soluci\u00f3n duradera a la crisis y es esencial para fortalecer las aspiraciones de creaci\u00f3n de dos estados\u00bb.<\/p>\n\n\n\n<p class=\"wp-block-paragraph\">Por \u00faltimo, Tajani insisti\u00f3 en que \u00abla b\u00fasqueda de la paz y la seguridad en medio Oriente ser\u00e1 una de las principales prioridades de la presidencia italiana de la cumbre de G7\u00bb en 2024.<\/p>\n\n\n\n<p class=\"wp-block-paragraph\"><\/p>\n","protected":false},"excerpt":{"rendered":"<p>El\u00a0Gobierno de\u00a0Italia\u00a0se declar\u00f3 dispuesto a tratar a los\u00a0ni\u00f1os palestinos\u00a0de la\u00a0Franja de Gaza\u00a0que necesitan\u00a0atenci\u00f3n hospitalaria\u00a0por haber sido heridos a causa de los ataques del\u00a0Ej\u00e9rcito de\u00a0Israel\u00a0en medio de la guerra con el grupo islamista\u00a0Hamas. La informaci\u00f3n fue dada a conocer por el viceprimer ministro y ministro de Asuntos Exteriores de Italia,\u00a0Antonio Tajani, durante una cumbre en\u00a0Par\u00eds. Seg\u00fan [&hellip;]<\/p>\n","protected":false},"author":6,"featured_media":4998,"comment_status":"open","ping_status":"open","sticky":false,"template":"","format":"standard","meta":{"_themeisle_gutenberg_block_has_review":false,"footnotes":""},"categories":[7,4],"tags":[1222,19,400,1223],"class_list":["post-4997","post","type-post","status-publish","format-standard","has-post-thumbnail","hentry","category-mundo","category-noticias","tag-italia","tag-mundo","tag-ninos-2","tag-refugiados"],"_links":{"self":[{"href":"https:\/\/horapicodigital.com.ar\/index.php\/wp-json\/wp\/v2\/posts\/4997","targetHints":{"allow":["GET"]}}],"collection":[{"href":"https:\/\/horapicodigital.com.ar\/index.php\/wp-json\/wp\/v2\/posts"}],"about":[{"href":"https:\/\/horapicodigital.com.ar\/index.php\/wp-json\/wp\/v2\/types\/post"}],"author":[{"embeddable":true,"href":"https:\/\/horapicodigital.com.ar\/index.php\/wp-json\/wp\/v2\/users\/6"}],"replies":[{"embeddable":true,"href":"https:\/\/horapicodigital.com.ar\/index.php\/wp-json\/wp\/v2\/comments?post=4997"}],"version-history":[{"count":1,"href":"https:\/\/horapicodigital.com.ar\/index.php\/wp-json\/wp\/v2\/posts\/4997\/revisions"}],"predecessor-version":[{"id":4999,"href":"https:\/\/horapicodigital.com.ar\/index.php\/wp-json\/wp\/v2\/posts\/4997\/revisions\/4999"}],"wp:featuredmedia":[{"embeddable":true,"href":"https:\/\/horapicodigital.com.ar\/index.php\/wp-json\/wp\/v2\/media\/4998"}],"wp:attachment":[{"href":"https:\/\/horapicodigital.com.ar\/index.php\/wp-json\/wp\/v2\/media?parent=4997"}],"wp:term":[{"taxonomy":"category","embeddable":true,"href":"https:\/\/horapicodigital.com.ar\/index.php\/wp-json\/wp\/v2\/categories?post=4997"},{"taxonomy":"post_tag","embeddable":true,"href":"https:\/\/horapicodigital.com.ar\/index.php\/wp-json\/wp\/v2\/tags?post=4997"}],"curies":[{"name":"wp","href":"https:\/\/api.w.org\/{rel}","templated":true}]}}