{"id":461,"date":"2023-01-10T00:47:32","date_gmt":"2023-01-10T00:47:32","guid":{"rendered":"https:\/\/horapicodigital.com.ar\/?p=461"},"modified":"2023-01-10T00:47:32","modified_gmt":"2023-01-10T00:47:32","slug":"inicio-el-verano-para-los-adultos-y-adultos-mayores-en-la-estacion-saludable","status":"publish","type":"post","link":"https:\/\/horapicodigital.com.ar\/index.php\/2023\/01\/10\/inicio-el-verano-para-los-adultos-y-adultos-mayores-en-la-estacion-saludable\/","title":{"rendered":"Inici\u00f3 el verano para los adultos y adultos mayores en la Estaci\u00f3n Saludable"},"content":{"rendered":"\n<p><em><strong>Comenzaron las actividades\u00a0denominadas \u201cVerano Activo 2023\u201d, que consiste en una colonia de vacaciones destinada a los adultos, adultos mayores y personas con discapacidad, que incluye actividades, deportivas y recreativas, acompa\u00f1adas de un equipo de profesionales de distintas \u00e1reas del municipio.<\/strong><\/em><\/p>\n\n\n\n<figure class=\"wp-block-image size-large\"><img loading=\"lazy\" decoding=\"async\" width=\"1536\" height=\"722\" src=\"https:\/\/horapicodigital.com.ar\/wp-content\/uploads\/2023\/01\/1-1024x481.jpg\" alt=\"\" class=\"wp-image-462\" srcset=\"https:\/\/horapicodigital.com.ar\/wp-content\/uploads\/2023\/01\/1-1024x481.jpg 1024w, https:\/\/horapicodigital.com.ar\/wp-content\/uploads\/2023\/01\/1-300x141.jpg 300w, https:\/\/horapicodigital.com.ar\/wp-content\/uploads\/2023\/01\/1-768x361.jpg 768w, https:\/\/horapicodigital.com.ar\/wp-content\/uploads\/2023\/01\/1.jpg 1536w\" sizes=\"auto, (max-width: 1536px) 100vw, 1536px\" \/><\/figure>\n\n\n\n<p><strong>Los interesados en participar pueden inscribirse en la Estaci\u00f3n Saludable sita en av. Hip\u00f3lito Irigoyen esquina Rep\u00fablica de Siria de lunes a viernes 9 a 12.30 y de 17 a 19.30 hs. Los requisitos son: certificado de aptitud f\u00edsica y fotocopia del DNI, adem\u00e1s se recomienda asistir con ropa c\u00f3moda y una botella con agua. Para m\u00e1s informaci\u00f3n comunicarse a los siguientes tel\u00e9fonos: 388- 4210323 o al 388-5053776.<\/strong><\/p>\n\n\n\n<p>Sobre este tema\u00a0<strong>el secretario de Desarrollo Humano, Rodrigo Altea, detall\u00f3 que es una de las actividades que tendr\u00e1n lugar en los meses de verano<\/strong>\u00a0como las colonias para promocionar derechos y fomentar h\u00e1bitos saludables, \u201c<em>estamos en este hermoso espacio con los vecinos y especialmente con los adultos mayores con esta colonia donde desarrollan m\u00faltiples actividades y generamos espacios para el encuentro y el di\u00e1logo con todos, seguimos trabajando con todo tipo de acciones recreativas, culturales y deportivas cerramos el a\u00f1o con las festividades de Navidad y ahora continuamos en este nuevo a\u00f1o con todas las ganas<\/em>\u201d.<\/p>\n\n\n\n<figure class=\"wp-block-image size-large\"><img loading=\"lazy\" decoding=\"async\" width=\"1024\" height=\"664\" src=\"https:\/\/horapicodigital.com.ar\/wp-content\/uploads\/2023\/01\/2-1024x664.jpg\" alt=\"\" class=\"wp-image-463\" srcset=\"https:\/\/horapicodigital.com.ar\/wp-content\/uploads\/2023\/01\/2-1024x664.jpg 1024w, https:\/\/horapicodigital.com.ar\/wp-content\/uploads\/2023\/01\/2-300x195.jpg 300w, https:\/\/horapicodigital.com.ar\/wp-content\/uploads\/2023\/01\/2-768x498.jpg 768w, https:\/\/horapicodigital.com.ar\/wp-content\/uploads\/2023\/01\/2.jpg 1536w\" sizes=\"auto, (max-width: 1024px) 100vw, 1024px\" \/><\/figure>\n\n\n\n<p>Asimismo, la directora de Adultos Mayores, Mirta Humacata, remarc\u00f3 la importancia de continuar con las actividades, a trav\u00e9s de la propuesta Verano Activo \u201c<em>tenemos una gran concurrencia de personas de todas las edades que se acercan para compartir una tarde agradable y adem\u00e1s invitar a todos que se acerquen que las inscripciones est\u00e1n abiertas para las actividades todos los lunes, mi\u00e9rcoles y viernes de 17.30 a19.30 hs.\u201d. \u00a0<\/em><\/p>\n\n\n\n<figure class=\"wp-block-image size-large\"><img loading=\"lazy\" decoding=\"async\" width=\"1024\" height=\"491\" src=\"https:\/\/horapicodigital.com.ar\/wp-content\/uploads\/2023\/01\/3-1024x491.jpg\" alt=\"\" class=\"wp-image-464\" srcset=\"https:\/\/horapicodigital.com.ar\/wp-content\/uploads\/2023\/01\/3-1024x491.jpg 1024w, https:\/\/horapicodigital.com.ar\/wp-content\/uploads\/2023\/01\/3-300x144.jpg 300w, https:\/\/horapicodigital.com.ar\/wp-content\/uploads\/2023\/01\/3-768x369.jpg 768w, https:\/\/horapicodigital.com.ar\/wp-content\/uploads\/2023\/01\/3.jpg 1536w\" sizes=\"auto, (max-width: 1024px) 100vw, 1024px\" \/><\/figure>\n\n\n\n<p>Por su parte, el coordinador de Deporte y H\u00e1bitos Saludables para Adultos y Adultos Mayores, Sergio Amata, explic\u00f3 desde el municipio ofrecen esta propuesta gratuita, \u201c<em>estamos conformes por la gran convocatoria y superamos las 70 personas que disfrutan de una variedad de actividades como: caminatas, excursiones, picnic, karaoke, ritmos, bailes o pe\u00f1as, siempre tenemos en cuenta los h\u00e1bitos saludables con charlas sobre alimentaci\u00f3n o deporte y para esto tenemos una nutricionista, un enfermero y profesores de educaci\u00f3n f\u00edsica que aconsejan y cuidan a todos los participantes\u201d<\/em>. \u00a0\u00a0<\/p>\n","protected":false},"excerpt":{"rendered":"<p>Comenzaron las actividades\u00a0denominadas \u201cVerano Activo 2023\u201d, que consiste en una colonia de vacaciones destinada a los adultos, adultos mayores y personas con discapacidad, que incluye actividades, deportivas y recreativas, acompa\u00f1adas de un equipo de profesionales de distintas \u00e1reas del municipio. Los interesados en participar pueden inscribirse en la Estaci\u00f3n Saludable sita en av. Hip\u00f3lito Irigoyen [&hellip;]<\/p>\n","protected":false},"author":3,"featured_media":465,"comment_status":"open","ping_status":"open","sticky":false,"template":"","format":"standard","meta":{"_themeisle_gutenberg_block_has_review":false,"footnotes":""},"categories":[32,11],"tags":[],"class_list":["post-461","post","type-post","status-publish","format-standard","has-post-thumbnail","hentry","category-locales","category-salud"],"_links":{"self":[{"href":"https:\/\/horapicodigital.com.ar\/index.php\/wp-json\/wp\/v2\/posts\/461","targetHints":{"allow":["GET"]}}],"collection":[{"href":"https:\/\/horapicodigital.com.ar\/index.php\/wp-json\/wp\/v2\/posts"}],"about":[{"href":"https:\/\/horapicodigital.com.ar\/index.php\/wp-json\/wp\/v2\/types\/post"}],"author":[{"embeddable":true,"href":"https:\/\/horapicodigital.com.ar\/index.php\/wp-json\/wp\/v2\/users\/3"}],"replies":[{"embeddable":true,"href":"https:\/\/horapicodigital.com.ar\/index.php\/wp-json\/wp\/v2\/comments?post=461"}],"version-history":[{"count":1,"href":"https:\/\/horapicodigital.com.ar\/index.php\/wp-json\/wp\/v2\/posts\/461\/revisions"}],"predecessor-version":[{"id":466,"href":"https:\/\/horapicodigital.com.ar\/index.php\/wp-json\/wp\/v2\/posts\/461\/revisions\/466"}],"wp:featuredmedia":[{"embeddable":true,"href":"https:\/\/horapicodigital.com.ar\/index.php\/wp-json\/wp\/v2\/media\/465"}],"wp:attachment":[{"href":"https:\/\/horapicodigital.com.ar\/index.php\/wp-json\/wp\/v2\/media?parent=461"}],"wp:term":[{"taxonomy":"category","embeddable":true,"href":"https:\/\/horapicodigital.com.ar\/index.php\/wp-json\/wp\/v2\/categories?post=461"},{"taxonomy":"post_tag","embeddable":true,"href":"https:\/\/horapicodigital.com.ar\/index.php\/wp-json\/wp\/v2\/tags?post=461"}],"curies":[{"name":"wp","href":"https:\/\/api.w.org\/{rel}","templated":true}]}}