{"id":4236,"date":"2023-09-20T23:28:21","date_gmt":"2023-09-21T02:28:21","guid":{"rendered":"https:\/\/horapicodigital.com.ar\/?p=4236"},"modified":"2023-09-20T23:28:22","modified_gmt":"2023-09-21T02:28:22","slug":"el-gobierno-anunciara-un-nuevo-ife-a-quienes-incluiria","status":"publish","type":"post","link":"https:\/\/horapicodigital.com.ar\/index.php\/2023\/09\/20\/el-gobierno-anunciara-un-nuevo-ife-a-quienes-incluiria\/","title":{"rendered":"El Gobierno anunciar\u00e1 un nuevo IFE: a qui\u00e9nes incluir\u00eda"},"content":{"rendered":"\n<p>Luego de las modificaciones en el\u00a0Impuesto a las Ganancias, el Gobierno planea lanzar un nuevo\u00a0IFE\u00a0trabajadores informales. As\u00ed lo explic\u00f3\u00a0Cecilia Boufflet en \u201cLanata sin Filtro\u201d, luego de que los diputados que responden a Juan Grabois lo pusieran como condici\u00f3n para aprobar los cambios en la C\u00e1mara Baja.<\/p>\n\n\n\n<p>\u201c<em>El Plan Platita tiene su continuidad. Una cosa que se conoci\u00f3 ayer, a partir de una declaraci\u00f3n de Grabois, es que tambi\u00e9n podr\u00eda haber un refuerzo de ingreso para trabajadores informales. Un nuevo\u00a0IFE.\u00a0Grabois dijo que sus diputados apoyaron la modificaci\u00f3n en Ganancias porque tiene un acuerdo con el ministro de Econom\u00eda de que va a implementar junto con esto un refuerzo de ingreso para trabajadores informales<\/em>\u00a0\u201d, dijo la periodista.<\/p>\n\n\n\n<figure class=\"wp-block-image\"><img decoding=\"async\" src=\"https:\/\/media.todojujuy.com\/p\/30cab6919bedec0cd4e95c8004b58063\/adjuntos\/227\/imagenes\/003\/314\/0003314124\/770x0\/smart\/imagepng.png\" alt=\"\" title=\"\"\/><\/figure>\n\n\n\n<p>En ese sentido record\u00f3 que la medida lanzada a fines del a\u00f1o pasado fue por un monto de 45.000 pesos, mientras que hasta el momento\u00a0se desconoce de cu\u00e1nto ser\u00eda el nuevo ingreso federal.<\/p>\n\n\n\n<p>\u201cEst\u00e1 en discusi\u00f3n de cu\u00e1nto va a ser el monto, cu\u00e1l ser\u00eda el universo de beneficiados y cu\u00e1ndo se dar\u00eda. Va a ir al universo que no recibe ning\u00fan tipo de ingresos del sector privado ni del Estado. No le llega la devoluci\u00f3n del IVA ni el bono de 60.000 pesos\u201d, se explay\u00f3.<\/p>\n\n\n\n<h2 class=\"wp-block-heading\">Qu\u00e9 otras medidas se anunciar\u00edan<\/h2>\n\n\n\n<p>Por otro lado, el Ministro de Econom\u00eda, Sergio Massa expres\u00f3 que est\u00e1n finalizando los detalles de esta propuesta,\u00a0dirigida a aproximadamente 3 millones de argentinos que forman parte de la fuerza laboral del pa\u00eds\u00a0pero que operan fuera del sistema econ\u00f3mico formal. El objetivo es brindarles apoyo frente a las dificultades econ\u00f3micas causadas por la devaluaci\u00f3n impuesta por el FMI a Argentina.\u00a0El Ministro afirm\u00f3 que se espera que esta medida se anuncie en los pr\u00f3ximos d\u00edas.<\/p>\n\n\n\n<p>Adem\u00e1s de estas medidas,\u00a0se est\u00e1n considerando acciones adicionales para estimular el consumo. El programa \u00abAhora 12\u00bb, que ofrece tasas de inter\u00e9s significativamente m\u00e1s bajas que el mercado, continuar\u00e1 respaldando la financiaci\u00f3n de bienes duraderos y semiduraderos. La Secretar\u00eda de Comercio est\u00e1\u00a0evaluando la posibilidad de ampliar este programa, que fue renovado por \u00faltima vez en febrero y est\u00e1 vigente hasta el pr\u00f3ximo febrero.<\/p>\n\n\n\n<figure class=\"wp-block-image\"><img decoding=\"async\" src=\"https:\/\/media.todojujuy.com\/p\/8422014ce29b7090b298a6d043594930\/adjuntos\/227\/imagenes\/003\/314\/0003314125\/770x0\/smart\/imagepng.png\" alt=\"\" title=\"\"\/><\/figure>\n\n\n\n<p>El Ministro de Econom\u00eda tambi\u00e9n tiene planes de implementar alivios fiscales para comerciantes, profesionales y prestadores de servicios clasificados como aut\u00f3nomos desde el punto de vista impositivo. Estos alivios incluyen una\u00a0reducci\u00f3n del Impuesto a las Ganancias, un aplazamiento en el pago del IVA y las contribuciones correspondientes a los meses de septiembre a diciembre de 2023. Adem\u00e1s, se presentar\u00e1 un proyecto de ley para suavizar el impacto de la transici\u00f3n del monotributo al r\u00e9gimen general,\u00a0introduciendo una nueva categor\u00eda llamada \u00abSimple\u00bb.<\/p>\n","protected":false},"excerpt":{"rendered":"<p>Luego de las modificaciones en el\u00a0Impuesto a las Ganancias, el Gobierno planea lanzar un nuevo\u00a0IFE\u00a0trabajadores informales. As\u00ed lo explic\u00f3\u00a0Cecilia Boufflet en \u201cLanata sin Filtro\u201d, luego de que los diputados que responden a Juan Grabois lo pusieran como condici\u00f3n para aprobar los cambios en la C\u00e1mara Baja. \u201cEl Plan Platita tiene su continuidad. Una cosa que [&hellip;]<\/p>\n","protected":false},"author":6,"featured_media":4237,"comment_status":"open","ping_status":"open","sticky":false,"template":"","format":"standard","meta":{"_themeisle_gutenberg_block_has_review":false,"footnotes":""},"categories":[248,35],"tags":[38,995,85],"class_list":["post-4236","post","type-post","status-publish","format-standard","has-post-thumbnail","hentry","category-educacion","category-pais","tag-economia","tag-ife","tag-pais"],"_links":{"self":[{"href":"https:\/\/horapicodigital.com.ar\/index.php\/wp-json\/wp\/v2\/posts\/4236","targetHints":{"allow":["GET"]}}],"collection":[{"href":"https:\/\/horapicodigital.com.ar\/index.php\/wp-json\/wp\/v2\/posts"}],"about":[{"href":"https:\/\/horapicodigital.com.ar\/index.php\/wp-json\/wp\/v2\/types\/post"}],"author":[{"embeddable":true,"href":"https:\/\/horapicodigital.com.ar\/index.php\/wp-json\/wp\/v2\/users\/6"}],"replies":[{"embeddable":true,"href":"https:\/\/horapicodigital.com.ar\/index.php\/wp-json\/wp\/v2\/comments?post=4236"}],"version-history":[{"count":1,"href":"https:\/\/horapicodigital.com.ar\/index.php\/wp-json\/wp\/v2\/posts\/4236\/revisions"}],"predecessor-version":[{"id":4238,"href":"https:\/\/horapicodigital.com.ar\/index.php\/wp-json\/wp\/v2\/posts\/4236\/revisions\/4238"}],"wp:featuredmedia":[{"embeddable":true,"href":"https:\/\/horapicodigital.com.ar\/index.php\/wp-json\/wp\/v2\/media\/4237"}],"wp:attachment":[{"href":"https:\/\/horapicodigital.com.ar\/index.php\/wp-json\/wp\/v2\/media?parent=4236"}],"wp:term":[{"taxonomy":"category","embeddable":true,"href":"https:\/\/horapicodigital.com.ar\/index.php\/wp-json\/wp\/v2\/categories?post=4236"},{"taxonomy":"post_tag","embeddable":true,"href":"https:\/\/horapicodigital.com.ar\/index.php\/wp-json\/wp\/v2\/tags?post=4236"}],"curies":[{"name":"wp","href":"https:\/\/api.w.org\/{rel}","templated":true}]}}