{"id":4044,"date":"2023-09-15T00:27:31","date_gmt":"2023-09-15T03:27:31","guid":{"rendered":"https:\/\/horapicodigital.com.ar\/?p=4044"},"modified":"2023-09-15T00:27:32","modified_gmt":"2023-09-15T03:27:32","slug":"generacion-distribuida-avanza-proyecto-que-beneficiara-a-escuelas-jujenas","status":"publish","type":"post","link":"https:\/\/horapicodigital.com.ar\/index.php\/2023\/09\/15\/generacion-distribuida-avanza-proyecto-que-beneficiara-a-escuelas-jujenas\/","title":{"rendered":"Generaci\u00f3n Distribuida: Avanza proyecto que beneficiar\u00e1 a escuelas juje\u00f1as"},"content":{"rendered":"\n<p>El proyecto se centra en las nuevas instituciones educativas que se est\u00e1n construyendo en toda la provincia, en el marco del Programa de Mejora del Acceso y la Calidad Educativa (PROMACE), y que cuentan con sistemas de\u00a0paneles solares\u00a0instalados. Estos paneles permiten a las escuelas generar m\u00e1s energ\u00eda de la que consumen, y el excedente se inyecta en la red de distribuci\u00f3n local.<\/p>\n\n\n\n<p>Pizarro, explic\u00f3, que \u201cse tiene que hacer un balance para poder bajar el costo tarifario que pagan las escuelas o el Ministerio de Educaci\u00f3n en general, y de esta manera trabajar en esto que es tan importante, y lograr reducir estos gastos tarifarios\u201d.<\/p>\n\n\n\n<p>Asimismo, el secretario, ratific\u00f3 que el proyecto es una clara muestra que \u201cJujuy es una de las provincias que ha puesto un acento fuerte a este nuevo mundo que son las energ\u00edas renovables, el cuidado del planeta, lo sustentable y la eficiencia energ\u00e9tica\u201d.<\/p>\n\n\n\n<p>Siguiendo estas l\u00edneas, sostuvo la importancia y compromiso compartido con el Ministerio de Educaci\u00f3n, de que \u201cprecisamente en las escuelas es en donde tiene que haber una concientizaci\u00f3n muy grande acerca de lo que nos est\u00e1 pasando en el mundo con el cambio clim\u00e1tico, el efecto invernadero y las pol\u00edticas que tengan que ver con el cambio de la materia energ\u00e9tica y particularmente con generaci\u00f3n distribuida, que es lo que se est\u00e1 haciendo con este conjunto de escuelas en la provincia de Jujuy\u201d.&nbsp;<\/p>\n\n\n\n<p>Tambi\u00e9n estuvieron presentes la secretaria de Infraestructura Educativa PROMACE, Liliana Gim\u00e9nez y la directora de Despacho y Asuntos Jur\u00eddicos, Mariela Almir\u00f3n.<\/p>\n","protected":false},"excerpt":{"rendered":"<p>El proyecto se centra en las nuevas instituciones educativas que se est\u00e1n construyendo en toda la provincia, en el marco del Programa de Mejora del Acceso y la Calidad Educativa (PROMACE), y que cuentan con sistemas de\u00a0paneles solares\u00a0instalados. Estos paneles permiten a las escuelas generar m\u00e1s energ\u00eda de la que consumen, y el excedente se [&hellip;]<\/p>\n","protected":false},"author":6,"featured_media":4045,"comment_status":"open","ping_status":"open","sticky":false,"template":"","format":"standard","meta":{"_themeisle_gutenberg_block_has_review":false,"footnotes":""},"categories":[248,32],"tags":[251,58],"class_list":["post-4044","post","type-post","status-publish","format-standard","has-post-thumbnail","hentry","category-educacion","category-locales","tag-educacion-2","tag-jujuy"],"_links":{"self":[{"href":"https:\/\/horapicodigital.com.ar\/index.php\/wp-json\/wp\/v2\/posts\/4044","targetHints":{"allow":["GET"]}}],"collection":[{"href":"https:\/\/horapicodigital.com.ar\/index.php\/wp-json\/wp\/v2\/posts"}],"about":[{"href":"https:\/\/horapicodigital.com.ar\/index.php\/wp-json\/wp\/v2\/types\/post"}],"author":[{"embeddable":true,"href":"https:\/\/horapicodigital.com.ar\/index.php\/wp-json\/wp\/v2\/users\/6"}],"replies":[{"embeddable":true,"href":"https:\/\/horapicodigital.com.ar\/index.php\/wp-json\/wp\/v2\/comments?post=4044"}],"version-history":[{"count":1,"href":"https:\/\/horapicodigital.com.ar\/index.php\/wp-json\/wp\/v2\/posts\/4044\/revisions"}],"predecessor-version":[{"id":4046,"href":"https:\/\/horapicodigital.com.ar\/index.php\/wp-json\/wp\/v2\/posts\/4044\/revisions\/4046"}],"wp:featuredmedia":[{"embeddable":true,"href":"https:\/\/horapicodigital.com.ar\/index.php\/wp-json\/wp\/v2\/media\/4045"}],"wp:attachment":[{"href":"https:\/\/horapicodigital.com.ar\/index.php\/wp-json\/wp\/v2\/media?parent=4044"}],"wp:term":[{"taxonomy":"category","embeddable":true,"href":"https:\/\/horapicodigital.com.ar\/index.php\/wp-json\/wp\/v2\/categories?post=4044"},{"taxonomy":"post_tag","embeddable":true,"href":"https:\/\/horapicodigital.com.ar\/index.php\/wp-json\/wp\/v2\/tags?post=4044"}],"curies":[{"name":"wp","href":"https:\/\/api.w.org\/{rel}","templated":true}]}}