{"id":3570,"date":"2023-08-14T01:55:42","date_gmt":"2023-08-14T04:55:42","guid":{"rendered":"https:\/\/horapicodigital.com.ar\/?p=3570"},"modified":"2023-08-14T01:55:46","modified_gmt":"2023-08-14T04:55:46","slug":"sorprendente-eleccion-de-javier-milei-gano-las-paso-con-mas-del-30-de-los-votos-lo-siguieron-jxc-y-union-por-la-patria","status":"publish","type":"post","link":"https:\/\/horapicodigital.com.ar\/index.php\/2023\/08\/14\/sorprendente-eleccion-de-javier-milei-gano-las-paso-con-mas-del-30-de-los-votos-lo-siguieron-jxc-y-union-por-la-patria\/","title":{"rendered":"Sorprendente elecci\u00f3n de Javier Milei: gan\u00f3 las PASO con m\u00e1s del 30% de los votos; lo siguieron JxC y Uni\u00f3n por la Patria"},"content":{"rendered":"\n<p>El l\u00edder libertario super\u00f3 todos los pron\u00f3sticos. Con el 92% de las mesas escrutadas, la ex ministra de Seguridad derrot\u00f3 al jefe de Gobierno porte\u00f1o en la interna de Juntos por el Cambio, por 17% a 11,24%. El ministro de Econom\u00eda es el segundo m\u00e1s votado en forma individual, sumando 20,63%<\/p>\n\n\n\n<p>Los primeros resultados del escrutinio provisorio confirmaron las versiones que ya hab\u00edan comenzado a circular desde el cierre de mesas:\u00a0Javier Milei, el l\u00edder de La Libertad Avanza, se impuso como el\u00a0candidato presidencial m\u00e1s votado\u00a0con el\u00a030,28%. Los contundentes datos\u00a0sacudieron al mundo pol\u00edtico\u00a0y anticipan una\u00a0transformaci\u00f3n radical del escenario electoral\u00a0de cara a octubre.<\/p>\n\n\n\n<p>En su primer intento como aspirante al sill\u00f3n de Rivadavia (ya fue candidato pero a diputado nacional en 2021), el economista libertario logr\u00f3\u00a0capitalizar el descontento generalizado\u00a0con la situaci\u00f3n econ\u00f3mica y social del pa\u00eds. Incluso super\u00f3 ampliamente las estimaciones de la mayor\u00eda de las encuestas p\u00fablicas.<\/p>\n\n\n\n<p>Milei tuvo una\u00a0gran performance\u00a0en los grandes centros urbanos, con una actuaci\u00f3n destacada en las provincias de\u00a0C\u00f3rdoba, Santa Fe, Mendoza y Neuqu\u00e9n. En tanto,\u00a0Carolina P\u00edparo, la candidata a gobernadora bonaerense de La Libertad Avanza, tambi\u00e9n logr\u00f3 un resultado hist\u00f3rico: \u201cenganchada\u201d de la boleta del economista, qued\u00f3 en segundo lugar -en t\u00e9rminos individuales- con\u00a024,16% de los votos, detr\u00e1s de Axel Kicillof (37,29%).\u00a0N\u00e9stor Grindetti y Diego Santilli, juntos, suman 31,64%.<\/p>\n\n\n\n<p>Seg\u00fan el conteo provisorio,\u00a0Sergio Massa (21,31%), el representante de Uni\u00f3n por la Patria, se qued\u00f3 con el segundo lugar en t\u00e9rminos individuales.\u00a0Uni\u00f3n por la Patria obtuvo el 27,10%. Tal como se esperaba, el ministro de Econom\u00eda se impuso con holgura sobre su competidor interno,\u00a0Juan Grabois (5,78%), quien no logr\u00f3 quedarse -como esperaba- con el grueso de los votos duros del kirchnerismo.<\/p>\n\n\n\n<p><img loading=\"lazy\" decoding=\"async\" alt=\"Sergio Massa, candidato presidencial de Uni\u00f3n por la Patria\" height=\"1080\" width=\"1920\" src=\"https:\/\/www.infobae.com\/new-resizer\/lolLax2sJFOq2NbcDrKO-Kl-Zgk=\/arc-anglerfish-arc2-prod-infobae\/public\/SJT6OYXEKFEQVBIAIN223GSZC4.jpg\" srcset=\"https:\/\/www.infobae.com\/new-resizer\/_3h6s9_AAHL0apfrMihKCXifXac=\/420x236\/filters:format(webp):quality(85)\/cloudfront-us-east-1.images.arcpublishing.com\/infobae\/SJT6OYXEKFEQVBIAIN223GSZC4.jpg 420w,https:\/\/www.infobae.com\/new-resizer\/pAJgNeG-d1-Xov1DnNaMWmC_90w=\/768x432\/filters:format(webp):quality(85)\/cloudfront-us-east-1.images.arcpublishing.com\/infobae\/SJT6OYXEKFEQVBIAIN223GSZC4.jpg 768w,https:\/\/www.infobae.com\/new-resizer\/XEMV_YL_6KmPH6YSuxXLlHhFzsE=\/992x558\/filters:format(webp):quality(85)\/cloudfront-us-east-1.images.arcpublishing.com\/infobae\/SJT6OYXEKFEQVBIAIN223GSZC4.jpg 992w,https:\/\/www.infobae.com\/new-resizer\/WQ0wUC89JTVaBc9IuIGXOZfo1ao=\/1200x675\/filters:format(webp):quality(85)\/cloudfront-us-east-1.images.arcpublishing.com\/infobae\/SJT6OYXEKFEQVBIAIN223GSZC4.jpg 1200w,https:\/\/www.infobae.com\/new-resizer\/trwUqWRl3XH0WmcnbNZgKe8dLJ4=\/1440x810\/filters:format(webp):quality(85)\/cloudfront-us-east-1.images.arcpublishing.com\/infobae\/SJT6OYXEKFEQVBIAIN223GSZC4.jpg 1440w\">Sergio Massa, candidato presidencial de Uni\u00f3n por la Patria<\/p>\n\n\n\n<p>La interna de Juntos por el Cambio, que durante la campa\u00f1a acapar\u00f3 gran parte de la atenci\u00f3n, tuvo como ganadora a la ex ministra de Seguridad,\u00a0Patricia Bullrich (17%), que le sac\u00f3 casi 7 puntos de ventaja al jefe de Gobierno porte\u00f1o,\u00a0Horacio Rodr\u00edguez Larreta (11,24%).<\/p>\n\n\n\n<p>Por su parte,\u00a0Juan Schiaretti, de Hacemos por el pa\u00eds, consolid\u00f3\u00a03,95%, con una buena performance en C\u00f3rdoba, aunque qued\u00f3 detr\u00e1s de Milei.<\/p>\n\n\n\n<p><img loading=\"lazy\" decoding=\"async\" alt=\"Patricia Bullrich y Horacio Rodr\u00edguez Larreta\" height=\"1080\" width=\"1920\" src=\"https:\/\/www.infobae.com\/new-resizer\/KGMlLuYqEMD77Tcf2A15e18MGjo=\/arc-anglerfish-arc2-prod-infobae\/public\/7SV5GJXLBRH3JI7GAT2I5ISGJA.jpg\" srcset=\"https:\/\/www.infobae.com\/new-resizer\/Zyv0kofBPhiALtmQFCGtOYPwkT4=\/420x236\/filters:format(webp):quality(85)\/cloudfront-us-east-1.images.arcpublishing.com\/infobae\/7SV5GJXLBRH3JI7GAT2I5ISGJA.jpg 420w,https:\/\/www.infobae.com\/new-resizer\/y58XJ9ogYgncGg6flAsWJQcrUhg=\/768x432\/filters:format(webp):quality(85)\/cloudfront-us-east-1.images.arcpublishing.com\/infobae\/7SV5GJXLBRH3JI7GAT2I5ISGJA.jpg 768w,https:\/\/www.infobae.com\/new-resizer\/dON4xs5SduZf5YetD5yXAuNDTlk=\/992x558\/filters:format(webp):quality(85)\/cloudfront-us-east-1.images.arcpublishing.com\/infobae\/7SV5GJXLBRH3JI7GAT2I5ISGJA.jpg 992w,https:\/\/www.infobae.com\/new-resizer\/m-XJKcF5VSSq_W5OzM7-RFIfn4Q=\/1200x675\/filters:format(webp):quality(85)\/cloudfront-us-east-1.images.arcpublishing.com\/infobae\/7SV5GJXLBRH3JI7GAT2I5ISGJA.jpg 1200w,https:\/\/www.infobae.com\/new-resizer\/00ylIMiLOSz9aNPUNi-GfTbM_A0=\/1440x810\/filters:format(webp):quality(85)\/cloudfront-us-east-1.images.arcpublishing.com\/infobae\/7SV5GJXLBRH3JI7GAT2I5ISGJA.jpg 1440w\">Patricia Bullrich y Horacio Rodr\u00edguez Larreta<\/p>\n\n\n\n<p>Los sectores m\u00e1s \u201cduros\u201d del PRO, conocidos popularmente como \u201chalcones\u201d, tambi\u00e9n recibieron buenas noticias de la ciudad de Buenos Aires, donde\u00a0Jorge Macri\u00a0se impuso a\u00a0Mart\u00edn Lousteau\u00a0-aliado pol\u00edtico de\u00a0Rodr\u00edguez Larreta- en la carrera por la jefatura de Gobierno.<\/p>\n\n\n\n<p>Para sorpresa del Gobierno, se cumpli\u00f3 -en parte- el pron\u00f3stico de Cristina Kirchner quien hab\u00eda anticipado que ser\u00eda una \u201celecci\u00f3n de tercios\u201d. Sin embargo, ni la Vicepresidenta previ\u00f3 un resultado tan favorable para Milei, que deja al oficialismo ante un escenario impensado:\u00a0quedar afuera del balotaje.<\/p>\n\n\n\n<p>S\u00f3lo\u00a0cinco f\u00f3rmulas nacionales lograron superar el umbral de 1,5%\u00a0que los habilita a competir en octubre: La Libertad Avanza, Juntos por el Cambio, Uni\u00f3n por la Patria, Hacemos por Nuestro Pa\u00eds y el Frente de Izquierda.<\/p>\n\n\n\n<p>En el camino quedar\u00e1n Principios y Valores, Libres del Sur, el Nuevo MAS, el Movimiento Izquierda, Juventud y Dignidad, Pol\u00edtica Obrera, el Frente Patriota Federal, el Movimiento de Acci\u00f3n Vecinal, Proyecto Joven, el Frente Liber.Ar y la Uni\u00f3n de Centro Democr\u00e1tico.<\/p>\n\n\n\n<p>El escenario de cara a las elecciones generales de octubre obligar\u00e1 a las principales fuerzas a\u00a0ajustar sus estrategias.\u00a0Principalmente ser\u00e1 un desaf\u00edo para Patricia Bullrich, quien se disputar\u00e1 directamente con Milei el\u00a0voto duro\u00a0de derecha y centro derecha.<\/p>\n\n\n\n<p>En las filas del oficialismo algunos evaluaban que una confrontaci\u00f3n contra los \u201chalcones\u201d le facilitar\u00e1 a Massa una contrastaci\u00f3n m\u00e1s n\u00edtida de los \u201cmodelos de pa\u00eds\u201d. As\u00ed apuestan a quedarse con parte de los votos del centro que se inclinaron en las PASO por Rodr\u00edguez Larreta, o incluso sumar sectores de la izquierda que consideren que el peronismo un \u201cmal menor\u201d respecto a las opciones m\u00e1s radicalizadas de derecha.<\/p>\n","protected":false},"excerpt":{"rendered":"<p>El l\u00edder libertario super\u00f3 todos los pron\u00f3sticos. Con el 92% de las mesas escrutadas, la ex ministra de Seguridad derrot\u00f3 al jefe de Gobierno porte\u00f1o en la interna de Juntos por el Cambio, por 17% a 11,24%. El ministro de Econom\u00eda es el segundo m\u00e1s votado en forma individual, sumando 20,63% Los primeros resultados del [&hellip;]<\/p>\n","protected":false},"author":6,"featured_media":3571,"comment_status":"open","ping_status":"open","sticky":false,"template":"","format":"standard","meta":{"_themeisle_gutenberg_block_has_review":false,"footnotes":""},"categories":[35,33],"tags":[200,85],"class_list":["post-3570","post","type-post","status-publish","format-standard","has-post-thumbnail","hentry","category-pais","category-politica","tag-elecciones","tag-pais"],"_links":{"self":[{"href":"https:\/\/horapicodigital.com.ar\/index.php\/wp-json\/wp\/v2\/posts\/3570","targetHints":{"allow":["GET"]}}],"collection":[{"href":"https:\/\/horapicodigital.com.ar\/index.php\/wp-json\/wp\/v2\/posts"}],"about":[{"href":"https:\/\/horapicodigital.com.ar\/index.php\/wp-json\/wp\/v2\/types\/post"}],"author":[{"embeddable":true,"href":"https:\/\/horapicodigital.com.ar\/index.php\/wp-json\/wp\/v2\/users\/6"}],"replies":[{"embeddable":true,"href":"https:\/\/horapicodigital.com.ar\/index.php\/wp-json\/wp\/v2\/comments?post=3570"}],"version-history":[{"count":1,"href":"https:\/\/horapicodigital.com.ar\/index.php\/wp-json\/wp\/v2\/posts\/3570\/revisions"}],"predecessor-version":[{"id":3572,"href":"https:\/\/horapicodigital.com.ar\/index.php\/wp-json\/wp\/v2\/posts\/3570\/revisions\/3572"}],"wp:featuredmedia":[{"embeddable":true,"href":"https:\/\/horapicodigital.com.ar\/index.php\/wp-json\/wp\/v2\/media\/3571"}],"wp:attachment":[{"href":"https:\/\/horapicodigital.com.ar\/index.php\/wp-json\/wp\/v2\/media?parent=3570"}],"wp:term":[{"taxonomy":"category","embeddable":true,"href":"https:\/\/horapicodigital.com.ar\/index.php\/wp-json\/wp\/v2\/categories?post=3570"},{"taxonomy":"post_tag","embeddable":true,"href":"https:\/\/horapicodigital.com.ar\/index.php\/wp-json\/wp\/v2\/tags?post=3570"}],"curies":[{"name":"wp","href":"https:\/\/api.w.org\/{rel}","templated":true}]}}