{"id":339,"date":"2023-01-06T15:52:35","date_gmt":"2023-01-06T15:52:35","guid":{"rendered":"https:\/\/horapicodigital.com.ar\/?p=339"},"modified":"2023-01-06T15:54:43","modified_gmt":"2023-01-06T15:54:43","slug":"como-estara-el-tiempo-el-fin-de-semana-en-jujuy","status":"publish","type":"post","link":"https:\/\/horapicodigital.com.ar\/index.php\/2023\/01\/06\/como-estara-el-tiempo-el-fin-de-semana-en-jujuy\/","title":{"rendered":"C\u00f3mo estar\u00e1 el tiempo el fin de semana en Jujuy"},"content":{"rendered":"\n<p>Altas temperaturas en la zona de los Valles e inestabilidad en la Quebrada de Humahuaca. En esta nota los pron\u00f3sticos para este fin de semana en Jujuy.<\/p>\n\n\n\n<figure class=\"wp-block-image size-full is-resized\"><img loading=\"lazy\" decoding=\"async\" src=\"https:\/\/horapicodigital.com.ar\/wp-content\/uploads\/2023\/01\/san-salvador-de-jujuy-09.jpg\" alt=\"\" class=\"wp-image-341\" width=\"830\" height=\"473\" srcset=\"https:\/\/horapicodigital.com.ar\/wp-content\/uploads\/2023\/01\/san-salvador-de-jujuy-09.jpg 677w, https:\/\/horapicodigital.com.ar\/wp-content\/uploads\/2023\/01\/san-salvador-de-jujuy-09-300x171.jpg 300w\" sizes=\"auto, (max-width: 830px) 100vw, 830px\" \/><\/figure>\n\n\n\n<p>El primer&nbsp;<mark><strong>s\u00e1bado&nbsp;<\/strong><\/mark>del 2023 trae inestabilidad en algunas zonas de&nbsp;<mark><strong>Jujuy&nbsp;<\/strong><\/mark>y en otras altas temperaturas que prometen llegar hasta los 30 grados de m\u00e1xima. En esta nota el detalle de los&nbsp;<mark><strong>pron\u00f3sticos&nbsp;<\/strong><\/mark>para toda la provincia.&nbsp;<\/p>\n\n\n\n<h3 class=\"wp-block-heading\"><strong>C\u00f3mo estar\u00e1 el tiempo en los Valles<\/strong><\/h3>\n\n\n\n<p>Se espera que el s\u00e1bado la temperatura m\u00e1xima llegue a&nbsp;<strong>30 grados mientras que la m\u00ednima se ubicar\u00e1 cerca de los 17 grados<\/strong>. Hay probabilidad de lluvias, seg\u00fan el<a href=\"https:\/\/www.smn.gob.ar\/\" target=\"_blank\" rel=\"noreferrer noopener\">&nbsp;Servicio Meteorol\u00f3gico Nacional (SMN)<\/a>&nbsp;esperan que se produzcan lluvias aisladas en la tarde y la noche.&nbsp;<\/p>\n\n\n\n<p>El pico de temperatura est\u00e1 previsto al mediod\u00eda y se estipula que el cielo estar\u00e1 parcialmente nublado durante casi todo el d\u00eda.&nbsp;<\/p>\n\n\n\n<p>El domingo habr\u00e1 un descenso notable de la temperatura y la m\u00e1xima llegar\u00eda a los 26 grados mientras que la m\u00ednima rondar\u00e1 los 18 grados.&nbsp;<\/p>\n\n\n\n<p>Cabe mencionar que no rige ning\u00fan alerta meteorol\u00f3gico para la regi\u00f3n y tampoco avisos por altas temperaturas.&nbsp;<\/p>\n\n\n\n<h3 class=\"wp-block-heading\"><strong>C\u00f3mo estar\u00e1 el tiempo en la Quebrada<\/strong><\/h3>\n\n\n\n<p>Para la zona de la Quebrada rige un pron\u00f3stico de inestabilidad. Las temperaturas m\u00e1ximas rondar\u00e1n los 20 y 23 grados mientras que las m\u00ednimas se ubicar\u00e1n cerca de los 9 grados.&nbsp;<\/p>\n\n\n\n<p>El Servicio Meterol\u00f3gico Nacional (SMN) prev\u00e9 tormentas aisladas en la tarde y un cielo parcialmente nublado durante gran parte del d\u00eda.&nbsp;<\/p>\n\n\n\n<p>Cabe mencionar que no rige ning\u00fan alerta meteorol\u00f3gico para la regi\u00f3n y tampoco avisos por altas temperaturas.&nbsp;<\/p>\n\n\n\n<h3 class=\"wp-block-heading\"><strong>C\u00f3mo estar\u00e1 el tiempo en las Yungas<\/strong><\/h3>\n\n\n\n<p>Las temperaturas previstas para la zona de las Yungas ser\u00e1 muy similares a los Valles juje\u00f1os. Prev\u00e9n que las m\u00e1ximas se ubiquen cerca de los 30 grados y las m\u00ednimas rondando los 17 y 18 grados.&nbsp;<\/p>\n\n\n\n<p>Est\u00e1 previsto que haya precipitaciones en la tarde y noche con el descenso de la temperatura durante la noche. El s\u00e1bado el cielo estar\u00e1 parcialmente nublado mientras que el domingo habr\u00e1 mayor presencia de nubes.&nbsp;<\/p>\n\n\n\n<p>Cabe mencionar que no rige ning\u00fan alerta meteorol\u00f3gico para la regi\u00f3n y tampoco avisos por altas temperaturas.&nbsp;<\/p>\n\n\n\n<h3 class=\"wp-block-heading\"><strong>C\u00f3mo estar\u00e1 el tiempo en la Puna<\/strong><\/h3>\n\n\n\n<p>Para este s\u00e1bado en la Puna habr\u00e1 temperaturas m\u00e1ximas de aproximadamente 15 y 17 grados, mientras que las m\u00ednimas oscilar\u00e1n los 5 y 7 grados.&nbsp;<\/p>\n\n\n\n<p>Est\u00e1 pronosticado que en la tarde del s\u00e1bado haya tormentas m\u00e1s en la zona norte de la Puna y que durante el domingo haya precipitaciones.&nbsp;<\/p>\n\n\n\n<p>El cielo estar\u00e1, tanto el s\u00e1bado como el domingo, parcialmente nublado.&nbsp;<\/p>\n\n\n\n<p>Cabe mencionar que no rige ning\u00fan alerta meteorol\u00f3gico para la regi\u00f3n y tampoco avisos por altas temperaturas.&nbsp;<\/p>\n","protected":false},"excerpt":{"rendered":"<p>Altas temperaturas en la zona de los Valles e inestabilidad en la Quebrada de Humahuaca. En esta nota los pron\u00f3sticos para este fin de semana en Jujuy. El primer&nbsp;s\u00e1bado&nbsp;del 2023 trae inestabilidad en algunas zonas de&nbsp;Jujuy&nbsp;y en otras altas temperaturas que prometen llegar hasta los 30 grados de m\u00e1xima. En esta nota el detalle de [&hellip;]<\/p>\n","protected":false},"author":3,"featured_media":341,"comment_status":"open","ping_status":"open","sticky":false,"template":"","format":"standard","meta":{"_themeisle_gutenberg_block_has_review":false,"footnotes":""},"categories":[8],"tags":[43,44],"class_list":["post-339","post","type-post","status-publish","format-standard","has-post-thumbnail","hentry","category-fin-de-semana","tag-findesemana","tag-tiempo"],"_links":{"self":[{"href":"https:\/\/horapicodigital.com.ar\/index.php\/wp-json\/wp\/v2\/posts\/339","targetHints":{"allow":["GET"]}}],"collection":[{"href":"https:\/\/horapicodigital.com.ar\/index.php\/wp-json\/wp\/v2\/posts"}],"about":[{"href":"https:\/\/horapicodigital.com.ar\/index.php\/wp-json\/wp\/v2\/types\/post"}],"author":[{"embeddable":true,"href":"https:\/\/horapicodigital.com.ar\/index.php\/wp-json\/wp\/v2\/users\/3"}],"replies":[{"embeddable":true,"href":"https:\/\/horapicodigital.com.ar\/index.php\/wp-json\/wp\/v2\/comments?post=339"}],"version-history":[{"count":2,"href":"https:\/\/horapicodigital.com.ar\/index.php\/wp-json\/wp\/v2\/posts\/339\/revisions"}],"predecessor-version":[{"id":343,"href":"https:\/\/horapicodigital.com.ar\/index.php\/wp-json\/wp\/v2\/posts\/339\/revisions\/343"}],"wp:featuredmedia":[{"embeddable":true,"href":"https:\/\/horapicodigital.com.ar\/index.php\/wp-json\/wp\/v2\/media\/341"}],"wp:attachment":[{"href":"https:\/\/horapicodigital.com.ar\/index.php\/wp-json\/wp\/v2\/media?parent=339"}],"wp:term":[{"taxonomy":"category","embeddable":true,"href":"https:\/\/horapicodigital.com.ar\/index.php\/wp-json\/wp\/v2\/categories?post=339"},{"taxonomy":"post_tag","embeddable":true,"href":"https:\/\/horapicodigital.com.ar\/index.php\/wp-json\/wp\/v2\/tags?post=339"}],"curies":[{"name":"wp","href":"https:\/\/api.w.org\/{rel}","templated":true}]}}