{"id":3365,"date":"2023-07-27T00:14:05","date_gmt":"2023-07-27T03:14:05","guid":{"rendered":"https:\/\/horapicodigital.com.ar\/?p=3365"},"modified":"2023-07-27T00:14:06","modified_gmt":"2023-07-27T03:14:06","slug":"evangelicos-apoyan-construction-colectiva-en-jujuy","status":"publish","type":"post","link":"https:\/\/horapicodigital.com.ar\/index.php\/2023\/07\/27\/evangelicos-apoyan-construction-colectiva-en-jujuy\/","title":{"rendered":"EVANGELICOS APOYAN CONSTRUCTION COLECTIVA EN JUJUY"},"content":{"rendered":"\n<p>Iglesias evang\u00e9licas de Jujuy ratificaron su \u201crespaldo irrestricto\u201d al proyecto pol\u00edtico que conduce Gerardo Morales en Jujuy y que se proyecta a todo el pa\u00eds, al tiempo que abog\u00f3 por \u201cla paz y la unidad\u201d, desde el convencimiento de que \u201ceste es el camino para sacar adelante la Rep\u00fablica Argentina\u201d.<br>\u201cRenovamos nuestro apoyo, trabajando y acompa\u00f1ando la gesti\u00f3n del gobernador Morales\u201d, afirmaron a trav\u00e9s de un comunicado, en el cual enfatizaron que el mandatario juje\u00f1o y precandidato a vicepresidente \u201cseguir\u00e1 construyendo grandes cambios positivos para los juje\u00f1os y todos los argentinos, dentro de un proceso que se afianzar\u00e1 de la mano del electo Carlos Sadir\u201d.<br>En este contexto, Daniel Guti\u00e9rrez, presidente de M\u00e1s Valores Jujuy, espacio pol\u00edtico dirigido a nivel nacional por Cynthia Hotton, se pronunci\u00f3 a favor de la Constituci\u00f3n Provincial, se\u00f1alando que su modernizaci\u00f3n representa un \u201checho trascendente en la historia de Jujuy\u201d. \u201cLa nueva Carta Magna tiene aspectos muy positivos, entre ellos busca el fortalecimiento de las instituciones\u201d, sostuvo y apunt\u00f3 que \u201cse abri\u00f3 una gran oportunidad para establecer avances en t\u00e9rminos de educaci\u00f3n, salud, econom\u00eda, paz social, justicia y libertad\u201d.<br>Asimismo, estim\u00f3 que \u201csi somos capaces de unirnos por el bien com\u00fan de todos los Juje\u00f1os, a\u00fan con nuestras diferencias, profundizaremos la concreci\u00f3n de una provincia viable, exitosa y con perspectiva de crecimiento\u201d.<br>Por otra parte, resalt\u00f3 que M\u00e1s Valores \u201crepudia la violencia, el intento de golpe institucional y el uso de reclamos leg\u00edtimos para perseguir intereses oscuros\u201d. En este sentido, exterioriz\u00f3 su rechazo a \u201clos cortes de ruta que est\u00e1n afectando las econom\u00edas locales, vulneran los derechos de los ciudadanos que quieren circular libremente e impiden la libertad de trabajar\u201d.<br>\u201cRogamos a Dios nos ilumine para encontrar soluciones consensuadas que impliquen verdad, integridad y justicia social, comprendiendo que cada gobierno busca la manera responsable de afrontar desaf\u00edos, con el fin de alejarnos lo m\u00e1s posible de ser una provincia inviable y a la vez posicionar Jujuy como potencia que produce y est\u00e1 en condiciones de ayudar a otras\u201d, complet\u00f3.<\/p>\n","protected":false},"excerpt":{"rendered":"<p>Iglesias evang\u00e9licas de Jujuy ratificaron su \u201crespaldo irrestricto\u201d al proyecto pol\u00edtico que conduce Gerardo Morales en Jujuy y que se proyecta a todo el pa\u00eds, al tiempo que abog\u00f3 por \u201cla paz y la unidad\u201d, desde el convencimiento de que \u201ceste es el camino para sacar adelante la Rep\u00fablica Argentina\u201d.\u201cRenovamos nuestro apoyo, trabajando y acompa\u00f1ando [&hellip;]<\/p>\n","protected":false},"author":6,"featured_media":3366,"comment_status":"open","ping_status":"open","sticky":false,"template":"","format":"standard","meta":{"_themeisle_gutenberg_block_has_review":false,"footnotes":""},"categories":[32,4],"tags":[721,58],"class_list":["post-3365","post","type-post","status-publish","format-standard","has-post-thumbnail","hentry","category-locales","category-noticias","tag-evangelicos","tag-jujuy"],"_links":{"self":[{"href":"https:\/\/horapicodigital.com.ar\/index.php\/wp-json\/wp\/v2\/posts\/3365","targetHints":{"allow":["GET"]}}],"collection":[{"href":"https:\/\/horapicodigital.com.ar\/index.php\/wp-json\/wp\/v2\/posts"}],"about":[{"href":"https:\/\/horapicodigital.com.ar\/index.php\/wp-json\/wp\/v2\/types\/post"}],"author":[{"embeddable":true,"href":"https:\/\/horapicodigital.com.ar\/index.php\/wp-json\/wp\/v2\/users\/6"}],"replies":[{"embeddable":true,"href":"https:\/\/horapicodigital.com.ar\/index.php\/wp-json\/wp\/v2\/comments?post=3365"}],"version-history":[{"count":1,"href":"https:\/\/horapicodigital.com.ar\/index.php\/wp-json\/wp\/v2\/posts\/3365\/revisions"}],"predecessor-version":[{"id":3367,"href":"https:\/\/horapicodigital.com.ar\/index.php\/wp-json\/wp\/v2\/posts\/3365\/revisions\/3367"}],"wp:featuredmedia":[{"embeddable":true,"href":"https:\/\/horapicodigital.com.ar\/index.php\/wp-json\/wp\/v2\/media\/3366"}],"wp:attachment":[{"href":"https:\/\/horapicodigital.com.ar\/index.php\/wp-json\/wp\/v2\/media?parent=3365"}],"wp:term":[{"taxonomy":"category","embeddable":true,"href":"https:\/\/horapicodigital.com.ar\/index.php\/wp-json\/wp\/v2\/categories?post=3365"},{"taxonomy":"post_tag","embeddable":true,"href":"https:\/\/horapicodigital.com.ar\/index.php\/wp-json\/wp\/v2\/tags?post=3365"}],"curies":[{"name":"wp","href":"https:\/\/api.w.org\/{rel}","templated":true}]}}