{"id":2902,"date":"2023-06-26T23:54:19","date_gmt":"2023-06-27T02:54:19","guid":{"rendered":"https:\/\/horapicodigital.com.ar\/?p=2902"},"modified":"2023-06-26T23:54:20","modified_gmt":"2023-06-27T02:54:20","slug":"14-anos-de-prision-por-el-homicidio-de-su-hija-recien-nacida","status":"publish","type":"post","link":"https:\/\/horapicodigital.com.ar\/index.php\/2023\/06\/26\/14-anos-de-prision-por-el-homicidio-de-su-hija-recien-nacida\/","title":{"rendered":"14 A\u00d1OS DE PRISI\u00d3N POR EL HOMICIDIO DE SU HIJA RECI\u00c9N NACIDA"},"content":{"rendered":"\n<p>Tribunal en lo Criminal N\u00ba 3 conden\u00f3 a Noelia De Los \u00c1ngeles Cuyupari a 14 a\u00f1os de prisi\u00f3n por ser autora penalmente responsable del delito de \u201cHomicidio agravado por el v\u00ednculo mediando circunstancias extraordinarias de atenuaci\u00f3n\u201d; hecho ocurrido en la localidad de Yuto y que tuvo como v\u00edctima a su hija, una reci\u00e9n nacida.<\/p>\n\n\n\n<p>El veredicto fue emitido hoy, 26 de junio de 2023, por el juez Mario Ram\u00f3n Puig, presidente de tr\u00e1mite, y las juezas Mar\u00eda Margarita Nallar y Ana Carolina P\u00e9rez Rojas; secretar\u00eda a cargo Ricardo Rodolfo Almaraz.<\/p>\n\n\n\n<p>Los magistrados adem\u00e1s resolvieron mantener la modalidad de prisi\u00f3n domiciliaria de Cuyupari, conforme a lo establecido en el art\u00edculo 10 del C\u00f3digo Penal y art\u00edculo 32 inciso f de la Ley 24.660, al ser madre de un ni\u00f1o menor de cinco 5 a\u00f1os de edad a su cargo.<\/p>\n\n\n\n<p>Los hechos<\/p>\n\n\n\n<p>De acuerdo con la acusaci\u00f3n de la Fiscal\u00eda, el hecho ocurri\u00f3 el 7 de noviembre de 2021, a horas 12 aproximadamente, cuando la mujer \u2013que presentaba al momento del hecho un embarazo de entre 37 y 38 semanas de gestaci\u00f3n- se encontraba en su domicilio ubicado en la localidad de Yuto.<\/p>\n\n\n\n<p>En esos momentos, Noelia Cuyupari ingres\u00f3 al sanitario de la vivienda, donde comenz\u00f3 las tareas de parto y momentos despu\u00e9s dio a luz a un beb\u00e9 de sexo femenino con vida. Seguidamente, tom\u00f3 unas tijeras con las que atac\u00f3 a la ni\u00f1a.<\/p>\n\n\n\n<p>A causa de las lesiones, la reci\u00e9n nacida falleci\u00f3 en el lugar debido a shock hipovol\u00e9mico por heridas punzo cortantes.<br>Luego, la acusada coloc\u00f3 el cuerpo sin vida de la ni\u00f1a en una bolsa de residuos y la sostuvo en sus brazos hasta que llegaron sus progenitores, quienes lograron ingresar al sanitario y la llevaron hasta la habitaci\u00f3n donde llamaron al SAME, el que auxili\u00f3 a la imputada y constat\u00f3 que la menor se encontraba sin vida<\/p>\n\n\n\n<p>Alegatos<\/p>\n\n\n\n<p>Los fiscales ante el Tribunal Dres. Alejandro Bossati y L\u00edan Res\u00faa, solicitaron la pena de prisi\u00f3n perpetua para la acusada.<\/p>\n\n\n\n<p>Por su parte, la defensa t\u00e9cnica de la enjuiciada, ejercida por los Defensores P\u00fablicos Penales, del Ministerio P\u00fablico de la Defensa Penal, Dres. Alejandro M\u00e1ximo Gloss y Juan Pablo Canetti, requiri\u00f3 la absoluci\u00f3n por inimputabilidad de la misma, y en subsidio por circunstancias extraordinarias de atenuaci\u00f3n la pena m\u00ednima.<\/p>\n\n\n\n<p>Los fundamentos de la sentencia se dar\u00e1n a conocer en el plazo establecido por el C\u00f3digo Procesal Penal de la provincia, a partir de lo cual las partes podr\u00e1n recurrir ante una instancia superior al Tribunal de juicio.<\/p>\n","protected":false},"excerpt":{"rendered":"<p>Tribunal en lo Criminal N\u00ba 3 conden\u00f3 a Noelia De Los \u00c1ngeles Cuyupari a 14 a\u00f1os de prisi\u00f3n por ser autora penalmente responsable del delito de \u201cHomicidio agravado por el v\u00ednculo mediando circunstancias extraordinarias de atenuaci\u00f3n\u201d; hecho ocurrido en la localidad de Yuto y que tuvo como v\u00edctima a su hija, una reci\u00e9n nacida. El [&hellip;]<\/p>\n","protected":false},"author":6,"featured_media":2903,"comment_status":"open","ping_status":"open","sticky":false,"template":"","format":"standard","meta":{"_themeisle_gutenberg_block_has_review":false,"footnotes":""},"categories":[32,34],"tags":[58,114,472],"class_list":["post-2902","post","type-post","status-publish","format-standard","has-post-thumbnail","hentry","category-locales","category-policiales","tag-jujuy","tag-policiales","tag-prision"],"_links":{"self":[{"href":"https:\/\/horapicodigital.com.ar\/index.php\/wp-json\/wp\/v2\/posts\/2902","targetHints":{"allow":["GET"]}}],"collection":[{"href":"https:\/\/horapicodigital.com.ar\/index.php\/wp-json\/wp\/v2\/posts"}],"about":[{"href":"https:\/\/horapicodigital.com.ar\/index.php\/wp-json\/wp\/v2\/types\/post"}],"author":[{"embeddable":true,"href":"https:\/\/horapicodigital.com.ar\/index.php\/wp-json\/wp\/v2\/users\/6"}],"replies":[{"embeddable":true,"href":"https:\/\/horapicodigital.com.ar\/index.php\/wp-json\/wp\/v2\/comments?post=2902"}],"version-history":[{"count":1,"href":"https:\/\/horapicodigital.com.ar\/index.php\/wp-json\/wp\/v2\/posts\/2902\/revisions"}],"predecessor-version":[{"id":2904,"href":"https:\/\/horapicodigital.com.ar\/index.php\/wp-json\/wp\/v2\/posts\/2902\/revisions\/2904"}],"wp:featuredmedia":[{"embeddable":true,"href":"https:\/\/horapicodigital.com.ar\/index.php\/wp-json\/wp\/v2\/media\/2903"}],"wp:attachment":[{"href":"https:\/\/horapicodigital.com.ar\/index.php\/wp-json\/wp\/v2\/media?parent=2902"}],"wp:term":[{"taxonomy":"category","embeddable":true,"href":"https:\/\/horapicodigital.com.ar\/index.php\/wp-json\/wp\/v2\/categories?post=2902"},{"taxonomy":"post_tag","embeddable":true,"href":"https:\/\/horapicodigital.com.ar\/index.php\/wp-json\/wp\/v2\/tags?post=2902"}],"curies":[{"name":"wp","href":"https:\/\/api.w.org\/{rel}","templated":true}]}}